{"id":55785,"date":"2024-12-05T09:18:46","date_gmt":"2024-12-05T13:48:46","guid":{"rendered":"https:\/\/www.elmundodelosnegocios.com.do\/v1\/?p=55785"},"modified":"2024-12-05T09:18:46","modified_gmt":"2024-12-05T13:48:46","slug":"pork-and-beer-celebra-la-navidad-con-nuevo-menu-y-festejos-por-su-quinto-aniversario","status":"publish","type":"post","link":"https:\/\/elmundodelosnegocios.com.do\/v1\/pork-and-beer-celebra-la-navidad-con-nuevo-menu-y-festejos-por-su-quinto-aniversario\/","title":{"rendered":"Pork and Beer celebra la Navidad con nuevo men\u00fa y festejos por su quinto aniversario"},"content":{"rendered":"<p><em>La magia navide\u00f1a lleg\u00f3 a\u00a0<strong>Pork and Beer<\/strong>, que celebr\u00f3 el lanzamiento de su nuevo\u00a0<strong>men\u00fa navide\u00f1o<\/strong>\u00a0en la sucursal de El Dorado, Santiago.<\/em><\/p>\n<p>Con esta presentaci\u00f3n, la empresa tambi\u00e9n dio inicio a las celebraciones de su\u00a0<strong>quinto aniversario<\/strong>, marcando un hito desde su fundaci\u00f3n en diciembre de 2019.<\/p>\n<p><img loading=\"lazy\" decoding=\"async\" class=\"aligncenter size-full\" src=\"https:\/\/diariosocialrd.com\/wp-content\/uploads\/2024\/12\/IMG_4077.jpeg\" width=\"2560\" height=\"1706\" \/><\/p>\n<h3 class=\"wp-block-heading\"><strong>El cerdo asado: protagonista de la temporada<\/strong><\/h3>\n<p>El nuevo men\u00fa, dise\u00f1ado especialmente para las fiestas, tiene como estrella al cerdo asado, acompa\u00f1ado de guarniciones que complementan la experiencia de una tradicional cena o almuerzo navide\u00f1o.\u00a0<strong>Elvira Garrido<\/strong>, fundadora de Pork and Beer, destac\u00f3 la importancia de este momento:<br \/>\n<em>\u00abEstamos emocionados de lanzar este men\u00fa especial, pensado para momentos \u00fanicos y memorables en familia o con amigos. Agradecemos profundamente a nuestros clientes y colaboradores, quienes han sido pilares fundamentales en nuestro crecimiento.\u00bb<\/em><\/p>\n<h3 class=\"wp-block-heading\"><strong>Nuevos espacios para celebraciones navide\u00f1as<\/strong><\/h3>\n<figure class=\"wp-block-image size-large\"><a href=\"https:\/\/diariosocialrd.com\/wp-content\/uploads\/2024\/12\/IMG_4078.jpeg\" data-rel=\"penci-gallery-image-content\"><img loading=\"lazy\" decoding=\"async\" class=\"wp-image-217624 aligncenter\" src=\"https:\/\/diariosocialrd.com\/wp-content\/uploads\/2024\/12\/IMG_4078-1024x682.jpeg\" sizes=\"auto, (max-width: 1024px) 100vw, 1024px\" srcset=\"https:\/\/diariosocialrd.com\/wp-content\/uploads\/2024\/12\/IMG_4078-1024x682.jpeg 1024w, https:\/\/diariosocialrd.com\/wp-content\/uploads\/2024\/12\/IMG_4078-300x200.jpeg 300w, https:\/\/diariosocialrd.com\/wp-content\/uploads\/2024\/12\/IMG_4078-768x512.jpeg 768w, https:\/\/diariosocialrd.com\/wp-content\/uploads\/2024\/12\/IMG_4078-1536x1024.jpeg 1536w, https:\/\/diariosocialrd.com\/wp-content\/uploads\/2024\/12\/IMG_4078-2048x1365.jpeg 2048w, https:\/\/diariosocialrd.com\/wp-content\/uploads\/2024\/12\/IMG_4078-1920x1280.jpeg 1920w, https:\/\/diariosocialrd.com\/wp-content\/uploads\/2024\/12\/IMG_4078-1170x780.jpeg 1170w, https:\/\/diariosocialrd.com\/wp-content\/uploads\/2024\/12\/IMG_4078-585x390.jpeg 585w, https:\/\/diariosocialrd.com\/wp-content\/uploads\/2024\/12\/IMG_4078-263x175.jpeg 263w\" alt=\"\" width=\"1024\" height=\"682\" \/><\/a><\/figure>\n<p>Durante el evento, tambi\u00e9n se promovieron las \u00e1reas del restaurante dise\u00f1adas para\u00a0<strong>celebraciones corporativas, intercambios de regalos, reuniones navide\u00f1as<\/strong>\u00a0y otras actividades sociales. La gran novedad fue la inauguraci\u00f3n de un\u00a0<strong>sal\u00f3n privado para eventos<\/strong>\u00a0en la sucursal de\u00a0<strong>Rinc\u00f3n Largo<\/strong>, ofreciendo un ambiente exclusivo para fiestas y encuentros.<\/p>\n<h3 class=\"wp-block-heading\"><strong>La experiencia del mofongo en vivo<\/strong><\/h3>\n<p>El toque interactivo lo aport\u00f3\u00a0<strong>Rander Mart\u00ednez<\/strong>, gerente de la sucursal, quien mostr\u00f3 el\u00a0<strong>proceso artesanal de preparaci\u00f3n del mofongo<\/strong>\u00a0en vivo, detallando cada paso de esta especialidad que caracteriza el men\u00fa de Pork and Beer.<\/p>\n<p>Con esta oferta renovada, Pork and Beer reafirma su compromiso de ofrecer experiencias gastron\u00f3micas \u00fanicas y memorables, ideales para celebrar el esp\u00edritu de la temporada.<\/p>\n","protected":false},"excerpt":{"rendered":"<p>La magia navide\u00f1a lleg\u00f3 a\u00a0Pork and Beer, que celebr\u00f3 el lanzamiento de su nuevo\u00a0men\u00fa navide\u00f1o\u00a0en la sucursal de El Dorado, Santiago. Con esta presentaci\u00f3n, la empresa tambi\u00e9n dio inicio a&hellip; <\/p>\n","protected":false},"author":2,"featured_media":55786,"comment_status":"closed","ping_status":"closed","sticky":false,"template":"","format":"standard","meta":{"fifu_image_url":"https:\/\/diariosocialrd.com\/wp-content\/uploads\/2024\/12\/IMG_4077.jpeg","fifu_image_alt":"","footnotes":""},"categories":[157],"tags":[],"class_list":["post-55785","post","type-post","status-publish","format-standard","has-post-thumbnail","hentry","category-marketing"],"_links":{"self":[{"href":"https:\/\/elmundodelosnegocios.com.do\/v1\/wp-json\/wp\/v2\/posts\/55785","targetHints":{"allow":["GET"]}}],"collection":[{"href":"https:\/\/elmundodelosnegocios.com.do\/v1\/wp-json\/wp\/v2\/posts"}],"about":[{"href":"https:\/\/elmundodelosnegocios.com.do\/v1\/wp-json\/wp\/v2\/types\/post"}],"author":[{"embeddable":true,"href":"https:\/\/elmundodelosnegocios.com.do\/v1\/wp-json\/wp\/v2\/users\/2"}],"replies":[{"embeddable":true,"href":"https:\/\/elmundodelosnegocios.com.do\/v1\/wp-json\/wp\/v2\/comments?post=55785"}],"version-history":[{"count":1,"href":"https:\/\/elmundodelosnegocios.com.do\/v1\/wp-json\/wp\/v2\/posts\/55785\/revisions"}],"predecessor-version":[{"id":55787,"href":"https:\/\/elmundodelosnegocios.com.do\/v1\/wp-json\/wp\/v2\/posts\/55785\/revisions\/55787"}],"wp:featuredmedia":[{"embeddable":true,"href":"https:\/\/elmundodelosnegocios.com.do\/v1\/wp-json\/wp\/v2\/media\/55786"}],"wp:attachment":[{"href":"https:\/\/elmundodelosnegocios.com.do\/v1\/wp-json\/wp\/v2\/media?parent=55785"}],"wp:term":[{"taxonomy":"category","embeddable":true,"href":"https:\/\/elmundodelosnegocios.com.do\/v1\/wp-json\/wp\/v2\/categories?post=55785"},{"taxonomy":"post_tag","embeddable":true,"href":"https:\/\/elmundodelosnegocios.com.do\/v1\/wp-json\/wp\/v2\/tags?post=55785"}],"curies":[{"name":"wp","href":"https:\/\/api.w.org\/{rel}","templated":true}]}}