{"id":55791,"date":"2024-12-05T09:22:59","date_gmt":"2024-12-05T13:52:59","guid":{"rendered":"https:\/\/www.elmundodelosnegocios.com.do\/v1\/?p=55791"},"modified":"2024-12-05T09:22:59","modified_gmt":"2024-12-05T13:52:59","slug":"salutte-clinic-celebra-su-tercera-cena-cientifica-promoviendo-innovacion-y-educacion-medica","status":"publish","type":"post","link":"https:\/\/elmundodelosnegocios.com.do\/v1\/salutte-clinic-celebra-su-tercera-cena-cientifica-promoviendo-innovacion-y-educacion-medica\/","title":{"rendered":"Salutte Clinic celebra su tercera cena cient\u00edfica promoviendo innovaci\u00f3n y educaci\u00f3n m\u00e9dica"},"content":{"rendered":"<p><em>En un ambiente que combin\u00f3 aprendizaje y camarader\u00eda,\u00a0<strong>Salutte Clinic<\/strong>\u00a0organiz\u00f3 la tercera edici\u00f3n de su\u00a0<strong>Cena Cient\u00edfica<\/strong>, reafirmando su compromiso con la innovaci\u00f3n y los avances en medicina ejecutiva. El encuentro tuvo lugar en el restaurante Saga de Santiago, donde se congregaron destacados profesionales de la salud.<\/em><\/p>\n<p><img loading=\"lazy\" decoding=\"async\" class=\"aligncenter size-full\" src=\"https:\/\/diariosocialrd.com\/wp-content\/uploads\/2024\/12\/IMG_4079-scaled.jpeg\" width=\"2560\" height=\"1703\" \/><\/p>\n<h3 class=\"wp-block-heading\"><strong>Ponencias destacadas<\/strong><\/h3>\n<p>La velada cont\u00f3 con exposiciones de alto nivel acad\u00e9mico:<\/p>\n<ul>\n<li><strong>Dra. Geovanna Pe\u00f1a Gonell<\/strong>, quien present\u00f3 el tema\u00a0<em>\u00abIndicaci\u00f3n del fibroscan en enfermedad metab\u00f3lica\u00bb<\/em>, subrayando el papel de esta herramienta en el diagn\u00f3stico y manejo de patolog\u00edas metab\u00f3licas.<\/li>\n<li><strong>Lic. Erika Garc\u00eda<\/strong>, psic\u00f3loga cl\u00ednica, abord\u00f3 un tema crucial para la comunidad m\u00e9dica:\u00a0<em>\u00abDepresi\u00f3n y disminuci\u00f3n del bienestar entre los m\u00e9dicos\u00bb<\/em>, enfoc\u00e1ndose en el fen\u00f3meno del\u00a0<em>burnout<\/em>.<\/li>\n<li><strong>Dra. Katherine Est\u00e9vez<\/strong>\u00a0ofreci\u00f3 una visi\u00f3n integral sobre\u00a0<em>\u00abEl rejuvenecimiento facial: de lo conservador a lo quir\u00fargico\u00bb<\/em>, resaltando avances en procedimientos est\u00e9ticos.<\/li>\n<\/ul>\n<h3 class=\"wp-block-heading\"><strong>Compromiso con la ciencia y la comunidad m\u00e9dica<\/strong><\/h3>\n<figure class=\"wp-block-image size-large\"><a href=\"https:\/\/diariosocialrd.com\/wp-content\/uploads\/2024\/12\/IMG_4080-scaled.jpeg\" data-rel=\"penci-gallery-image-content\"><img loading=\"lazy\" decoding=\"async\" class=\"wp-image-217630 aligncenter\" src=\"https:\/\/diariosocialrd.com\/wp-content\/uploads\/2024\/12\/IMG_4080-1024x681.jpeg\" sizes=\"auto, (max-width: 1024px) 100vw, 1024px\" srcset=\"https:\/\/diariosocialrd.com\/wp-content\/uploads\/2024\/12\/IMG_4080-1024x681.jpeg 1024w, https:\/\/diariosocialrd.com\/wp-content\/uploads\/2024\/12\/IMG_4080-300x200.jpeg 300w, https:\/\/diariosocialrd.com\/wp-content\/uploads\/2024\/12\/IMG_4080-768x511.jpeg 768w, https:\/\/diariosocialrd.com\/wp-content\/uploads\/2024\/12\/IMG_4080-1536x1022.jpeg 1536w, https:\/\/diariosocialrd.com\/wp-content\/uploads\/2024\/12\/IMG_4080-2048x1363.jpeg 2048w, https:\/\/diariosocialrd.com\/wp-content\/uploads\/2024\/12\/IMG_4080-1920x1278.jpeg 1920w, https:\/\/diariosocialrd.com\/wp-content\/uploads\/2024\/12\/IMG_4080-1170x779.jpeg 1170w, https:\/\/diariosocialrd.com\/wp-content\/uploads\/2024\/12\/IMG_4080-585x389.jpeg 585w, https:\/\/diariosocialrd.com\/wp-content\/uploads\/2024\/12\/IMG_4080-263x175.jpeg 263w\" alt=\"\" width=\"1024\" height=\"681\" \/><\/a><\/figure>\n<p>En su discurso de clausura, la\u00a0<strong>Dra. Acosta Then<\/strong>, CEO de Salutte Clinic, destac\u00f3 la importancia de encuentros como este para el progreso de la medicina.\u00a0<em>\u00abEstos eventos no solo impulsan el intercambio de conocimiento y las investigaciones, sino que tambi\u00e9n fortalecen los v\u00ednculos dentro de la comunidad cient\u00edfica\u00bb,<\/em>\u00a0expres\u00f3.<\/p>\n<h3 class=\"wp-block-heading\"><strong>Salutte Clinic: referencia en medicina ejecutiva<\/strong><\/h3>\n<p>Con sedes en Santo Domingo y Santiago,\u00a0<strong>Salutte Clinic<\/strong>\u00a0se posiciona como una cl\u00ednica ejecutiva premium en el pa\u00eds, ofreciendo tratamientos de vanguardia y atenci\u00f3n personalizada. Reconocida por su equipo de profesionales altamente capacitados, su enfoque combina tecnolog\u00eda de \u00faltima generaci\u00f3n con un cuidado integral para cada paciente.<\/p>\n<p>La\u00a0<strong>Cena Cient\u00edfica<\/strong>\u00a0de Salutte Clinic no solo reafirma su liderazgo en el \u00e1mbito m\u00e9dico, sino tambi\u00e9n su compromiso con la excelencia y la educaci\u00f3n continua.<\/p>\n","protected":false},"excerpt":{"rendered":"<p>En un ambiente que combin\u00f3 aprendizaje y camarader\u00eda,\u00a0Salutte Clinic\u00a0organiz\u00f3 la tercera edici\u00f3n de su\u00a0Cena Cient\u00edfica, reafirmando su compromiso con la innovaci\u00f3n y los avances en medicina ejecutiva. El encuentro tuvo&hellip; <\/p>\n","protected":false},"author":2,"featured_media":55792,"comment_status":"closed","ping_status":"closed","sticky":false,"template":"","format":"standard","meta":{"fifu_image_url":"https:\/\/diariosocialrd.com\/wp-content\/uploads\/2024\/12\/IMG_4079-scaled.jpeg","fifu_image_alt":"","footnotes":""},"categories":[80],"tags":[],"class_list":["post-55791","post","type-post","status-publish","format-standard","has-post-thumbnail","hentry","category-salud"],"_links":{"self":[{"href":"https:\/\/elmundodelosnegocios.com.do\/v1\/wp-json\/wp\/v2\/posts\/55791","targetHints":{"allow":["GET"]}}],"collection":[{"href":"https:\/\/elmundodelosnegocios.com.do\/v1\/wp-json\/wp\/v2\/posts"}],"about":[{"href":"https:\/\/elmundodelosnegocios.com.do\/v1\/wp-json\/wp\/v2\/types\/post"}],"author":[{"embeddable":true,"href":"https:\/\/elmundodelosnegocios.com.do\/v1\/wp-json\/wp\/v2\/users\/2"}],"replies":[{"embeddable":true,"href":"https:\/\/elmundodelosnegocios.com.do\/v1\/wp-json\/wp\/v2\/comments?post=55791"}],"version-history":[{"count":1,"href":"https:\/\/elmundodelosnegocios.com.do\/v1\/wp-json\/wp\/v2\/posts\/55791\/revisions"}],"predecessor-version":[{"id":55793,"href":"https:\/\/elmundodelosnegocios.com.do\/v1\/wp-json\/wp\/v2\/posts\/55791\/revisions\/55793"}],"wp:featuredmedia":[{"embeddable":true,"href":"https:\/\/elmundodelosnegocios.com.do\/v1\/wp-json\/wp\/v2\/media\/55792"}],"wp:attachment":[{"href":"https:\/\/elmundodelosnegocios.com.do\/v1\/wp-json\/wp\/v2\/media?parent=55791"}],"wp:term":[{"taxonomy":"category","embeddable":true,"href":"https:\/\/elmundodelosnegocios.com.do\/v1\/wp-json\/wp\/v2\/categories?post=55791"},{"taxonomy":"post_tag","embeddable":true,"href":"https:\/\/elmundodelosnegocios.com.do\/v1\/wp-json\/wp\/v2\/tags?post=55791"}],"curies":[{"name":"wp","href":"https:\/\/api.w.org\/{rel}","templated":true}]}}