{"id":55794,"date":"2024-12-05T09:27:41","date_gmt":"2024-12-05T13:57:41","guid":{"rendered":"https:\/\/www.elmundodelosnegocios.com.do\/v1\/?p=55794"},"modified":"2024-12-05T09:27:41","modified_gmt":"2024-12-05T13:57:41","slug":"banco-de-reservas-agradece-a-sus-clientes-y-destaca-la-cercania-como-clave-de-su-exito","status":"publish","type":"post","link":"https:\/\/elmundodelosnegocios.com.do\/v1\/banco-de-reservas-agradece-a-sus-clientes-y-destaca-la-cercania-como-clave-de-su-exito\/","title":{"rendered":"Banco de Reservas agradece a sus clientes y destaca la cercan\u00eda como clave de su \u00e9xito"},"content":{"rendered":"<p><em>En un gesto de gratitud y enmarcado en el esp\u00edritu navide\u00f1o, el\u00a0<strong>Banco de Reservas<\/strong>\u00a0celebr\u00f3 un c\u00f3ctel especial para sus clientes, resaltando la cercan\u00eda como el principal motor de su \u00e9xito. La actividad tuvo lugar en un restaurante de la ciudad decorado con motivos navide\u00f1os y amenizado con villancicos, creando un ambiente c\u00e1lido y festivo.<\/em><\/p>\n<p><img loading=\"lazy\" decoding=\"async\" class=\"aligncenter size-full\" src=\"https:\/\/diariosocialrd.com\/wp-content\/uploads\/2024\/12\/IMG_4054.jpeg\" width=\"2500\" height=\"1665\" \/><\/p>\n<p>El Banco de Reservas, el banco de todos los dominicanos, realiz\u00f3 un c\u00f3ctel para sus clientes como muestra de gratitud en esta \u00e9poca del a\u00f1o, en el que resalt\u00f3 la raz\u00f3n de su \u00e9xito, la cercan\u00eda.<\/p>\n<p>La noche compartida en un restaurante de la ciudad tuvo un ambiente navide\u00f1o, con villancicos y decoraciones acordes a este tiempo. La actividad fue encabezada por el presidente ejecutivo de la entidad financiera, Samuel Pereyra, quien estuvo acompa\u00f1ado de su esposa y presidenta del Voluntariado Banreservas, Noelia Garc\u00eda, y dem\u00e1s altos ejecutivos de la instituci\u00f3n.<\/p>\n<p>El vicepresidente ejecutivo senior de Negocios, Ysidro Garc\u00eda, tuvo a su cargo las palabras centrales, quien agradeci\u00f3 el respaldo y resalt\u00f3 las acciones del Banco en procura de estar cerca de todos los conciudadanos para ayudarles a alcanzar sus metas.<\/p>\n<p>\u201cAl dirigirme a ustedes, quiero hacerlo con una mirada de gratitud absoluta, porque ustedes, y quienes laboramos en el banco, somo servidores del pueblo dominicano, nuestros clientes, y es con el apoyo que ustedes nos brindan que hacemos estos encuentros.\u00bb, expres\u00f3.<\/p>\n<p>Al momento de recordar tantas iniciativas para el bienestar del pa\u00eds mencion\u00f3 los grandes hitos de la instituci\u00f3n, as\u00ed como su labor solidaria a trav\u00e9s de los sectores m\u00e1s importantes.<\/p>\n<p>\u00abLo que ha caracterizado esta gesti\u00f3n es la cercan\u00eda y es con la cercan\u00eda que hemos logrado hitos hist\u00f3ricos. En junio de 2022 alcanzamos el trill\u00f3n de pesos en activos. Hace una semana, podemos decir que hemos logrado otra vez esa cifra hist\u00f3rica, pero esta vez en los dep\u00f3sitos.\u00bb, indic\u00f3.<\/p>\n<p><span data-uw-rm-sr=\"\">Agreg\u00f3 que, junto con el presidente ejecutivo, le llena de alegr\u00eda comunicar que la cartera de cr\u00e9dito, en estos cuatro a\u00f1os, llega a casi RD$600 mil millones, casi duplicando el monto de RD$320 mil millones que hab\u00eda alcanzado el banco en 79 a\u00f1os.<br role=\"presentation\" data-uw-rm-sr=\"\" \/><\/span><\/p>\n<p>\u201cLa capitalizaci\u00f3n del banco de todos ustedes se ha multiplicado por ocho veces lo que hemos encontrado. Adem\u00e1s, hemos duplicado la rentabilidad del banco que est\u00e1 m\u00e1s cerca de las personas\u00bb.<\/p>\n<p>Visto los logros econ\u00f3micos, Garc\u00eda destac\u00f3 que la mayor raz\u00f3n de \u00e9xito es la relaci\u00f3n cercana y sincera con sus clientes, inaugurando oficinas en todo el pa\u00eds, con el fin de hacer prosperar los sue\u00f1os de los dominicanos.<\/p>\n<p>Record\u00f3 que desde la pandemia el banco actu\u00f3 como gestor de la econom\u00eda apoyando sectores productivos. Entre estos mencion\u00f3 el respaldo al deporte, la cultura, la vivienda, los agricultores y al turismo, en el que hoy se pueden ver iniciados trabajos en importantes polos de desarrollo para el pa\u00eds: Miches, Puerto Palta y Pedernales.<\/p>\n<p>A la velada asistieron representantes del poder legislativo, funcionarios del Estado, acad\u00e9micos y empresarios.<\/p>\n","protected":false},"excerpt":{"rendered":"<p>En un gesto de gratitud y enmarcado en el esp\u00edritu navide\u00f1o, el\u00a0Banco de Reservas\u00a0celebr\u00f3 un c\u00f3ctel especial para sus clientes, resaltando la cercan\u00eda como el principal motor de su \u00e9xito.&hellip; <\/p>\n","protected":false},"author":2,"featured_media":55795,"comment_status":"closed","ping_status":"closed","sticky":false,"template":"","format":"standard","meta":{"fifu_image_url":"https:\/\/diariosocialrd.com\/wp-content\/uploads\/2024\/12\/IMG_4054.jpeg","fifu_image_alt":"","footnotes":""},"categories":[180],"tags":[],"class_list":["post-55794","post","type-post","status-publish","format-standard","has-post-thumbnail","hentry","category-banca"],"_links":{"self":[{"href":"https:\/\/elmundodelosnegocios.com.do\/v1\/wp-json\/wp\/v2\/posts\/55794","targetHints":{"allow":["GET"]}}],"collection":[{"href":"https:\/\/elmundodelosnegocios.com.do\/v1\/wp-json\/wp\/v2\/posts"}],"about":[{"href":"https:\/\/elmundodelosnegocios.com.do\/v1\/wp-json\/wp\/v2\/types\/post"}],"author":[{"embeddable":true,"href":"https:\/\/elmundodelosnegocios.com.do\/v1\/wp-json\/wp\/v2\/users\/2"}],"replies":[{"embeddable":true,"href":"https:\/\/elmundodelosnegocios.com.do\/v1\/wp-json\/wp\/v2\/comments?post=55794"}],"version-history":[{"count":1,"href":"https:\/\/elmundodelosnegocios.com.do\/v1\/wp-json\/wp\/v2\/posts\/55794\/revisions"}],"predecessor-version":[{"id":55796,"href":"https:\/\/elmundodelosnegocios.com.do\/v1\/wp-json\/wp\/v2\/posts\/55794\/revisions\/55796"}],"wp:featuredmedia":[{"embeddable":true,"href":"https:\/\/elmundodelosnegocios.com.do\/v1\/wp-json\/wp\/v2\/media\/55795"}],"wp:attachment":[{"href":"https:\/\/elmundodelosnegocios.com.do\/v1\/wp-json\/wp\/v2\/media?parent=55794"}],"wp:term":[{"taxonomy":"category","embeddable":true,"href":"https:\/\/elmundodelosnegocios.com.do\/v1\/wp-json\/wp\/v2\/categories?post=55794"},{"taxonomy":"post_tag","embeddable":true,"href":"https:\/\/elmundodelosnegocios.com.do\/v1\/wp-json\/wp\/v2\/tags?post=55794"}],"curies":[{"name":"wp","href":"https:\/\/api.w.org\/{rel}","templated":true}]}}