{"id":55797,"date":"2024-12-05T09:30:04","date_gmt":"2024-12-05T14:00:04","guid":{"rendered":"https:\/\/www.elmundodelosnegocios.com.do\/v1\/?p=55797"},"modified":"2024-12-05T09:30:04","modified_gmt":"2024-12-05T14:00:04","slug":"jac-conmemora-el-dia-internacional-de-la-aviacion-civil-destacando-su-impacto-en-el-desarrollo-nacional","status":"publish","type":"post","link":"https:\/\/elmundodelosnegocios.com.do\/v1\/jac-conmemora-el-dia-internacional-de-la-aviacion-civil-destacando-su-impacto-en-el-desarrollo-nacional\/","title":{"rendered":"JAC conmemora el D\u00eda Internacional de la Aviaci\u00f3n Civil destacando su impacto en el desarrollo nacional"},"content":{"rendered":"<p><em>En un evento cargado de datos prometedores y marcado por la visi\u00f3n de una aviaci\u00f3n civil global, innovadora y sostenible, la\u00a0<strong>Junta de Aviaci\u00f3n Civil (JAC)<\/strong>\u00a0celebr\u00f3 este lunes el\u00a0<strong>D\u00eda Internacional de la Aviaci\u00f3n Civil<\/strong>, efem\u00e9ride instaurada por la\u00a0<strong>Organizaci\u00f3n de la Aviaci\u00f3n Civil Internacional (OACI)<\/strong>.<\/em><\/p>\n<p><img loading=\"lazy\" decoding=\"async\" class=\"aligncenter size-full\" src=\"https:\/\/diariosocialrd.com\/wp-content\/uploads\/2024\/12\/IMG_4053.jpeg\" width=\"2560\" height=\"1706\" \/><\/p>\n<p>La actividad, encabezada por el presidente de la JAC,\u00a0<strong>H\u00e9ctor Porcella<\/strong>, reuni\u00f3 a representantes de instituciones aeron\u00e1uticas, el sector privado y miembros del pleno.<\/p>\n<h3 class=\"wp-block-heading\"><strong>Cifras r\u00e9cord en el tr\u00e1fico a\u00e9reo<\/strong><\/h3>\n<p>Porcella inform\u00f3 que, al cierre de 2024, los aeropuertos internacionales del pa\u00eds superar\u00e1n los\u00a0<strong>19 millones de pasajeros<\/strong>\u00a0en entradas y salidas, un crecimiento del 30 % en comparaci\u00f3n con 2019. Este aumento consolida el a\u00f1o 2024 como el mejor en la historia de la aviaci\u00f3n civil dominicana, con un incremento del 7 % respecto a 2023.<\/p>\n<p>\u201cRep\u00fablica Dominicana se posiciona como la primera potencia aeron\u00e1utica del Caribe y principal destino tur\u00edstico de la regi\u00f3n, gracias al liderazgo del presidente Luis Abinader y a la coordinaci\u00f3n eficaz entre las instituciones del sector\u201d, destac\u00f3 Porcella.<\/p>\n<h3 class=\"wp-block-heading\"><strong>Gesti\u00f3n eficiente y alianzas internacionales<\/strong><\/h3>\n<p>En el \u00e1mbito operativo, la JAC aprob\u00f3 m\u00e1s de\u00a0<strong>13,600 vuelos<\/strong>\u00a0en 2024, bajo las modalidades de ch\u00e1rter y permisos especiales. Adem\u00e1s, gestion\u00f3\u00a0<strong>62 instrumentos bilaterales<\/strong>\u00a0en aviaci\u00f3n comercial, que incluyen acuerdos con pa\u00edses como Suiza, Letonia, Singapur y Surinam.<\/p>\n<p>Porcella subray\u00f3 que, durante los primeros 100 d\u00edas de su gesti\u00f3n, la JAC particip\u00f3 en\u00a0<strong>24 reuniones de consultas y negociaciones internacionales<\/strong>, fortaleciendo la conectividad a\u00e9rea y consolidando acuerdos estrat\u00e9gicos que promueven el crecimiento sostenible del sector.<\/p>\n<h3 class=\"wp-block-heading\"><strong>Crecimiento del mercado y sostenibilidad<\/strong><\/h3>\n<p>Entre los logros destacados, el presidente de la JAC mencion\u00f3 el\u00a0<strong>incremento del 22 % en el tr\u00e1fico a\u00e9reo desde Am\u00e9rica del Sur<\/strong>, con mercados clave como Argentina, Brasil y Chile. Am\u00e9rica del Norte sigue siendo el m\u00e1s activo, con una proyecci\u00f3n de\u00a0<strong>11.4 millones de pasajeros<\/strong>\u00a0en 2024.<\/p>\n<p>En t\u00e9rminos generales, se espera cerrar el a\u00f1o con m\u00e1s de\u00a0<strong>139,000 operaciones a\u00e9reas<\/strong>, un crecimiento del 6 % frente a 2023. Este dinamismo se traduce en un aporte del 4 % al PIB nacional y la creaci\u00f3n de m\u00e1s de\u00a0<strong>39,000 empleos directos e indirectos<\/strong>.<\/p>\n<h3 class=\"wp-block-heading\"><strong>Compromiso con el desarrollo del sector<\/strong><\/h3>\n<p>Porcella enfatiz\u00f3 que estos logros son resultado del trabajo conjunto entre las instituciones p\u00fablicas y el sector privado. Adem\u00e1s, destac\u00f3 que el 44.5 % de los tr\u00e1mites realizados por la JAC en 2024 tuvieron un impacto directo en la aviaci\u00f3n civil nacional, reflejo de una administraci\u00f3n transparente y orientada al desarrollo sostenible.<\/p>\n<p>\u201cEstos avances no solo fortalecen el presente, sino que tambi\u00e9n sientan las bases para el futuro de la aviaci\u00f3n en Rep\u00fablica Dominicana\u201d, concluy\u00f3 Porcella, invitando a seguir trabajando para mantener el liderazgo del pa\u00eds en el Caribe y m\u00e1s all\u00e1.<\/p>\n","protected":false},"excerpt":{"rendered":"<p>En un evento cargado de datos prometedores y marcado por la visi\u00f3n de una aviaci\u00f3n civil global, innovadora y sostenible, la\u00a0Junta de Aviaci\u00f3n Civil (JAC)\u00a0celebr\u00f3 este lunes el\u00a0D\u00eda Internacional de&hellip; <\/p>\n","protected":false},"author":2,"featured_media":55798,"comment_status":"closed","ping_status":"closed","sticky":false,"template":"","format":"standard","meta":{"fifu_image_url":"https:\/\/diariosocialrd.com\/wp-content\/uploads\/2024\/12\/IMG_4053.jpeg","fifu_image_alt":"","footnotes":""},"categories":[168],"tags":[],"class_list":["post-55797","post","type-post","status-publish","format-standard","has-post-thumbnail","hentry","category-transporte-aereo"],"_links":{"self":[{"href":"https:\/\/elmundodelosnegocios.com.do\/v1\/wp-json\/wp\/v2\/posts\/55797","targetHints":{"allow":["GET"]}}],"collection":[{"href":"https:\/\/elmundodelosnegocios.com.do\/v1\/wp-json\/wp\/v2\/posts"}],"about":[{"href":"https:\/\/elmundodelosnegocios.com.do\/v1\/wp-json\/wp\/v2\/types\/post"}],"author":[{"embeddable":true,"href":"https:\/\/elmundodelosnegocios.com.do\/v1\/wp-json\/wp\/v2\/users\/2"}],"replies":[{"embeddable":true,"href":"https:\/\/elmundodelosnegocios.com.do\/v1\/wp-json\/wp\/v2\/comments?post=55797"}],"version-history":[{"count":1,"href":"https:\/\/elmundodelosnegocios.com.do\/v1\/wp-json\/wp\/v2\/posts\/55797\/revisions"}],"predecessor-version":[{"id":55799,"href":"https:\/\/elmundodelosnegocios.com.do\/v1\/wp-json\/wp\/v2\/posts\/55797\/revisions\/55799"}],"wp:featuredmedia":[{"embeddable":true,"href":"https:\/\/elmundodelosnegocios.com.do\/v1\/wp-json\/wp\/v2\/media\/55798"}],"wp:attachment":[{"href":"https:\/\/elmundodelosnegocios.com.do\/v1\/wp-json\/wp\/v2\/media?parent=55797"}],"wp:term":[{"taxonomy":"category","embeddable":true,"href":"https:\/\/elmundodelosnegocios.com.do\/v1\/wp-json\/wp\/v2\/categories?post=55797"},{"taxonomy":"post_tag","embeddable":true,"href":"https:\/\/elmundodelosnegocios.com.do\/v1\/wp-json\/wp\/v2\/tags?post=55797"}],"curies":[{"name":"wp","href":"https:\/\/api.w.org\/{rel}","templated":true}]}}