{"id":55803,"date":"2024-12-05T09:35:59","date_gmt":"2024-12-05T14:05:59","guid":{"rendered":"https:\/\/www.elmundodelosnegocios.com.do\/v1\/?p=55803"},"modified":"2024-12-05T09:35:59","modified_gmt":"2024-12-05T14:05:59","slug":"megacentro-inaugura-exclusiva-zona-de-moda-internacional","status":"publish","type":"post","link":"https:\/\/elmundodelosnegocios.com.do\/v1\/megacentro-inaugura-exclusiva-zona-de-moda-internacional\/","title":{"rendered":"Megacentro inaugura exclusiva zona de moda internacional"},"content":{"rendered":"<p><em>El centro comercial renueva su oferta con marcas globales en Santo Domingo Este.<\/em><\/p>\n<hr class=\"wp-block-separator has-alpha-channel-opacity\" \/>\n<p><strong>Megacentro<\/strong>, el centro comercial m\u00e1s visitado de la\u00a0<strong>Rep\u00fablica Dominicana<\/strong>\u00a0con un impresionante tr\u00e1fico de\u00a0<strong>16.9 millones de visitas<\/strong>\u00a0en 2023, ha anunciado la apertura de su nueva\u00a0<strong>zona comercial<\/strong>\u00a0dedicada exclusivamente a la\u00a0<strong>moda internacional<\/strong>. Ubicada en la\u00a0<strong>Plaza de las Estrellas<\/strong>, primer nivel, esta innovadora \u00e1rea est\u00e1 dise\u00f1ada para satisfacer las demandas de un p\u00fablico moderno y conectado con las \u00faltimas tendencias globales, reafirmando as\u00ed su liderazgo y compromiso con el desarrollo econ\u00f3mico y social de\u00a0<strong>Santo Domingo Este<\/strong>, una de las zonas de mayor crecimiento del pa\u00eds.<\/p>\n<p><img loading=\"lazy\" decoding=\"async\" class=\"aligncenter size-full\" src=\"https:\/\/diariosocialrd.com\/wp-content\/uploads\/2024\/12\/11FCBF21-003A-4315-9E0F-86243A78143D-scaled.jpeg\" width=\"2560\" height=\"1707\" \/><\/p>\n<h3 class=\"wp-block-heading\">Una experiencia renovada con marcas exclusivas<\/h3>\n<p>La nueva zona comercial de\u00a0<strong>Megacentro<\/strong>\u00a0se centra en ofrecer una selecci\u00f3n exclusiva de marcas internacionales y urbanas, integrando las mejores etiquetas globales para los amantes de la moda. La inauguraci\u00f3n de\u00a0<strong>Pandora<\/strong>\u00a0marca el inicio de este ambicioso proyecto, que pronto incluir\u00e1 tiendas de\u00a0<strong>Aldo<\/strong>,\u00a0<strong>Bath and Body Works<\/strong>,\u00a0<strong>American Eagle<\/strong>,\u00a0<strong>Columbia<\/strong>\u00a0y\u00a0<strong>LC Waikiki<\/strong>, todas programadas para abrir durante el\u00a0<strong>primer trimestre de 2025<\/strong>.<\/p>\n<figure class=\"wp-block-image size-large\"><a href=\"https:\/\/diariosocialrd.com\/wp-content\/uploads\/2024\/12\/45DD0F91-802E-4D71-A0A8-EF1CDC8DAB92-scaled.jpeg\" data-rel=\"penci-gallery-image-content\"><img loading=\"lazy\" decoding=\"async\" class=\"wp-image-217557 aligncenter\" src=\"https:\/\/diariosocialrd.com\/wp-content\/uploads\/2024\/12\/45DD0F91-802E-4D71-A0A8-EF1CDC8DAB92-1024x683.jpeg\" sizes=\"auto, (max-width: 1024px) 100vw, 1024px\" srcset=\"https:\/\/diariosocialrd.com\/wp-content\/uploads\/2024\/12\/45DD0F91-802E-4D71-A0A8-EF1CDC8DAB92-1024x683.jpeg 1024w, https:\/\/diariosocialrd.com\/wp-content\/uploads\/2024\/12\/45DD0F91-802E-4D71-A0A8-EF1CDC8DAB92-300x200.jpeg 300w, https:\/\/diariosocialrd.com\/wp-content\/uploads\/2024\/12\/45DD0F91-802E-4D71-A0A8-EF1CDC8DAB92-768x512.jpeg 768w, https:\/\/diariosocialrd.com\/wp-content\/uploads\/2024\/12\/45DD0F91-802E-4D71-A0A8-EF1CDC8DAB92-1536x1024.jpeg 1536w, https:\/\/diariosocialrd.com\/wp-content\/uploads\/2024\/12\/45DD0F91-802E-4D71-A0A8-EF1CDC8DAB92-2048x1365.jpeg 2048w, https:\/\/diariosocialrd.com\/wp-content\/uploads\/2024\/12\/45DD0F91-802E-4D71-A0A8-EF1CDC8DAB92-1920x1280.jpeg 1920w, https:\/\/diariosocialrd.com\/wp-content\/uploads\/2024\/12\/45DD0F91-802E-4D71-A0A8-EF1CDC8DAB92-1170x780.jpeg 1170w, https:\/\/diariosocialrd.com\/wp-content\/uploads\/2024\/12\/45DD0F91-802E-4D71-A0A8-EF1CDC8DAB92-585x390.jpeg 585w, https:\/\/diariosocialrd.com\/wp-content\/uploads\/2024\/12\/45DD0F91-802E-4D71-A0A8-EF1CDC8DAB92-263x175.jpeg 263w\" alt=\"\" width=\"1024\" height=\"683\" \/><\/a><\/figure>\n<p><strong>Valentina Moncada<\/strong>, Directora Comercial y de Mercadeo de\u00a0<strong>Megacentro<\/strong>, expres\u00f3 su entusiasmo por este hito: \u201c<strong>Estamos orgullosos de presentar esta nueva zona comercial<\/strong>, dise\u00f1ada para responder a las necesidades de nuestros visitantes y reafirmar nuestra posici\u00f3n como el centro comercial m\u00e1s innovador y din\u00e1mico del pa\u00eds. Este proyecto es un reflejo del crecimiento de Santo Domingo Este y de nuestro compromiso de seguir siendo un referente para todos los dominicanos.\u201d<\/p>\n<h3 class=\"wp-block-heading\">Dise\u00f1o de vanguardia<\/h3>\n<p>El dise\u00f1o de la nueva zona comercial ha sido concebido por\u00a0<strong>Liza Ortega Arquitectos<\/strong>, mientras que la obra civil est\u00e1 liderada por\u00a0<strong>Inges Proyectos<\/strong>. La combinaci\u00f3n de innovaci\u00f3n y modernidad crea un ambiente que destaca por su\u00a0<strong>est\u00e9tica contempor\u00e1nea<\/strong>\u00a0y\u00a0<strong>funcionalidad<\/strong>, proporcionando una experiencia de compra \u00fanica y agradable para todos los visitantes.<\/p>\n<h3 class=\"wp-block-heading\">Innovaci\u00f3n y compromiso con la comunidad<\/h3>\n<p>Con esta expansi\u00f3n,\u00a0<strong>Megacentro<\/strong>\u00a0no solo ampl\u00eda su oferta comercial, sino que tambi\u00e9n fortalece su compromiso con la comunidad de\u00a0<strong>Santo Domingo Este<\/strong>. La nueva zona comercial est\u00e1 estrat\u00e9gicamente ubicada para facilitar el acceso de los residentes locales y visitantes de otras \u00e1reas, contribuyendo al desarrollo econ\u00f3mico de la regi\u00f3n y creando nuevas oportunidades de empleo.<\/p>\n<p>Adem\u00e1s,\u00a0<strong>Megacentro<\/strong>\u00a0contin\u00faa implementando iniciativas sostenibles y responsables, alineadas con las mejores pr\u00e1cticas internacionales, para garantizar que su crecimiento beneficie tanto a los negocios como al medio ambiente.<\/p>\n<h3 class=\"wp-block-heading\">Sobre Megacentro<\/h3>\n<p>Fundado en\u00a0<strong>2003<\/strong>,\u00a0<strong>Megacentro<\/strong>\u00a0se ha consolidado como el\u00a0<strong>centro comercial m\u00e1s grande y visitado de la Rep\u00fablica Dominicana<\/strong>, ubicado en\u00a0<strong>Santo Domingo Este<\/strong>, una de las zonas de mayor densidad poblacional y desarrollo econ\u00f3mico del pa\u00eds. Ofreciendo una experiencia de compras y entretenimiento \u00fanica,\u00a0<strong>Megacentro<\/strong>\u00a0se adapta constantemente a las necesidades de sus visitantes, incorporando nuevas tiendas, servicios y espacios que enriquecen la oferta comercial y satisfacen las expectativas de una clientela diversa y exigente.<\/p>\n<p>Con esta nueva zona comercial,\u00a0<strong>Megacentro<\/strong>\u00a0reafirma su compromiso de proporcionar lo mejor en moda internacional, combinando calidad, variedad y exclusividad para convertirse en el destino preferido de los amantes de la moda en la Rep\u00fablica Dominicana.<\/p>\n","protected":false},"excerpt":{"rendered":"<p>El centro comercial renueva su oferta con marcas globales en Santo Domingo Este. Megacentro, el centro comercial m\u00e1s visitado de la\u00a0Rep\u00fablica Dominicana\u00a0con un impresionante tr\u00e1fico de\u00a016.9 millones de visitas\u00a0en 2023,&hellip; <\/p>\n","protected":false},"author":2,"featured_media":55804,"comment_status":"closed","ping_status":"closed","sticky":false,"template":"","format":"standard","meta":{"fifu_image_url":"https:\/\/diariosocialrd.com\/wp-content\/uploads\/2024\/12\/11FCBF21-003A-4315-9E0F-86243A78143D-scaled.jpeg","fifu_image_alt":"","footnotes":""},"categories":[105],"tags":[],"class_list":["post-55803","post","type-post","status-publish","format-standard","has-post-thumbnail","hentry","category-moda"],"_links":{"self":[{"href":"https:\/\/elmundodelosnegocios.com.do\/v1\/wp-json\/wp\/v2\/posts\/55803","targetHints":{"allow":["GET"]}}],"collection":[{"href":"https:\/\/elmundodelosnegocios.com.do\/v1\/wp-json\/wp\/v2\/posts"}],"about":[{"href":"https:\/\/elmundodelosnegocios.com.do\/v1\/wp-json\/wp\/v2\/types\/post"}],"author":[{"embeddable":true,"href":"https:\/\/elmundodelosnegocios.com.do\/v1\/wp-json\/wp\/v2\/users\/2"}],"replies":[{"embeddable":true,"href":"https:\/\/elmundodelosnegocios.com.do\/v1\/wp-json\/wp\/v2\/comments?post=55803"}],"version-history":[{"count":1,"href":"https:\/\/elmundodelosnegocios.com.do\/v1\/wp-json\/wp\/v2\/posts\/55803\/revisions"}],"predecessor-version":[{"id":55805,"href":"https:\/\/elmundodelosnegocios.com.do\/v1\/wp-json\/wp\/v2\/posts\/55803\/revisions\/55805"}],"wp:featuredmedia":[{"embeddable":true,"href":"https:\/\/elmundodelosnegocios.com.do\/v1\/wp-json\/wp\/v2\/media\/55804"}],"wp:attachment":[{"href":"https:\/\/elmundodelosnegocios.com.do\/v1\/wp-json\/wp\/v2\/media?parent=55803"}],"wp:term":[{"taxonomy":"category","embeddable":true,"href":"https:\/\/elmundodelosnegocios.com.do\/v1\/wp-json\/wp\/v2\/categories?post=55803"},{"taxonomy":"post_tag","embeddable":true,"href":"https:\/\/elmundodelosnegocios.com.do\/v1\/wp-json\/wp\/v2\/tags?post=55803"}],"curies":[{"name":"wp","href":"https:\/\/api.w.org\/{rel}","templated":true}]}}