{"id":55903,"date":"2024-12-10T10:18:40","date_gmt":"2024-12-10T14:48:40","guid":{"rendered":"https:\/\/www.elmundodelosnegocios.com.do\/v1\/?p=55903"},"modified":"2024-12-10T10:18:40","modified_gmt":"2024-12-10T14:48:40","slug":"presentan-avances-en-inversion-extranjera-directa-en-la-28-a-conferencia-mundial-de-waipa","status":"publish","type":"post","link":"https:\/\/elmundodelosnegocios.com.do\/v1\/presentan-avances-en-inversion-extranjera-directa-en-la-28-a-conferencia-mundial-de-waipa\/","title":{"rendered":"Presentan avances en inversi\u00f3n extranjera directa en la 28.\u00aa Conferencia Mundial de WAIPA"},"content":{"rendered":"<p>Arabia Saudita.- Una delegaci\u00f3n del\u00a0<strong>Centro de Exportaci\u00f3n e Inversi\u00f3n de la Rep\u00fablica Dominicana<\/strong>\u00a0(ProDominicana), encabezada por su directora ejecutiva,\u00a0<strong>Biviana Riveiro Disla<\/strong>, particip\u00f3 en la\u00a0<strong>28.\u00aa\u00a0<\/strong>Conferencia Mundial de Inversiones de la Asociaci\u00f3n Mundial de Agencias de Promoci\u00f3n de Inversiones\u00a0<strong>(WAIPA),<\/strong>\u00a0celebrada del 25 al 27 de noviembre en Riad,\u00a0<strong>Arabia Saudita.<\/strong><\/p>\n<p><img loading=\"lazy\" decoding=\"async\" class=\"aligncenter size-full\" src=\"https:\/\/presidencia.gob.do\/sites\/default\/files\/styles\/large\/public\/news\/2024-12\/IMG_4907.jpg?itok=2MdMvjRX\" width=\"1300\" height=\"731\" \/><\/p>\n<p>Durante el evento \u201cThe Market Access Forum: Economic Trends and IPA Realities &#8211; Enhancing Investor Journeys and Institutional Agility\u201d, Biviana Riveiro particip\u00f3 como panelista, compartiendo las\u00a0<strong>estrategias implementadas por ProDominicana<\/strong>\u00a0para optimizar la experiencia de los inversionistas y fortalecer la\u00a0<strong>agilidad institucional<\/strong>\u00a0en la Rep\u00fablica Dominicana en permisolog\u00eda, con herramientas como la\u00a0<strong>Ventanilla \u00danica de Inversi\u00f3n del Programa Burocracia Cero y ProInteligencia<\/strong>. La sesi\u00f3n fue moderada por\u00a0<strong>Ismail Ersahin<\/strong>, director ejecutivo de WAIPA, y cont\u00f3 con la participaci\u00f3n de expertos internacionales como la doctora\u00a0<strong>Asya Akhlaque<\/strong>, del Banco Mundial, y\u00a0<strong>Antti Aumo<\/strong>, director ejecutivo de Invest Finland, Business Finland.<\/p>\n<p>Este reconocido evento reuni\u00f3 a\u00a0<strong>m\u00e1s de 2,000 participantes<\/strong>\u00a0de 130 pa\u00edses, incluyendo economistas, inversionistas globales y ministerios, con el objetivo de trazar el futuro de la\u00a0<strong>inversi\u00f3n extranjera directa<\/strong>\u00a0(IED), y representar\u00e1 para el pa\u00eds una oportunidad de\u00a0<strong>aprendizaje,\u00a0<\/strong><em><strong>networking<\/strong><\/em><strong>\u00a0y acercamiento<\/strong>\u00a0a inversionistas e instituciones claves.<\/p>\n<p>En su intervenci\u00f3n, Riveiro destac\u00f3 el impacto de las\u00a0<strong>pol\u00edticas de promoci\u00f3n de inversiones<\/strong>\u00a0implementadas por la Rep\u00fablica Dominicana, subrayando el potencial del pa\u00eds como\u00a0<strong>destino atractivo para la inversi\u00f3n extranjera directa<\/strong>, especialmente en sectores estrat\u00e9gicos como\u00a0<strong>turismo, energ\u00eda renovable, manufactura y exportaciones<\/strong>\u00a0de sectores\u00a0<strong>no tradicionales<\/strong>. Asimismo, enfatiz\u00f3 la importancia de la\u00a0<strong>innovaci\u00f3n tecnol\u00f3gica y la sostenibilidad<\/strong>\u00a0como pilares clave para fomentar un crecimiento econ\u00f3mico\u00a0<strong>inclusivo y duradero<\/strong>. En este contexto, resalt\u00f3 el papel de la Ventanilla \u00danica de Inversi\u00f3n (VUI) como herramienta fundamental para simplificar procesos, mejorar la experiencia del inversionista y fortalecer la competitividad del pa\u00eds en el escenario global.<\/p>\n<p>Durante la visita al referido pa\u00eds, ProDominicana, en conjunto con el embajador designado en dicho pa\u00eds, S.E.\u00a0<strong>Andy Rodr\u00edguez,<\/strong>\u00a0desarrollaron una agenda paralela para promover la\u00a0<strong>atracci\u00f3n de inversiones<\/strong>\u00a0y la\u00a0<strong>oferta exportable dominicana<\/strong>.<\/p>\n<p>Entre las reuniones sostenidas se destacan los encuentros con el Sr.\u00a0<strong>Ibrahim Almubarak<\/strong>, CEO de la Agencia de Promoci\u00f3n de Inversiones de Arabia Saudita (SIPA); el Sr.\u00a0<strong>Mohamed bin Abdulaziz Al-Abdul Jabbar<\/strong>, gobernador de la Autoridad General de Comercio Exterior (GAFT).\u00a0 Asimismo, se reuni\u00f3n con el Sr.\u00a0<strong>Sultan bin Abdulrahman Al-Morshid<\/strong>, director ejecutivo del Fondo Saud\u00ed para el Desarrollo (SFD); \u00a0y un encuentro con la Federaci\u00f3n C\u00e1maras de Comercio Arabia Saud\u00ed.<\/p>\n<p>Adem\u00e1s, se llev\u00f3 a cabo la celebraci\u00f3n de la\u00a0<strong>degustaci\u00f3n del puro dominicano<\/strong>, con el lanzamiento oficial de\u00a0<strong>La Aurora<\/strong>\u00a0en el mercado saud\u00ed.<\/p>\n<p><img loading=\"lazy\" decoding=\"async\" src=\"https:\/\/presidencia.gob.do\/sites\/default\/files\/inline-images\/IMG_4906.jpeg\" width=\"4160\" height=\"2778\" data-entity-uuid=\"d47707b4-c01e-40a7-90b0-f0b9c071ecf2\" data-entity-type=\"file\" \/><\/p>\n<p><strong>Intercambio comercial con Arabia Saudita<\/strong><\/p>\n<p>En el contexto de la conferencia, ProDominicana reafirm\u00f3 su compromiso de posicionar a la Rep\u00fablica Dominicana como l\u00edder en la regi\u00f3n en atracci\u00f3n de\u00a0<strong>inversiones y promoci\u00f3n<\/strong>\u00a0del comercio exterior, destacando los\u00a0<strong>resultados positivos<\/strong>\u00a0obtenidos durante el per\u00edodo\u00a0<strong>2020-2023<\/strong>. En este lapso, el intercambio comercial de la Rep\u00fablica Dominicana con mercados estrat\u00e9gicos como Arabia Saudita fue de\u00a0<strong>USD 92.7 millones<\/strong>, destacando un crecimiento promedio de las exportaciones dominicanas hacia este mercado en un\u00a0<strong>8.9 %<\/strong>\u00a0durante el per\u00edodo analizado. Este importante crecimiento se explica por el incremento en las exportaciones de\u00a0<strong>instrumentos y aparatos de medicina, cigarros puros, tabaco en rama y art\u00edculos de pl\u00e1sticos.<\/strong><\/p>\n","protected":false},"excerpt":{"rendered":"<p>Arabia Saudita.- Una delegaci\u00f3n del\u00a0Centro de Exportaci\u00f3n e Inversi\u00f3n de la Rep\u00fablica Dominicana\u00a0(ProDominicana), encabezada por su directora ejecutiva,\u00a0Biviana Riveiro Disla, particip\u00f3 en la\u00a028.\u00aa\u00a0Conferencia Mundial de Inversiones de la Asociaci\u00f3n Mundial&hellip; <\/p>\n","protected":false},"author":2,"featured_media":55904,"comment_status":"closed","ping_status":"closed","sticky":false,"template":"","format":"standard","meta":{"fifu_image_url":"https:\/\/presidencia.gob.do\/sites\/default\/files\/styles\/large\/public\/news\/2024-12\/IMG_4907.jpg?itok=2MdMvjRX","fifu_image_alt":"","footnotes":""},"categories":[74],"tags":[],"class_list":["post-55903","post","type-post","status-publish","format-standard","has-post-thumbnail","hentry","category-comercio-internacional"],"_links":{"self":[{"href":"https:\/\/elmundodelosnegocios.com.do\/v1\/wp-json\/wp\/v2\/posts\/55903","targetHints":{"allow":["GET"]}}],"collection":[{"href":"https:\/\/elmundodelosnegocios.com.do\/v1\/wp-json\/wp\/v2\/posts"}],"about":[{"href":"https:\/\/elmundodelosnegocios.com.do\/v1\/wp-json\/wp\/v2\/types\/post"}],"author":[{"embeddable":true,"href":"https:\/\/elmundodelosnegocios.com.do\/v1\/wp-json\/wp\/v2\/users\/2"}],"replies":[{"embeddable":true,"href":"https:\/\/elmundodelosnegocios.com.do\/v1\/wp-json\/wp\/v2\/comments?post=55903"}],"version-history":[{"count":1,"href":"https:\/\/elmundodelosnegocios.com.do\/v1\/wp-json\/wp\/v2\/posts\/55903\/revisions"}],"predecessor-version":[{"id":55905,"href":"https:\/\/elmundodelosnegocios.com.do\/v1\/wp-json\/wp\/v2\/posts\/55903\/revisions\/55905"}],"wp:featuredmedia":[{"embeddable":true,"href":"https:\/\/elmundodelosnegocios.com.do\/v1\/wp-json\/wp\/v2\/media\/55904"}],"wp:attachment":[{"href":"https:\/\/elmundodelosnegocios.com.do\/v1\/wp-json\/wp\/v2\/media?parent=55903"}],"wp:term":[{"taxonomy":"category","embeddable":true,"href":"https:\/\/elmundodelosnegocios.com.do\/v1\/wp-json\/wp\/v2\/categories?post=55903"},{"taxonomy":"post_tag","embeddable":true,"href":"https:\/\/elmundodelosnegocios.com.do\/v1\/wp-json\/wp\/v2\/tags?post=55903"}],"curies":[{"name":"wp","href":"https:\/\/api.w.org\/{rel}","templated":true}]}}