{"id":55906,"date":"2024-12-10T10:19:57","date_gmt":"2024-12-10T14:49:57","guid":{"rendered":"https:\/\/www.elmundodelosnegocios.com.do\/v1\/?p=55906"},"modified":"2024-12-10T10:19:57","modified_gmt":"2024-12-10T14:49:57","slug":"infotep-estrecha-cooperacion-con-antigua-y-barbuda-con-acuerdo-para-capacitar-la-diaspora-dominicana","status":"publish","type":"post","link":"https:\/\/elmundodelosnegocios.com.do\/v1\/infotep-estrecha-cooperacion-con-antigua-y-barbuda-con-acuerdo-para-capacitar-la-diaspora-dominicana\/","title":{"rendered":"Infotep estrecha cooperaci\u00f3n con Antigua y Barbuda con acuerdo para capacitar la di\u00e1spora dominicana"},"content":{"rendered":"<p>Antigua y Barbuda.-\u00a0<strong>El Instituto Nacional de Formaci\u00f3n T\u00e9cnico Profesional<\/strong>\u00a0(Infotep) firm\u00f3 un\u00a0<strong>memorando de entendimiento<\/strong>\u00a0con el\u00a0<strong>Ministerio de Turismo de Antigua y Barbuda<\/strong>, para la\u00a0<strong>formaci\u00f3n metodol\u00f3gica<\/strong>\u00a0de los facilitadores, el intercambio de\u00a0<strong>docentes y pasantes<\/strong>\u00a0de ambas naciones, y la capacitaci\u00f3n a la\u00a0<strong>di\u00e1spora dominicana<\/strong>\u00a0en esa naci\u00f3n del Caribe.<\/p>\n<p><img loading=\"lazy\" decoding=\"async\" class=\"aligncenter size-full\" src=\"https:\/\/presidencia.gob.do\/sites\/default\/files\/styles\/large\/public\/news\/2024-12\/Photo.jpg?itok=xDvGJ-vp\" width=\"1300\" height=\"731\" \/><\/p>\n<p>El acuerdo fue firmado entre el director general del Infotep,\u00a0<strong>Rafael Santos Bad\u00eda<\/strong>, y el ministro de Turismo de Antigua y Barbuda,\u00a0<strong>Henry Charles Fern\u00e1ndez.\u00a0<\/strong><\/p>\n<p>Santos Bad\u00eda expuso que la firma de este acuerdo con el Ministerio de Turismo de Antigua Barbuda, refleja una visi\u00f3n compartida de apostar al talento humano como la clave para el\u00a0<strong>crecimiento del sector tur\u00edstico.\u00a0<\/strong><\/p>\n<p><em>\u201cRD ha podido fortalecer esta industria porque ha priorizado la formaci\u00f3n de los recursos humanos que le sirven al turismo y es el Infotep, la instituci\u00f3n que capacita esos recursos\u201d,<\/em>\u00a0destac\u00f3.<\/p>\n<p>Dijo que actualmente el Infotep tiene\u00a0<strong>una escuela de hoteler\u00eda y turismo,<\/strong>\u00a0en la que han capacitado\u00a0<strong>m\u00e1s de 15,000<\/strong>\u00a0trabajadores de esa industria y que en los pr\u00f3ximos meses\u00a0<strong>se abrir\u00e1n dos m\u00e1s<\/strong>, una en la\u00a0<strong>regi\u00f3n Sur<\/strong>\u00a0y otra en la\u00a0<strong>regi\u00f3n Este<\/strong>\u00a0del pa\u00eds.<\/p>\n<p>El director del Infotep explic\u00f3 que, la instituci\u00f3n colaborar\u00e1 con la isla Antigua Barbuda en\u00a0<strong>la formaci\u00f3n de docentes<\/strong>\u00a0en pasteler\u00eda, servicio al cliente, alimentos y bebidas y preparaci\u00f3n de cocteles.<\/p>\n<p>Precis\u00f3 que el Infotep tambi\u00e9n ofrecer\u00e1\u00a0<strong>capacitaci\u00f3n para la di\u00e1spora dominicana<\/strong>\u00a0en Antigua y Barbuda, a fin de\u00a0<strong>fortalecer sus competencias<\/strong>, especialmente aquellos que no tienen titulaci\u00f3n, pero ofrecen un oficio.<\/p>\n<p>Puso como ejemplo las personas que trabajan en la\u00a0<strong>construcci\u00f3n, la industria de la belleza y el turismo<\/strong>.<\/p>\n<p><img loading=\"lazy\" decoding=\"async\" class=\"aligncenter\" src=\"https:\/\/presidencia.gob.do\/sites\/default\/files\/inline-images\/INFOTEP%20estrecha%20cooperacio%CC%81n%20con%20Antigua%20y%20Barbuda%3B%20suscribe%20acuerdo%20para%20capacitar%20la%20dia%CC%81spora%20dominicana.jpg\" width=\"1280\" height=\"960\" data-entity-uuid=\"97f8ace7-4a04-4214-a903-2fe12929c000\" data-entity-type=\"file\" \/><\/p>\n<p><strong>M\u00e1s sobre el convenio\u00a0<\/strong><\/p>\n<p>Con esta iniciativa se cumple el prop\u00f3sito de unir esfuerzos para\u00a0<strong>fortalecer los lazos<\/strong>\u00a0a trav\u00e9s de acciones que resulten en el desarrollo y la transferencia de\u00a0<strong>conocimiento y tecnolog\u00edas<\/strong>\u00a0de inter\u00e9s de la industria tur\u00edstica.<\/p>\n<p>Tambi\u00e9n se promueve el desarrollo y la transferencia de conocimiento y tecnolog\u00edas, con un enfoque en aumentar la\u00a0<strong>productividad y competitividad<\/strong>\u00a0de los sectores productivos, y la gesti\u00f3n de\u00a0<strong>formaci\u00f3n profesional\u00a0<\/strong>en ambas naciones.<\/p>\n<p>Para la firma de este memorando y otras\u00a0<strong>iniciativas de cooperaci\u00f3n<\/strong>, Santos Bad\u00eda viaj\u00f3 a la naci\u00f3n insular acompa\u00f1ado de\u00a0<strong>Julio Cordero<\/strong>, miembro de la junta de directores del Infotep, y\u00a0<strong>Edgar Pimentel<\/strong>, director de Cooperaci\u00f3n Internacional de la instituci\u00f3n.<\/p>\n<p>En el acto de firma estuvieron la embajadora dominicana en ese pa\u00eds,\u00a0<strong>Raquel Jacobo<\/strong>; el c\u00f3nsul dominicano\u00a0<strong>Joaqu\u00edn D\u00edaz<\/strong>\u00a0y miembros destacados de la comunidad dominicana en esa isla.<\/p>\n","protected":false},"excerpt":{"rendered":"<p>Antigua y Barbuda.-\u00a0El Instituto Nacional de Formaci\u00f3n T\u00e9cnico Profesional\u00a0(Infotep) firm\u00f3 un\u00a0memorando de entendimiento\u00a0con el\u00a0Ministerio de Turismo de Antigua y Barbuda, para la\u00a0formaci\u00f3n metodol\u00f3gica\u00a0de los facilitadores, el intercambio de\u00a0docentes y pasantes\u00a0de&hellip; <\/p>\n","protected":false},"author":2,"featured_media":55907,"comment_status":"closed","ping_status":"closed","sticky":false,"template":"","format":"standard","meta":{"fifu_image_url":"https:\/\/presidencia.gob.do\/sites\/default\/files\/styles\/large\/public\/news\/2024-12\/Photo.jpg?itok=xDvGJ-vp","fifu_image_alt":"","footnotes":""},"categories":[151],"tags":[],"class_list":["post-55906","post","type-post","status-publish","format-standard","has-post-thumbnail","hentry","category-gerencia"],"_links":{"self":[{"href":"https:\/\/elmundodelosnegocios.com.do\/v1\/wp-json\/wp\/v2\/posts\/55906","targetHints":{"allow":["GET"]}}],"collection":[{"href":"https:\/\/elmundodelosnegocios.com.do\/v1\/wp-json\/wp\/v2\/posts"}],"about":[{"href":"https:\/\/elmundodelosnegocios.com.do\/v1\/wp-json\/wp\/v2\/types\/post"}],"author":[{"embeddable":true,"href":"https:\/\/elmundodelosnegocios.com.do\/v1\/wp-json\/wp\/v2\/users\/2"}],"replies":[{"embeddable":true,"href":"https:\/\/elmundodelosnegocios.com.do\/v1\/wp-json\/wp\/v2\/comments?post=55906"}],"version-history":[{"count":1,"href":"https:\/\/elmundodelosnegocios.com.do\/v1\/wp-json\/wp\/v2\/posts\/55906\/revisions"}],"predecessor-version":[{"id":55908,"href":"https:\/\/elmundodelosnegocios.com.do\/v1\/wp-json\/wp\/v2\/posts\/55906\/revisions\/55908"}],"wp:featuredmedia":[{"embeddable":true,"href":"https:\/\/elmundodelosnegocios.com.do\/v1\/wp-json\/wp\/v2\/media\/55907"}],"wp:attachment":[{"href":"https:\/\/elmundodelosnegocios.com.do\/v1\/wp-json\/wp\/v2\/media?parent=55906"}],"wp:term":[{"taxonomy":"category","embeddable":true,"href":"https:\/\/elmundodelosnegocios.com.do\/v1\/wp-json\/wp\/v2\/categories?post=55906"},{"taxonomy":"post_tag","embeddable":true,"href":"https:\/\/elmundodelosnegocios.com.do\/v1\/wp-json\/wp\/v2\/tags?post=55906"}],"curies":[{"name":"wp","href":"https:\/\/api.w.org\/{rel}","templated":true}]}}