{"id":55909,"date":"2024-12-10T14:25:38","date_gmt":"2024-12-10T18:55:38","guid":{"rendered":"https:\/\/www.elmundodelosnegocios.com.do\/v1\/?p=55909"},"modified":"2024-12-10T14:25:38","modified_gmt":"2024-12-10T18:55:38","slug":"presentan-turizoneando-gastrofest-una-iniciativa-para-toda-la-familia-en-la-ciudad-colonial","status":"publish","type":"post","link":"https:\/\/elmundodelosnegocios.com.do\/v1\/presentan-turizoneando-gastrofest-una-iniciativa-para-toda-la-familia-en-la-ciudad-colonial\/","title":{"rendered":"Presentan \u201cTurizoneando Gastrofest\u201d, una iniciativa para toda la familia, en la Ciudad Colonial"},"content":{"rendered":"<p>Santo Domingo.- Con una imagen renovada, llega la\u00a0<strong>sexta edici\u00f3n<\/strong>\u00a0del programa\u00a0<strong>Turizoneando<\/strong>, que se llevar\u00e1 a cabo a partir de este s\u00e1bado en el\u00a0<strong>Museo de la Fortaleza de Santo Domingo<\/strong>\u00a0de la Ciudad Colonial, para el\u00a0<strong>disfrute familiar<\/strong>\u00a0en tiempo de Navidad.<\/p>\n<p><img loading=\"lazy\" decoding=\"async\" class=\"aligncenter size-full\" src=\"https:\/\/inmobiliario.do\/wp-content\/uploads\/2023\/07\/image-15.png\" width=\"816\" height=\"587\" \/><\/p>\n<p><strong>Turizoneando Gastrofest<\/strong>\u00a0se efectuar\u00e1 los d\u00edas\u00a0<strong>14-15 y 21-22<\/strong>\u00a0de diciembre, donde m\u00e1s de\u00a0<strong>20 bares y restaurantes<\/strong>\u00a0de la ciudad de Santo Domingo y varias marcas aliadas ofrecer\u00e1n una deliciosa\u00a0<strong>variedad de platillos y productos.<\/strong><\/p>\n<p>Este evento es una iniciativa del\u00a0<strong>Ministerio de Turismo<\/strong>\u00a0(Mitur) en colaboraci\u00f3n con el\u00a0<strong>Cl\u00faster Tur\u00edstico de Santo Domingo<\/strong>, la Asociaci\u00f3n de Restaurantes (<strong>Aderes)<\/strong>\u00a0y la\u00a0<strong>Asociaci\u00f3n de Hoteles de Santo Domingo<\/strong>\u00a0(AHSD), junto con diversas asociaciones y fundaciones del pa\u00eds. El cual est\u00e1 dise\u00f1ado para ser un espacio de\u00a0<strong>entretenimiento y disfrute<\/strong>\u00a0para toda la familia.<\/p>\n<p><img role=\"presentation\" alt=\"\" data-uw-rm-alt=\"SRC\" \/>Los asistentes podr\u00e1n disfrutar de degustaciones en las \u00e1reas\u00a0<strong>bistr\u00f3 y en la zona de picnic<\/strong>, as\u00ed como de conciertos que se llevar\u00e1n a cabo en el \u00e1rea verde del reci\u00e9n renovado Museo de la Fortaleza de Santo Domingo. Tambi\u00e9n habr\u00e1\u00a0<em>marketplace<\/em>\u00a0donde se presentar\u00e1n exquisiteces de\u00a0<em>Finger Food Gourmet<\/em>\u00a0de la\u00a0<strong>gastronom\u00eda dominicana y de fusi\u00f3n<\/strong>, junto con bebidas aut\u00e9nticas.<\/p>\n<p>Adem\u00e1s, el evento contar\u00e1 con la participaci\u00f3n de\u00a0<strong>m\u00e1s de 12 artistas<\/strong>\u00a0en escena, m\u00fasica ambiental,\u00a0<strong>ofertas artesanales y acceso gratuito<\/strong>\u00a0a las instalaciones del museo. Asimismo, los visitantes tendr\u00e1n la oportunidad de disfrutar de la proyecci\u00f3n nocturna del mapeo en la emblem\u00e1tica\u00a0<strong>Torre del Homenaje<\/strong>.<\/p>\n<p>Para m\u00e1s informaci\u00f3n, puede a seguir las redes sociales del Ministerio de Turismo (Mitur), la Asociaci\u00f3n de Hoteles de Santo Domingo y la Asociaci\u00f3n de Restaurantes (Aderes), el Cl\u00faster Tur\u00edstico de Santo Domingo y los restaurantes participantes. \u00a1No te pierdas esta maravillosa oportunidad de disfrutar en familia y celebrar la cultura y la gastronom\u00eda dominicana!<\/p>\n<p><img loading=\"lazy\" decoding=\"async\" class=\"aligncenter size-full\" src=\"https:\/\/eldinero.com.do\/wp-content\/uploads\/Rincones-Gastro-Fest.png\" width=\"4000\" height=\"2250\" \/><\/p>\n","protected":false},"excerpt":{"rendered":"<p>Santo Domingo.- Con una imagen renovada, llega la\u00a0sexta edici\u00f3n\u00a0del programa\u00a0Turizoneando, que se llevar\u00e1 a cabo a partir de este s\u00e1bado en el\u00a0Museo de la Fortaleza de Santo Domingo\u00a0de la Ciudad&hellip; <\/p>\n","protected":false},"author":2,"featured_media":55910,"comment_status":"closed","ping_status":"closed","sticky":false,"template":"","format":"standard","meta":{"fifu_image_url":"https:\/\/inmobiliario.do\/wp-content\/uploads\/2023\/07\/image-15.png","fifu_image_alt":"","footnotes":""},"categories":[172],"tags":[],"class_list":["post-55909","post","type-post","status-publish","format-standard","has-post-thumbnail","hentry","category-turismo"],"_links":{"self":[{"href":"https:\/\/elmundodelosnegocios.com.do\/v1\/wp-json\/wp\/v2\/posts\/55909","targetHints":{"allow":["GET"]}}],"collection":[{"href":"https:\/\/elmundodelosnegocios.com.do\/v1\/wp-json\/wp\/v2\/posts"}],"about":[{"href":"https:\/\/elmundodelosnegocios.com.do\/v1\/wp-json\/wp\/v2\/types\/post"}],"author":[{"embeddable":true,"href":"https:\/\/elmundodelosnegocios.com.do\/v1\/wp-json\/wp\/v2\/users\/2"}],"replies":[{"embeddable":true,"href":"https:\/\/elmundodelosnegocios.com.do\/v1\/wp-json\/wp\/v2\/comments?post=55909"}],"version-history":[{"count":1,"href":"https:\/\/elmundodelosnegocios.com.do\/v1\/wp-json\/wp\/v2\/posts\/55909\/revisions"}],"predecessor-version":[{"id":55911,"href":"https:\/\/elmundodelosnegocios.com.do\/v1\/wp-json\/wp\/v2\/posts\/55909\/revisions\/55911"}],"wp:featuredmedia":[{"embeddable":true,"href":"https:\/\/elmundodelosnegocios.com.do\/v1\/wp-json\/wp\/v2\/media\/55910"}],"wp:attachment":[{"href":"https:\/\/elmundodelosnegocios.com.do\/v1\/wp-json\/wp\/v2\/media?parent=55909"}],"wp:term":[{"taxonomy":"category","embeddable":true,"href":"https:\/\/elmundodelosnegocios.com.do\/v1\/wp-json\/wp\/v2\/categories?post=55909"},{"taxonomy":"post_tag","embeddable":true,"href":"https:\/\/elmundodelosnegocios.com.do\/v1\/wp-json\/wp\/v2\/tags?post=55909"}],"curies":[{"name":"wp","href":"https:\/\/api.w.org\/{rel}","templated":true}]}}