{"id":55920,"date":"2024-12-12T12:46:01","date_gmt":"2024-12-12T17:16:01","guid":{"rendered":"https:\/\/www.elmundodelosnegocios.com.do\/v1\/?p=55920"},"modified":"2024-12-12T12:46:01","modified_gmt":"2024-12-12T17:16:01","slug":"prodominicana-presenta-oportunidades-tecnologicas-de-la-republica-dominicana-en-argentina","status":"publish","type":"post","link":"https:\/\/elmundodelosnegocios.com.do\/v1\/prodominicana-presenta-oportunidades-tecnologicas-de-la-republica-dominicana-en-argentina\/","title":{"rendered":"ProDominicana presenta oportunidades tecnol\u00f3gicas de la Rep\u00fablica Dominicana, en Argentina"},"content":{"rendered":"<p>Argentina.- El<strong>\u00a0Centro de Exportaci\u00f3n e Inversi\u00f3n de la Rep\u00fablica Dominicana<\/strong>\u00a0(ProDominicana) particip\u00f3, de manera destacada, en la d\u00e9cima edici\u00f3n de\u00a0<strong>Outsource2LAC 2024<\/strong>, celebrada del 3 al 5 de diciembre\u00a0<strong>en Argentina<\/strong>. Este evento es reconocido como uno de los principales puntos de encuentro para el sector de\u00a0<strong>Servicios Basados en Conocimiento<\/strong>\u00a0(SBC) en\u00a0<strong>Am\u00e9rica Latina y el Caribe.<\/strong><\/p>\n<p><img loading=\"lazy\" decoding=\"async\" class=\"aligncenter size-full\" src=\"https:\/\/presidencia.gob.do\/sites\/default\/files\/styles\/large\/public\/news\/2024-12\/IMG_4920.jpeg?itok=LVzcFj_d\" width=\"1300\" height=\"731\" \/><\/p>\n<p>Esta misi\u00f3n estuvo encabezada por\u00a0<strong>Vladimir Pimentel<\/strong>, subdirector general de ProDominicana, contando con el apoyo del Ministerio de Relaciones Exteriores (Mirex), representados por la encargada de la Oficina Comercial en la Embajada Dominicana en Argentina, la se\u00f1ora\u00a0<strong>Candie Rosario.<\/strong><\/p>\n<p><em>\u201cBuscamos generar sinergias entre los agentes econ\u00f3micos para seguir apoyando el sector exportador dominicano y acelerar nuestras exportaciones, agregando valor y habilitando las herramientas para adelantarnos a los tiempos con una oferta exportadora impregnada de m\u00e1s conocimientos y digitalizaci\u00f3n\u201d<\/em>, indic\u00f3 Pimentel, quien adem\u00e1s es coordinador del\u00a0<strong>Plan Nacional de Fomento a las Exportaciones 2020-2030.<\/strong><\/p>\n<p>Agreg\u00f3 que desde ProDominicana \u201c<em>estamos cumpliendo el rol y medidas puntuales con las que tenemos el compromiso institucional, en el marco de la Estrategia Nacional de Exportaci\u00f3n de Servicios Modernos, que coordina el Ministerio de Industria, Comercio y Mipymes. Esto adem\u00e1s de seguir sumando a pol\u00edticas p\u00fablicas como el Plan Nacional de Innovaci\u00f3n, la Estrategia Nacional de Inteligencia Artificial, entre otros planes y programas. En fin, nos encaminamos a colocar nuestro granito de arena sectorial, para la Meta 2030, de duplicar el PIB dominicano\u201d.<\/em><\/p>\n<p><img role=\"presentation\" alt=\"\" data-uw-rm-alt=\"SRC\" \/><\/p>\n<p>El evento coordinado por el\u00a0<strong>Banco Interamericano de Desarrollo<\/strong>\u00a0(BID), reuni\u00f3 m\u00e1s de 1,000 participantes de\u00a0<strong>32 pa\u00edses,\u00a0<\/strong>en Buenos Aires, Argentina. Esta amplia participaci\u00f3n permiti\u00f3 realizar\u00a0<strong>m\u00e1s de 2,000 reuniones<\/strong>\u00a0de negocios presenciales y m\u00e1s de\u00a0<strong>8,000 conexiones<\/strong>\u00a0empresariales en la plataforma de matchmaking\u00a0<strong>B2B y B2G<\/strong>. Mientras que la parte del foro incluy\u00f3 sesiones plenarias lideradas por\u00a0<strong>m\u00e1s de 60 expertos<\/strong>\u00a0internacionales que abordaron una amplia gama de temas de vanguardia.<\/p>\n<p>Asimismo, el espacio de exhibici\u00f3n ferial y las rondas de negocios permitieron a las empresas dominicanas GBH y Quantech, presentes en esta misi\u00f3n, generar oportunidades concretas de\u00a0<strong>colaboraci\u00f3n e inversi\u00f3n<\/strong>\u00a0en \u00e1reas como Fintech, desarrollo de software, AgTech, telemedicina, inteligencia artificial, ciberseguridad, animaci\u00f3n, videojuegos, entre otras l\u00edneas de negocios.<\/p>\n<p>Adem\u00e1s, la misi\u00f3n comercial permiti\u00f3 potenciar\u00a0<strong>alianzas internacionales<\/strong>\u00a0al compartir con la\u00a0<strong>Agencia Argentina de Inversiones y Comercio Internacional<\/strong>\u00a0(AAICI), de la mano de su presidente,\u00a0<strong>Diego Sucalesa,<\/strong>\u00a0y\u00a0<strong>Alejandro Gamboa,<\/strong>\u00a0coordinador de Servicios Basados en Conocimientos.<\/p>\n<p>Igualmente, se lograron acercamientos institucionales con Pablo Fera, Gerente General de Invest Buenos Aires, entidad regional dedicada a la promoci\u00f3n y atracci\u00f3n de inversiones, quien estuvo acompa\u00f1ado de Camila Cano, sub-gerente.<\/p>\n<p>Las exportaciones dominicanas de servicios en general alcanzaron los\u00a0<strong>USD 12,911 millones<\/strong>\u00a0en el a\u00f1o 2023, seg\u00fan cifras del\u00a0<strong>Banco Central<\/strong>, para una variaci\u00f3n positiva de\u00a0<strong>13.1 %<\/strong>, con respecto al 2022, continuando la senda de crecimiento. Mientras las exportaciones identificadas de servicios modernos sumaron\u00a0<strong>mil millones de d\u00f3lares<\/strong>\u00a0adicionales, si comparamos con el a\u00f1o 2019, pre pandemia. Esto nos posiciona con la cifra r\u00e9cord de\u00a0<strong>USD 1,806.0 millones.<\/strong><\/p>\n","protected":false},"excerpt":{"rendered":"<p>Argentina.- El\u00a0Centro de Exportaci\u00f3n e Inversi\u00f3n de la Rep\u00fablica Dominicana\u00a0(ProDominicana) particip\u00f3, de manera destacada, en la d\u00e9cima edici\u00f3n de\u00a0Outsource2LAC 2024, celebrada del 3 al 5 de diciembre\u00a0en Argentina. Este evento&hellip; <\/p>\n","protected":false},"author":2,"featured_media":55921,"comment_status":"closed","ping_status":"closed","sticky":false,"template":"","format":"standard","meta":{"fifu_image_url":"https:\/\/presidencia.gob.do\/sites\/default\/files\/styles\/large\/public\/news\/2024-12\/IMG_4920.jpeg?itok=LVzcFj_d","fifu_image_alt":"","footnotes":""},"categories":[74],"tags":[],"class_list":["post-55920","post","type-post","status-publish","format-standard","has-post-thumbnail","hentry","category-comercio-internacional"],"_links":{"self":[{"href":"https:\/\/elmundodelosnegocios.com.do\/v1\/wp-json\/wp\/v2\/posts\/55920","targetHints":{"allow":["GET"]}}],"collection":[{"href":"https:\/\/elmundodelosnegocios.com.do\/v1\/wp-json\/wp\/v2\/posts"}],"about":[{"href":"https:\/\/elmundodelosnegocios.com.do\/v1\/wp-json\/wp\/v2\/types\/post"}],"author":[{"embeddable":true,"href":"https:\/\/elmundodelosnegocios.com.do\/v1\/wp-json\/wp\/v2\/users\/2"}],"replies":[{"embeddable":true,"href":"https:\/\/elmundodelosnegocios.com.do\/v1\/wp-json\/wp\/v2\/comments?post=55920"}],"version-history":[{"count":1,"href":"https:\/\/elmundodelosnegocios.com.do\/v1\/wp-json\/wp\/v2\/posts\/55920\/revisions"}],"predecessor-version":[{"id":55922,"href":"https:\/\/elmundodelosnegocios.com.do\/v1\/wp-json\/wp\/v2\/posts\/55920\/revisions\/55922"}],"wp:featuredmedia":[{"embeddable":true,"href":"https:\/\/elmundodelosnegocios.com.do\/v1\/wp-json\/wp\/v2\/media\/55921"}],"wp:attachment":[{"href":"https:\/\/elmundodelosnegocios.com.do\/v1\/wp-json\/wp\/v2\/media?parent=55920"}],"wp:term":[{"taxonomy":"category","embeddable":true,"href":"https:\/\/elmundodelosnegocios.com.do\/v1\/wp-json\/wp\/v2\/categories?post=55920"},{"taxonomy":"post_tag","embeddable":true,"href":"https:\/\/elmundodelosnegocios.com.do\/v1\/wp-json\/wp\/v2\/tags?post=55920"}],"curies":[{"name":"wp","href":"https:\/\/api.w.org\/{rel}","templated":true}]}}