{"id":55923,"date":"2024-12-12T12:49:49","date_gmt":"2024-12-12T17:19:49","guid":{"rendered":"https:\/\/www.elmundodelosnegocios.com.do\/v1\/?p=55923"},"modified":"2024-12-12T12:49:49","modified_gmt":"2024-12-12T17:19:49","slug":"aduanas-y-la-onec-firman-acuerdo-para-combatir-la-competencia-desleal","status":"publish","type":"post","link":"https:\/\/elmundodelosnegocios.com.do\/v1\/aduanas-y-la-onec-firman-acuerdo-para-combatir-la-competencia-desleal\/","title":{"rendered":"Aduanas y la ONEC firman acuerdo para combatir la competencia desleal"},"content":{"rendered":"<p><span lang=\"ES-DO\" xml:lang=\"ES-DO\">Santo Domingo.-\u00a0<strong>La Direcci\u00f3n General de Aduanas<\/strong>\u00a0(DGA) y la\u00a0<strong>Organizaci\u00f3n Nacional de Empresas Comerciales<\/strong>(ONEC) suscribieron un\u00a0<strong>acuerdo de colaboraci\u00f3n<\/strong>\u00a0de acciones conjuntas en la prevenci\u00f3n de situaciones que puedan dar lugar a\u00a0<strong>actos de competencia desleal y comercio il\u00edcito<\/strong>\u00a0en el marco de sus respectivos objetivos y funciones, as\u00ed como la promoci\u00f3n de pr\u00e1cticas\u00a0<strong>transparentes y equitativas.<\/strong><\/span><\/p>\n<p><img loading=\"lazy\" decoding=\"async\" class=\"alignnone size-full\" src=\"https:\/\/presidencia.gob.do\/sites\/default\/files\/styles\/large\/public\/news\/2024-12\/Foto%201%20Eduardo%20Sanz%20Lovat%C3%B3n%20y%20Mario%20Lama%20Hach%C3%A9..JPG?itok=8J7Dt3gc\" width=\"1300\" height=\"731\" \/><\/p>\n<p><span lang=\"ES-DO\" xml:lang=\"ES-DO\">El acuerdo fue firmado por\u00a0<strong>Eduardo Sanz Lovat\u00f3n<\/strong>, director de la DGA, y\u00a0<strong>Pedro Lama Hach\u00e9<\/strong>, presidente de la ONEC, quienes se comprometieron a trabajar conjuntamente para que se tomen\u00a0<strong>medidas efectivas<\/strong>\u00a0en la lucha contra las actividades de comercio il\u00edcito y competencia desleal\u00a0<strong>dentro del \u00e1mbito aduanero.<\/strong><\/span><\/p>\n<p><span lang=\"ES-DO\" xml:lang=\"ES-DO\">A tales fines, identificar\u00e1n\u00a0<strong>proyectos y programas<\/strong>\u00a0con el objetivo de promover el adecuado cumplimiento de las\u00a0<strong>normativas y operaciones aduaneras<\/strong>.<\/span><\/p>\n<p><span lang=\"ES-DO\" xml:lang=\"ES-DO\">El director general de Aduanas, Eduardo Sanz Lovat\u00f3n, indic\u00f3 que en la instituci\u00f3n que el dirige, en los \u00faltimos a\u00f1os, se ha trabajado en muchos cambios que van desde la instalaci\u00f3n de un\u00a0<strong>novedoso Motor de Riesgo<\/strong>\u00a0en la parte operativa; los esc\u00e1neres de\u00a0<strong>rayos X<\/strong>; as\u00ed como tambi\u00e9n, nuevos\u00a0<strong>instrumentos jur\u00eddicos<\/strong>\u00a0para enfrentar este flagelo.<\/span><\/p>\n<p><em><span lang=\"ES-DO\" xml:lang=\"ES-DO\">\u201cLa lucha entre el mercado formal, el comercio formal y el comercio informal no es un terreno exclusivo de la Rep\u00fablica Dominicana, es una realidad mundial, es una realidad que le hace much\u00edsimo da\u00f1o a las econom\u00edas del mundo, y nosotros no somos la excepci\u00f3n\u201d,<\/span><\/em><span lang=\"ES-DO\" xml:lang=\"ES-DO\">\u00a0explic\u00f3 Sanz Lovat\u00f3n.<\/span><\/p>\n<p><img loading=\"lazy\" decoding=\"async\" src=\"https:\/\/presidencia.gob.do\/sites\/default\/files\/inline-images\/Foto%203...JPG\" width=\"3744\" height=\"2496\" data-entity-uuid=\"cd4d21e0-5e91-4ec2-9d10-0ef0e974cb44\" data-entity-type=\"file\" \/><\/p>\n<p><span lang=\"ES-DO\" xml:lang=\"ES-DO\">De su lado, Pedro Lama Hach\u00e9 expres\u00f3 que \u201c<\/span><em><span lang=\"ES-DO\" xml:lang=\"ES-DO\">con este acuerdo se reafirma el compromiso del sector comercial de colaborar con los aliados del Gobierno para coordinar espacios de intercambios que promuevan la lucha contra el comercio il\u00edcito y establecer procedimientos claros para la ejecuci\u00f3n de estos\u201d.<\/span><\/em><\/p>\n<p><span lang=\"ES-DO\" xml:lang=\"ES-DO\">La DGA se compromete a proporcionar a la ONEC informaci\u00f3n general y estad\u00edsticas sobre las\u00a0<strong>importaciones y exportaciones<\/strong>, de conformidad a las regulaciones y limitaciones establecidas por la\u00a0<strong>ley y normas aplicables.<\/strong><\/span><\/p>\n<p><span lang=\"ES-DO\" xml:lang=\"ES-DO\">Tambi\u00e9n, coordinar una\u00a0<strong>mesa de trabajo<\/strong>\u00a0para impulsar medidas que promuevan el\u00a0<strong>comercio l\u00edcito<\/strong>, as\u00ed como\u00a0<strong>prevenir y combatir<\/strong>\u00a0la comisi\u00f3n de faltas a la\u00a0<strong>legislaci\u00f3n aduanera<\/strong>\u00a0dentro del sector, incluyendo la identificaci\u00f3n de situaciones de competencia desleal, desde la perspectiva aduanera.<\/span><\/p>\n<p><span lang=\"ES-DO\" xml:lang=\"ES-DO\">En tanto, la ONEC cooperar\u00e1 con la DGA en la\u00a0<strong>difusi\u00f3n y educaci\u00f3n<\/strong>\u00a0sobre la adecuada aplicaci\u00f3n de la\u00a0<strong>Ley de Aduanas y sus reglamentos<\/strong>, desarrollar\u00a0<strong>capacitaciones, talleres y programas formativos.<\/strong><\/span><\/p>\n<p><span lang=\"ES-DO\" xml:lang=\"ES-DO\">Igualmente, mantendr\u00e1 a la DGA debidamente informada acerca de los miembros que integran a la ONEC.<\/span><\/p>\n<p><span lang=\"ES-DO\" xml:lang=\"ES-DO\"><strong>M\u00e1s de la ONEC<\/strong><\/span><\/p>\n<p><span lang=\"ES-DO\" xml:lang=\"ES-DO\">La ONEC forma parte del\u00a0<strong>Comit\u00e9 Nacional de Facilitaci\u00f3n del Comercio<\/strong>\u00a0(CNFC), del\u00a0<strong>Consejo Consultivo del Trabajo<\/strong>\u00a0(CCT), as\u00ed como otros\u00a0<strong>\u00f3rganos del Estado<\/strong>\u00a0y est\u00e1 orientada en la\u00a0<strong>representaci\u00f3n y defensa<\/strong>\u00a0del comercio formal de venta al detalle en la Rep\u00fablica Dominicana, promoviendo la libre competencia en\u00a0<strong>condiciones de igualdad<\/strong>, fomentando la\u00a0<strong>generaci\u00f3n de empleos<\/strong>\u00a0y el impulso de la\u00a0<strong>econom\u00eda dominicana\u00a0<\/strong>de sus miembros en los renglones de supermercados, hipermercados, farmacias, tiendas por departamentos, ferreter\u00edas, centros comerciales, entre otros.<\/span><\/p>\n","protected":false},"excerpt":{"rendered":"<p>Santo Domingo.-\u00a0La Direcci\u00f3n General de Aduanas\u00a0(DGA) y la\u00a0Organizaci\u00f3n Nacional de Empresas Comerciales(ONEC) suscribieron un\u00a0acuerdo de colaboraci\u00f3n\u00a0de acciones conjuntas en la prevenci\u00f3n de situaciones que puedan dar lugar a\u00a0actos de competencia&hellip; <\/p>\n","protected":false},"author":2,"featured_media":55924,"comment_status":"closed","ping_status":"closed","sticky":false,"template":"","format":"standard","meta":{"fifu_image_url":"https:\/\/presidencia.gob.do\/sites\/default\/files\/styles\/large\/public\/news\/2024-12\/Foto%201%20Eduardo%20Sanz%20Lovat%C3%B3n%20y%20Mario%20Lama%20Hach%C3%A9..JPG?itok=8J7Dt3gc","fifu_image_alt":"","footnotes":""},"categories":[178],"tags":[],"class_list":["post-55923","post","type-post","status-publish","format-standard","has-post-thumbnail","hentry","category-aduana"],"_links":{"self":[{"href":"https:\/\/elmundodelosnegocios.com.do\/v1\/wp-json\/wp\/v2\/posts\/55923","targetHints":{"allow":["GET"]}}],"collection":[{"href":"https:\/\/elmundodelosnegocios.com.do\/v1\/wp-json\/wp\/v2\/posts"}],"about":[{"href":"https:\/\/elmundodelosnegocios.com.do\/v1\/wp-json\/wp\/v2\/types\/post"}],"author":[{"embeddable":true,"href":"https:\/\/elmundodelosnegocios.com.do\/v1\/wp-json\/wp\/v2\/users\/2"}],"replies":[{"embeddable":true,"href":"https:\/\/elmundodelosnegocios.com.do\/v1\/wp-json\/wp\/v2\/comments?post=55923"}],"version-history":[{"count":1,"href":"https:\/\/elmundodelosnegocios.com.do\/v1\/wp-json\/wp\/v2\/posts\/55923\/revisions"}],"predecessor-version":[{"id":55925,"href":"https:\/\/elmundodelosnegocios.com.do\/v1\/wp-json\/wp\/v2\/posts\/55923\/revisions\/55925"}],"wp:featuredmedia":[{"embeddable":true,"href":"https:\/\/elmundodelosnegocios.com.do\/v1\/wp-json\/wp\/v2\/media\/55924"}],"wp:attachment":[{"href":"https:\/\/elmundodelosnegocios.com.do\/v1\/wp-json\/wp\/v2\/media?parent=55923"}],"wp:term":[{"taxonomy":"category","embeddable":true,"href":"https:\/\/elmundodelosnegocios.com.do\/v1\/wp-json\/wp\/v2\/categories?post=55923"},{"taxonomy":"post_tag","embeddable":true,"href":"https:\/\/elmundodelosnegocios.com.do\/v1\/wp-json\/wp\/v2\/tags?post=55923"}],"curies":[{"name":"wp","href":"https:\/\/api.w.org\/{rel}","templated":true}]}}