{"id":55928,"date":"2024-12-13T11:01:30","date_gmt":"2024-12-13T15:31:30","guid":{"rendered":"https:\/\/www.elmundodelosnegocios.com.do\/v1\/?p=55928"},"modified":"2024-12-13T11:01:30","modified_gmt":"2024-12-13T15:31:30","slug":"presidente-del-indotel-aborda-retos-de-inclusion-digital-durante-cumbre-regulatel-en-colombia","status":"publish","type":"post","link":"https:\/\/elmundodelosnegocios.com.do\/v1\/presidente-del-indotel-aborda-retos-de-inclusion-digital-durante-cumbre-regulatel-en-colombia\/","title":{"rendered":"Presidente del Indotel aborda retos de inclusi\u00f3n digital durante Cumbre Regulatel en Colombia"},"content":{"rendered":"<p>Cartagena de Indias, Colombia.- El presidente del Consejo Directivo del\u00a0<strong>Instituto Dominicano de las Telecomunicaciones\u00a0<\/strong>(Indotel),\u00a0<strong>Guido G\u00f3mez Mazara<\/strong>, al participar en la\u00a0<strong>Cumbre Regulatel 2024,<\/strong>\u00a0abord\u00f3 los retos de la\u00a0<strong>inclusi\u00f3n digital<\/strong>, y destac\u00f3 que la\u00a0<strong>brecha digital<\/strong>\u00a0no es solo una cuesti\u00f3n tecnol\u00f3gica, sino una manifestaci\u00f3n de exclusi\u00f3n que afecta principalmente los\u00a0<strong>sectores m\u00e1s vulnerables<\/strong>.<\/p>\n<p><img loading=\"lazy\" decoding=\"async\" class=\"aligncenter size-full\" src=\"https:\/\/presidencia.gob.do\/sites\/default\/files\/styles\/large\/public\/news\/2024-12\/IMG_4934.jpeg?itok=lGn3vVGU\" width=\"1300\" height=\"731\" \/><\/p>\n<p>Durante su intervenci\u00f3n en el panel \u201c<strong>Principios para guiar el desarrollo del ecosistema y los mercados digitales actuales con enfoque del usuario en el centro\u201d,<\/strong>\u00a0realizado en la referida cumbre, G\u00f3mez Mazara indic\u00f3 que, el Indotel tiene la misi\u00f3n de orientar los recursos hacia los sectores hist\u00f3ricamente excluidos de la Rep\u00fablica Dominicana.<\/p>\n<p><em>\u201cHemos incrementado nuestro presupuesto en el Indotel, pero no basta con tener los recursos; debemos asegurarnos de que estos se utilicen de manera estrat\u00e9gica y que lleguen a los sectores m\u00e1s vulnerables de nuestra naci\u00f3n, y nosotros, los pa\u00edses de la regi\u00f3n, debemos identificar los segmentos m\u00e1s empobrecidos de la poblaci\u00f3n para que tengan acceso a la tecnolog\u00eda\u201d,<\/em>\u00a0explic\u00f3.<\/p>\n<p><img loading=\"lazy\" decoding=\"async\" src=\"https:\/\/presidencia.gob.do\/sites\/default\/files\/inline-images\/IMG_4935.jpeg\" width=\"1950\" height=\"1950\" data-entity-uuid=\"c37c688d-ebfe-4cf0-81d7-01ab938d8c6e\" data-entity-type=\"file\" \/><\/p>\n<p>El presidente de Indotel cit\u00f3 un reciente estudio de la\u00a0<strong>Cepal<\/strong>\u00a0que revela que, aunque la Rep\u00fablica Dominicana es un pa\u00eds bien conectado, solo el\u00a0<strong>23 %\u00a0<\/strong>de la poblaci\u00f3n cuenta con\u00a0<strong>conectividad significativa<\/strong>. Frente a este desaf\u00edo, G\u00f3mez Mazara subray\u00f3 la implementaci\u00f3n de programas orientados a promover la formaci\u00f3n t\u00e9cnica para j\u00f3venes, la ciberseguridad para ni\u00f1as y adultos mayores, y el fortalecimiento de\u00a0<strong>herramientas digitales<\/strong>\u00a0del sector p\u00fablico para garantizar mayor\u00a0<strong>confiabilidad y protecci\u00f3n a los ciudadanos.<\/strong><\/p>\n<p>Adem\u00e1s, resalt\u00f3 la implementaci\u00f3n de la\u00a0<strong>Lista Electr\u00f3nica de Confianza<\/strong>, una herramienta innovadora que asegura el reconocimiento internacional de\u00a0<strong>firmas digitales<\/strong>\u00a0y fortalece la\u00a0<strong>infraestructura tecnol\u00f3gica<\/strong>\u00a0del pa\u00eds. Esta iniciativa posiciona a la Rep\u00fablica Dominicana como\u00a0<strong>un referente en seguridad jur\u00eddica digital<\/strong>\u00a0para ciudadanos, empresas y el sector p\u00fablico.<\/p>\n<p>Asimismo, la directora ejecutiva del Indotel,\u00a0<strong>Julissa Cruz<\/strong>, particip\u00f3 en el panel\u00a0<strong>\u201cPasos a seguir para la implementaci\u00f3n eficiente de la mejora regulatoria en Am\u00e9rica Latina\u201d,<\/strong>\u00a0donde enfatiz\u00f3 la importancia de desarrollar pol\u00edticas p\u00fablicas\u00a0<strong>inclusivas y eficientes<\/strong>.\u00a0<em>\u201cCerrar la brecha digital no solo fomenta la equidad social, sino que tambi\u00e9n impulsa el desarrollo econ\u00f3mico sostenible en Rep\u00fablica Dominicana\u201d,<\/em>\u00a0afirm\u00f3 Cruz.<\/p>\n<p>La participaci\u00f3n del Indotel en la Cumbre Regulatel 2024 refuerza el\u00a0<strong>liderazgo de la Rep\u00fablica Dominicana<\/strong>\u00a0en el \u00e1mbito regional y su compromiso con la\u00a0<strong>transformaci\u00f3n digital<\/strong>. Este evento constituye una plataforma estrat\u00e9gica para el intercambio de ideas y el dise\u00f1o de pol\u00edticas innovadoras que respondan a las demandas de una sociedad en constante\u00a0<strong>evoluci\u00f3n tecnol\u00f3gica.<\/strong><\/p>\n","protected":false},"excerpt":{"rendered":"<p>Cartagena de Indias, Colombia.- El presidente del Consejo Directivo del\u00a0Instituto Dominicano de las Telecomunicaciones\u00a0(Indotel),\u00a0Guido G\u00f3mez Mazara, al participar en la\u00a0Cumbre Regulatel 2024,\u00a0abord\u00f3 los retos de la\u00a0inclusi\u00f3n digital, y destac\u00f3 que&hellip; <\/p>\n","protected":false},"author":2,"featured_media":55929,"comment_status":"closed","ping_status":"closed","sticky":false,"template":"","format":"standard","meta":{"fifu_image_url":"https:\/\/presidencia.gob.do\/sites\/default\/files\/styles\/large\/public\/news\/2024-12\/IMG_4934.jpeg?itok=lGn3vVGU","fifu_image_alt":"","footnotes":""},"categories":[64],"tags":[],"class_list":["post-55928","post","type-post","status-publish","format-standard","has-post-thumbnail","hentry","category-telecomunicaciones"],"_links":{"self":[{"href":"https:\/\/elmundodelosnegocios.com.do\/v1\/wp-json\/wp\/v2\/posts\/55928","targetHints":{"allow":["GET"]}}],"collection":[{"href":"https:\/\/elmundodelosnegocios.com.do\/v1\/wp-json\/wp\/v2\/posts"}],"about":[{"href":"https:\/\/elmundodelosnegocios.com.do\/v1\/wp-json\/wp\/v2\/types\/post"}],"author":[{"embeddable":true,"href":"https:\/\/elmundodelosnegocios.com.do\/v1\/wp-json\/wp\/v2\/users\/2"}],"replies":[{"embeddable":true,"href":"https:\/\/elmundodelosnegocios.com.do\/v1\/wp-json\/wp\/v2\/comments?post=55928"}],"version-history":[{"count":1,"href":"https:\/\/elmundodelosnegocios.com.do\/v1\/wp-json\/wp\/v2\/posts\/55928\/revisions"}],"predecessor-version":[{"id":55930,"href":"https:\/\/elmundodelosnegocios.com.do\/v1\/wp-json\/wp\/v2\/posts\/55928\/revisions\/55930"}],"wp:featuredmedia":[{"embeddable":true,"href":"https:\/\/elmundodelosnegocios.com.do\/v1\/wp-json\/wp\/v2\/media\/55929"}],"wp:attachment":[{"href":"https:\/\/elmundodelosnegocios.com.do\/v1\/wp-json\/wp\/v2\/media?parent=55928"}],"wp:term":[{"taxonomy":"category","embeddable":true,"href":"https:\/\/elmundodelosnegocios.com.do\/v1\/wp-json\/wp\/v2\/categories?post=55928"},{"taxonomy":"post_tag","embeddable":true,"href":"https:\/\/elmundodelosnegocios.com.do\/v1\/wp-json\/wp\/v2\/tags?post=55928"}],"curies":[{"name":"wp","href":"https:\/\/api.w.org\/{rel}","templated":true}]}}