{"id":55934,"date":"2024-12-13T11:06:28","date_gmt":"2024-12-13T15:36:28","guid":{"rendered":"https:\/\/www.elmundodelosnegocios.com.do\/v1\/?p=55934"},"modified":"2024-12-13T11:06:28","modified_gmt":"2024-12-13T15:36:28","slug":"grupo-puntacana-se-consolida-como-lider-en-turismo-y-reputacion-empresarial-en-el-ranking-merco-2024","status":"publish","type":"post","link":"https:\/\/elmundodelosnegocios.com.do\/v1\/grupo-puntacana-se-consolida-como-lider-en-turismo-y-reputacion-empresarial-en-el-ranking-merco-2024\/","title":{"rendered":"Grupo Puntacana se consolida como l\u00edder en turismo y reputaci\u00f3n empresarial en el ranking MERCO 2024"},"content":{"rendered":"<p><em><strong>Grupo Puntacana<\/strong>\u00a0reafirma su liderazgo en el sector turismo tras alcanzar el primer lugar en el ranking del monitor corporativo\u00a0<strong>MERCO 2024<\/strong>, y avanzar al puesto n\u00famero 12 entre las empresas con mejor reputaci\u00f3n en la Rep\u00fablica Dominicana.<\/em><\/p>\n<p>Este reconocimiento destaca su compromiso con la excelencia, sostenibilidad e innovaci\u00f3n, pilares que han definido su trayectoria empresarial.<\/p>\n<p><img loading=\"lazy\" decoding=\"async\" class=\"aligncenter size-full\" src=\"https:\/\/diariosocialrd.com\/wp-content\/uploads\/2024\/12\/IMG_4456-scaled.jpeg\" width=\"2560\" height=\"1707\" \/><\/p>\n<p>El ranking tambi\u00e9n posicion\u00f3 a\u00a0<strong>Frank El\u00edas Rainieri<\/strong>, presidente y CEO de Grupo Puntacana, como el l\u00edder con mejor reputaci\u00f3n del pa\u00eds por segundo a\u00f1o consecutivo. Este reconocimiento subraya su influencia como referente de liderazgo en la regi\u00f3n, gracias a una gesti\u00f3n empresarial basada en la confianza y el respeto tanto a nivel nacional como internacional.<\/p>\n<figure class=\"wp-block-image size-large\"><a href=\"https:\/\/diariosocialrd.com\/wp-content\/uploads\/2024\/12\/IMG_4457-scaled.jpeg\" data-rel=\"penci-gallery-image-content\"><img loading=\"lazy\" decoding=\"async\" class=\"wp-image-218385\" src=\"https:\/\/diariosocialrd.com\/wp-content\/uploads\/2024\/12\/IMG_4457-1024x683.jpeg\" sizes=\"auto, (max-width: 1024px) 100vw, 1024px\" srcset=\"https:\/\/diariosocialrd.com\/wp-content\/uploads\/2024\/12\/IMG_4457-1024x683.jpeg 1024w, https:\/\/diariosocialrd.com\/wp-content\/uploads\/2024\/12\/IMG_4457-300x200.jpeg 300w, https:\/\/diariosocialrd.com\/wp-content\/uploads\/2024\/12\/IMG_4457-768x512.jpeg 768w, https:\/\/diariosocialrd.com\/wp-content\/uploads\/2024\/12\/IMG_4457-1536x1024.jpeg 1536w, https:\/\/diariosocialrd.com\/wp-content\/uploads\/2024\/12\/IMG_4457-2048x1365.jpeg 2048w, https:\/\/diariosocialrd.com\/wp-content\/uploads\/2024\/12\/IMG_4457-1920x1280.jpeg 1920w, https:\/\/diariosocialrd.com\/wp-content\/uploads\/2024\/12\/IMG_4457-1170x780.jpeg 1170w, https:\/\/diariosocialrd.com\/wp-content\/uploads\/2024\/12\/IMG_4457-585x390.jpeg 585w, https:\/\/diariosocialrd.com\/wp-content\/uploads\/2024\/12\/IMG_4457-263x175.jpeg 263w\" alt=\"\" width=\"1024\" height=\"683\" \/><\/a><\/figure>\n<p><strong>Diario Libre<\/strong>, parte del conglomerado del Grupo Puntacana, tambi\u00e9n fue distinguido como el medio de comunicaci\u00f3n con mayor reputaci\u00f3n del pa\u00eds, reconocimiento que mantiene por segundo a\u00f1o consecutivo. El informe destac\u00f3 su calidad informativa, capacidad de innovaci\u00f3n y estrategia competitiva, consolid\u00e1ndolo como un modelo a seguir en el \u00e1mbito medi\u00e1tico nacional.<\/p>\n<p><strong>Radham\u00e9s Mart\u00ednez<\/strong>, director de Relaciones Institucionales de Grupo Puntacana, recibi\u00f3 el galard\u00f3n en representaci\u00f3n de la empresa durante el evento oficial de presentaci\u00f3n del ranking.<\/p>\n<h3 class=\"wp-block-heading\"><strong>Metodolog\u00eda del ranking MERCO 2024<\/strong><\/h3>\n<p>El monitor MERCO es una herramienta de referencia en Iberoam\u00e9rica para evaluar la reputaci\u00f3n corporativa. En su edici\u00f3n de 2024, el ranking se bas\u00f3 en\u00a0<strong>1,543 encuestas<\/strong>\u00a0realizadas durante m\u00e1s de seis meses, que involucraron a:<\/p>\n<ul>\n<li><strong>137 directivos empresariales<\/strong><\/li>\n<li><strong>238 expertos<\/strong>\u00a0de sectores como an\u00e1lisis financiero, periodismo, ONGs, sector p\u00fablico y acad\u00e9mico<\/li>\n<li><strong>1,153 ciudadanos<\/strong>\u00a0encuestados a trav\u00e9s de correo electr\u00f3nico y plataformas digitales<\/li>\n<\/ul>\n<p>Los resultados son auditados por KPMG bajo la norma ISAE 3000, garantizando transparencia e independencia.<\/p>\n<h3 class=\"wp-block-heading\"><strong>Sobre Grupo Puntacana<\/strong><\/h3>\n<p>Fundado hace m\u00e1s de 55 a\u00f1os,\u00a0<strong>Grupo Puntacana<\/strong>\u00a0es pionero en el desarrollo tur\u00edstico e inmobiliario en la Rep\u00fablica Dominicana. Su modelo de negocio combina innovaci\u00f3n, sostenibilidad y responsabilidad social, promoviendo el desarrollo econ\u00f3mico, cultural y medioambiental del pa\u00eds.<\/p>\n<p>Con reconocimientos como este, Grupo Puntacana reafirma su compromiso de liderar con visi\u00f3n y responsabilidad, contribuyendo al fortalecimiento del turismo y la reputaci\u00f3n empresarial dominicana.<\/p>\n","protected":false},"excerpt":{"rendered":"<p>Grupo Puntacana\u00a0reafirma su liderazgo en el sector turismo tras alcanzar el primer lugar en el ranking del monitor corporativo\u00a0MERCO 2024, y avanzar al puesto n\u00famero 12 entre las empresas con&hellip; <\/p>\n","protected":false},"author":2,"featured_media":55935,"comment_status":"closed","ping_status":"closed","sticky":false,"template":"","format":"standard","meta":{"fifu_image_url":"https:\/\/diariosocialrd.com\/wp-content\/uploads\/2024\/12\/IMG_4456-scaled.jpeg","fifu_image_alt":"","footnotes":""},"categories":[172],"tags":[],"class_list":["post-55934","post","type-post","status-publish","format-standard","has-post-thumbnail","hentry","category-turismo"],"_links":{"self":[{"href":"https:\/\/elmundodelosnegocios.com.do\/v1\/wp-json\/wp\/v2\/posts\/55934","targetHints":{"allow":["GET"]}}],"collection":[{"href":"https:\/\/elmundodelosnegocios.com.do\/v1\/wp-json\/wp\/v2\/posts"}],"about":[{"href":"https:\/\/elmundodelosnegocios.com.do\/v1\/wp-json\/wp\/v2\/types\/post"}],"author":[{"embeddable":true,"href":"https:\/\/elmundodelosnegocios.com.do\/v1\/wp-json\/wp\/v2\/users\/2"}],"replies":[{"embeddable":true,"href":"https:\/\/elmundodelosnegocios.com.do\/v1\/wp-json\/wp\/v2\/comments?post=55934"}],"version-history":[{"count":1,"href":"https:\/\/elmundodelosnegocios.com.do\/v1\/wp-json\/wp\/v2\/posts\/55934\/revisions"}],"predecessor-version":[{"id":55936,"href":"https:\/\/elmundodelosnegocios.com.do\/v1\/wp-json\/wp\/v2\/posts\/55934\/revisions\/55936"}],"wp:featuredmedia":[{"embeddable":true,"href":"https:\/\/elmundodelosnegocios.com.do\/v1\/wp-json\/wp\/v2\/media\/55935"}],"wp:attachment":[{"href":"https:\/\/elmundodelosnegocios.com.do\/v1\/wp-json\/wp\/v2\/media?parent=55934"}],"wp:term":[{"taxonomy":"category","embeddable":true,"href":"https:\/\/elmundodelosnegocios.com.do\/v1\/wp-json\/wp\/v2\/categories?post=55934"},{"taxonomy":"post_tag","embeddable":true,"href":"https:\/\/elmundodelosnegocios.com.do\/v1\/wp-json\/wp\/v2\/tags?post=55934"}],"curies":[{"name":"wp","href":"https:\/\/api.w.org\/{rel}","templated":true}]}}