{"id":55982,"date":"2024-12-15T20:03:15","date_gmt":"2024-12-16T00:33:15","guid":{"rendered":"https:\/\/www.elmundodelosnegocios.com.do\/v1\/?p=55982"},"modified":"2024-12-15T20:03:15","modified_gmt":"2024-12-16T00:33:15","slug":"banco-ademi-es-reconocido-con-el-premio-a-la-gestion-institucional-de-inclusion-financiera-2024","status":"publish","type":"post","link":"https:\/\/elmundodelosnegocios.com.do\/v1\/banco-ademi-es-reconocido-con-el-premio-a-la-gestion-institucional-de-inclusion-financiera-2024\/","title":{"rendered":"Banco Ademi es reconocido con el Premio a la Gesti\u00f3n Institucional de Inclusi\u00f3n Financiera 2024"},"content":{"rendered":"<p><strong>Santo Domingo. \u2013<\/strong>\u00a0El Banco Ademi recibi\u00f3 el prestigioso Premio a la Gesti\u00f3n Institucional de Inclusi\u00f3n Financiera, otorgado por el Banco Centroamericano de Integraci\u00f3n Econ\u00f3mica (BCIE), a trav\u00e9s de su Fundaci\u00f3n de Apoyo Social y en colaboraci\u00f3n con Solidarios, Consejo de Fundaciones Americanas de Desarrollo. Este reconocimiento forma parte del programa de los Premios BCIE-Solidarios a la Microempresa, que busca destacar las mejores pr\u00e1cticas en el fortalecimiento de la inclusi\u00f3n financiera en la regi\u00f3n.<\/p>\n<p>Banco Ademi, \u00fanico banco m\u00faltiple especializado en microfinanzas en la Rep\u00fablica Dominicana fue reconocido por su compromiso y excelencia en impulsar el acceso al cr\u00e9dito formal a los dominicanos de los sectores menos favorecidos, contribuyendo de manera significativa al desarrollo econ\u00f3mico y social del pa\u00eds.<\/p>\n<p><a href=\"http:\/\/elmundodelosnegocios.com.do\/v1\/wp-content\/uploads\/2024\/12\/WhatsApp-Image-2024-12-15-at-10.45.00-AM.jpg\"><img loading=\"lazy\" decoding=\"async\" class=\"aligncenter size-full wp-image-55984\" src=\"http:\/\/elmundodelosnegocios.com.do\/v1\/wp-content\/uploads\/2024\/12\/WhatsApp-Image-2024-12-15-at-10.45.00-AM.jpg\" alt=\"\" width=\"1066\" height=\"600\" srcset=\"https:\/\/elmundodelosnegocios.com.do\/v1\/wp-content\/uploads\/2024\/12\/WhatsApp-Image-2024-12-15-at-10.45.00-AM.jpg 1066w, https:\/\/elmundodelosnegocios.com.do\/v1\/wp-content\/uploads\/2024\/12\/WhatsApp-Image-2024-12-15-at-10.45.00-AM-300x169.jpg 300w, https:\/\/elmundodelosnegocios.com.do\/v1\/wp-content\/uploads\/2024\/12\/WhatsApp-Image-2024-12-15-at-10.45.00-AM-1024x576.jpg 1024w, https:\/\/elmundodelosnegocios.com.do\/v1\/wp-content\/uploads\/2024\/12\/WhatsApp-Image-2024-12-15-at-10.45.00-AM-768x432.jpg 768w\" sizes=\"auto, (max-width: 1066px) 100vw, 1066px\" \/><\/a><\/p>\n<p>Al recibir este reconocimiento, Andr\u00e9s Bordas, presidente ejecutivo de Banco Ademi, expres\u00f3 que \u00a8la inclusi\u00f3n financiera no es s\u00f3lo una meta para nosotros; es parte de nuestro ADN, ha sido y seguir\u00e1 siendo nuestra raz\u00f3n de existir como entidad bancaria. Con cada pr\u00e9stamo que otorgamos y con cada cuenta que abrimos contribuimos a que nuestros clientes avancen en sus propias historias de superaci\u00f3n, acerc\u00e1ndose cada vez m\u00e1s a materializar sus sue\u00f1os de construir un mejor futuro para s\u00ed mismos y para sus familias\u00a8.<\/p>\n<div id=\"\" class=\"mmc_ads \"><a href=\"http:\/\/elmundodelosnegocios.com.do\/v1\/wp-content\/uploads\/2024\/12\/Premio-Banco-Ademi.jpg\"><img loading=\"lazy\" decoding=\"async\" class=\"aligncenter size-full wp-image-55983\" src=\"http:\/\/elmundodelosnegocios.com.do\/v1\/wp-content\/uploads\/2024\/12\/Premio-Banco-Ademi.jpg\" alt=\"\" width=\"896\" height=\"504\" srcset=\"https:\/\/elmundodelosnegocios.com.do\/v1\/wp-content\/uploads\/2024\/12\/Premio-Banco-Ademi.jpg 896w, https:\/\/elmundodelosnegocios.com.do\/v1\/wp-content\/uploads\/2024\/12\/Premio-Banco-Ademi-300x169.jpg 300w, https:\/\/elmundodelosnegocios.com.do\/v1\/wp-content\/uploads\/2024\/12\/Premio-Banco-Ademi-768x432.jpg 768w\" sizes=\"auto, (max-width: 896px) 100vw, 896px\" \/><\/a><\/div>\n<p>Durante su discurso, Bordas manifest\u00f3 que Banco Ademi cuenta con m\u00e1s de 300,000 clientes, de los cuales 148,000 tienen pr\u00e9stamos activos, con un monto de desembolso promedio inferior a RD$85,000.\u00a0 Esta cifra incluye m\u00e1s de 25 mil clientes que la instituci\u00f3n financiera ha logrado bancarizar en los \u00faltimos 12 meses, d\u00e1ndoles acceso a financiamientos con un monto promedio por cr\u00e9dito de RD$40,000. Asimismo, resalt\u00f3 que la entidad est\u00e1 comprometida con la no discriminaci\u00f3n y con la equidad de g\u00e9nero, siendo el 49% de sus clientes mujeres.<\/p>\n<p>Asimismo, en 2024 como parte de su gesti\u00f3n estrat\u00e9gica, el Banco continu\u00f3 fortaleciendo los programas de financiamiento para el mejoramiento de viviendas, para la adopci\u00f3n de energ\u00eda renovable, para la educaci\u00f3n y para contribuir a la resiliencia frente al cambio clim\u00e1tico.\u00a0 Tambi\u00e9n facilit\u00f3 a sus clientes la recepci\u00f3n de remesas y realiz\u00f3 mejoras importantes a las plataformas digitales, con el fin de estar cada vez m\u00e1s cerca de sus clientes y brindarles un servicio de calidad.<\/p>\n<p>El presidente ejecutivo Andr\u00e9s Bordas en compa\u00f1\u00eda de Roberto Del Rosario, vicepresidente de Negocios, Rosa M\u00e9ndez, vicepresidenta de Operaciones, Lizamna Alc\u00e1ntara, vicepresidenta de Gesti\u00f3n Integral de Riesgos y Alicia Freites, vicepresidenta Estrategia e Innovaci\u00f3n del Banco Ademi, recibi\u00f3 el premio de manos de la alcaldesa del Distrito Nacional, Carolina Mej\u00eda y del director pa\u00eds del BCIE, Manuel Ogando.<\/p>\n<h2 id=\"h-acerca-de-banco-ademi\" class=\"wp-block-heading\"><strong>Acerca de Banco Ademi<\/strong><\/h2>\n<p>En Banco Ademi, somos el principal Banco m\u00faltiple especializado en microfinanzas que basa sus servicios financieros en procesos simples y \u00e1giles para incentivar el crecimiento socioecon\u00f3mico de los dominicanos en los sectores menos favorecidos de Rep\u00fablica Dominicana. L\u00ednea de tiempo: 1983: Don Camilo Lluberes Henr\u00edquez funda la Asociaci\u00f3n para el Desarrollo de Microempresas, Inc.<\/p>\n<p>(Ademi), una organizaci\u00f3n sin fines de lucro dedicada a ofrecer programas de cr\u00e9ditos para micro y peque\u00f1as empresas. 1997: La Asociaci\u00f3n para el Desarrollo de Microempresas, Inc. (Ademi), se convierte en Banco Ademi de Desarrollo Ademi. S.A. 2005: Banco Ademi de Desarrollo Ademi. S.A., se transforma en Banco de Ahorro y Cr\u00e9dito Ademi. Con una s\u00f3lida posici\u00f3n dentro de su mercado, se convirti\u00f3 en el banco de ahorro y cr\u00e9dito m\u00e1s grande del pa\u00eds, especialmente en el segmento de las microempresas. 2013: La entidad se convierte en Banco M\u00faltiple Ademi. www.bancoademi.com.do<\/p>\n","protected":false},"excerpt":{"rendered":"<p>Santo Domingo. \u2013\u00a0El Banco Ademi recibi\u00f3 el prestigioso Premio a la Gesti\u00f3n Institucional de Inclusi\u00f3n Financiera, otorgado por el Banco Centroamericano de Integraci\u00f3n Econ\u00f3mica (BCIE), a trav\u00e9s de su Fundaci\u00f3n&hellip; <\/p>\n","protected":false},"author":2,"featured_media":55984,"comment_status":"closed","ping_status":"closed","sticky":false,"template":"","format":"standard","meta":{"fifu_image_url":"","fifu_image_alt":"","footnotes":""},"categories":[180],"tags":[],"class_list":["post-55982","post","type-post","status-publish","format-standard","has-post-thumbnail","hentry","category-banca"],"_links":{"self":[{"href":"https:\/\/elmundodelosnegocios.com.do\/v1\/wp-json\/wp\/v2\/posts\/55982","targetHints":{"allow":["GET"]}}],"collection":[{"href":"https:\/\/elmundodelosnegocios.com.do\/v1\/wp-json\/wp\/v2\/posts"}],"about":[{"href":"https:\/\/elmundodelosnegocios.com.do\/v1\/wp-json\/wp\/v2\/types\/post"}],"author":[{"embeddable":true,"href":"https:\/\/elmundodelosnegocios.com.do\/v1\/wp-json\/wp\/v2\/users\/2"}],"replies":[{"embeddable":true,"href":"https:\/\/elmundodelosnegocios.com.do\/v1\/wp-json\/wp\/v2\/comments?post=55982"}],"version-history":[{"count":1,"href":"https:\/\/elmundodelosnegocios.com.do\/v1\/wp-json\/wp\/v2\/posts\/55982\/revisions"}],"predecessor-version":[{"id":55985,"href":"https:\/\/elmundodelosnegocios.com.do\/v1\/wp-json\/wp\/v2\/posts\/55982\/revisions\/55985"}],"wp:featuredmedia":[{"embeddable":true,"href":"https:\/\/elmundodelosnegocios.com.do\/v1\/wp-json\/wp\/v2\/media\/55984"}],"wp:attachment":[{"href":"https:\/\/elmundodelosnegocios.com.do\/v1\/wp-json\/wp\/v2\/media?parent=55982"}],"wp:term":[{"taxonomy":"category","embeddable":true,"href":"https:\/\/elmundodelosnegocios.com.do\/v1\/wp-json\/wp\/v2\/categories?post=55982"},{"taxonomy":"post_tag","embeddable":true,"href":"https:\/\/elmundodelosnegocios.com.do\/v1\/wp-json\/wp\/v2\/tags?post=55982"}],"curies":[{"name":"wp","href":"https:\/\/api.w.org\/{rel}","templated":true}]}}