{"id":56077,"date":"2024-12-20T09:08:58","date_gmt":"2024-12-20T13:38:58","guid":{"rendered":"https:\/\/www.elmundodelosnegocios.com.do\/v1\/?p=56077"},"modified":"2024-12-20T09:08:58","modified_gmt":"2024-12-20T13:38:58","slug":"suscriben-aduanas-rd-y-panama-memorandum-cooperacion-e-intercambio-informacion","status":"publish","type":"post","link":"https:\/\/elmundodelosnegocios.com.do\/v1\/suscriben-aduanas-rd-y-panama-memorandum-cooperacion-e-intercambio-informacion\/","title":{"rendered":"Suscriben Aduanas RD y Panam\u00e1 memor\u00e1ndum cooperaci\u00f3n e intercambio  informaci\u00f3n"},"content":{"rendered":"<p>Santo Domingo, R.D. Diciembre 2024.- El director general de Aduanas, Eduardo Sanz Lovat\u00f3n, y la titular de la Autoridad Nacional de Aduanas (ANA) de Panam\u00e1, Soraya Valdivieso, firmaron un memor\u00e1ndum de entendimiento sobre cooperaci\u00f3n e intercambio de informaci\u00f3n en asuntos aduaneros, que permitir\u00e1, a ambos pa\u00edses, trabajar juntos en la lucha contra los il\u00edcitos y la competencia desleal.<\/p>\n<figure id=\"attachment_56078\" aria-describedby=\"caption-attachment-56078\" style=\"width: 2560px\" class=\"wp-caption aligncenter\"><a href=\"http:\/\/elmundodelosnegocios.com.do\/v1\/wp-content\/uploads\/2024\/12\/Foto-1-Soraya-Valdivieso-titular-de-la-Autoridad-Nacional-de-Aduanas-ANA-de-Panama-y-Eduardo-Sanz-Lovaton-director-general-de-Aduanas-scaled.jpg\"><img loading=\"lazy\" decoding=\"async\" class=\"size-full wp-image-56078\" src=\"http:\/\/elmundodelosnegocios.com.do\/v1\/wp-content\/uploads\/2024\/12\/Foto-1-Soraya-Valdivieso-titular-de-la-Autoridad-Nacional-de-Aduanas-ANA-de-Panama-y-Eduardo-Sanz-Lovaton-director-general-de-Aduanas-scaled.jpg\" alt=\"Soraya Valdivieso,  titular de la Autoridad Nacional de Aduanas (ANA) de Panam\u00e1 y Eduardo Sanz Lovat\u00f3n, director general de Aduanas.\" width=\"2560\" height=\"1707\" srcset=\"https:\/\/elmundodelosnegocios.com.do\/v1\/wp-content\/uploads\/2024\/12\/Foto-1-Soraya-Valdivieso-titular-de-la-Autoridad-Nacional-de-Aduanas-ANA-de-Panama-y-Eduardo-Sanz-Lovaton-director-general-de-Aduanas-scaled.jpg 2560w, https:\/\/elmundodelosnegocios.com.do\/v1\/wp-content\/uploads\/2024\/12\/Foto-1-Soraya-Valdivieso-titular-de-la-Autoridad-Nacional-de-Aduanas-ANA-de-Panama-y-Eduardo-Sanz-Lovaton-director-general-de-Aduanas-300x200.jpg 300w, https:\/\/elmundodelosnegocios.com.do\/v1\/wp-content\/uploads\/2024\/12\/Foto-1-Soraya-Valdivieso-titular-de-la-Autoridad-Nacional-de-Aduanas-ANA-de-Panama-y-Eduardo-Sanz-Lovaton-director-general-de-Aduanas-1024x683.jpg 1024w, https:\/\/elmundodelosnegocios.com.do\/v1\/wp-content\/uploads\/2024\/12\/Foto-1-Soraya-Valdivieso-titular-de-la-Autoridad-Nacional-de-Aduanas-ANA-de-Panama-y-Eduardo-Sanz-Lovaton-director-general-de-Aduanas-768x512.jpg 768w, https:\/\/elmundodelosnegocios.com.do\/v1\/wp-content\/uploads\/2024\/12\/Foto-1-Soraya-Valdivieso-titular-de-la-Autoridad-Nacional-de-Aduanas-ANA-de-Panama-y-Eduardo-Sanz-Lovaton-director-general-de-Aduanas-1536x1024.jpg 1536w, https:\/\/elmundodelosnegocios.com.do\/v1\/wp-content\/uploads\/2024\/12\/Foto-1-Soraya-Valdivieso-titular-de-la-Autoridad-Nacional-de-Aduanas-ANA-de-Panama-y-Eduardo-Sanz-Lovaton-director-general-de-Aduanas-2048x1365.jpg 2048w\" sizes=\"auto, (max-width: 2560px) 100vw, 2560px\" \/><\/a><figcaption id=\"caption-attachment-56078\" class=\"wp-caption-text\">Soraya Valdivieso, titular de la Autoridad Nacional de Aduanas (ANA) de Panam\u00e1 y Eduardo Sanz Lovat\u00f3n, director general de Aduanas.<\/figcaption><\/figure>\n<p>El pacto suscrito, incluye: el intercambio de informaci\u00f3n y las consultas necesarias para asegurar la correcta aplicaci\u00f3n de sus respectivas legislaciones aduaneras, facilitar el comercio, prevenir, investigar y reprimir las infracciones o il\u00edcitos aduaneros, as\u00ed como disminuir los niveles de riesgo en la cadena log\u00edstica de comercio internacional.<\/p>\n<p>Al momento de la firma, el director de la DGA afirm\u00f3: \u201cEs un compromiso esencial de todos los funcionarios de aduanas del mundo, y en el caso de quien les habla, que tiene el alto honor de presidir la autoridad dominicana en materia aduanera, perseguir estos flagelos, estudiarlos, compararlos, darles seguimiento para que, cada d\u00eda m\u00e1s, podamos instaurar una cultura de cumplimiento, transparencia y de comercio justo\u201d.<\/p>\n<p>\u201cLa cultura de la transparencia, compromiso y cumplimiento no puede ser un tema exclusivo de los servidores p\u00fablicos. Es tan corrupto el evasor de impuestos como el funcionario p\u00fablico que malversa fondos\u201d, indic\u00f3 Lovat\u00f3n.<\/p>\n<p>Por su parte, la titular de la ANA, Soraya Valdivieso, expres\u00f3: \u201cLa verdad es que, para la entidad que represento, es un gran honor estar firmando este memor\u00e1ndum de entendimiento, el cual sirve para fortalecer los lazos y la cooperaci\u00f3n mutua entre ambos pa\u00edses y sus aduanas\u201d.<\/p>\n<p>\u201cCon esto, le mandamos un mensaje claro a las organizaciones criminales del comercio il\u00edcito y competencia desleal: estamos juntos en esta lucha para proteger los intereses de nuestras naciones y la seguridad regional. No existe otra manera de hacerlo, que unidos\u201d, exclam\u00f3 Valdivieso.<\/p>\n<p>Con este pacto suscrito, las autoridades aduaneras de ambas naciones se comprometen a cooperar en el \u00e1mbito de: informaci\u00f3n para la aplicaci\u00f3n de la legislaci\u00f3n aduanera, intercambio de informaci\u00f3n aduanera, informaci\u00f3n relacionada con infracciones o il\u00edcitos aduaneros, determinaci\u00f3n de impuestos aduaneros, intercambio de informaci\u00f3n en materia de propiedad intelectual, entre otros aspectos.<\/p>\n","protected":false},"excerpt":{"rendered":"<p>Santo Domingo, R.D. Diciembre 2024.- El director general de Aduanas, Eduardo Sanz Lovat\u00f3n, y la titular de la Autoridad Nacional de Aduanas (ANA) de Panam\u00e1, Soraya Valdivieso, firmaron un memor\u00e1ndum&hellip; <\/p>\n","protected":false},"author":2,"featured_media":56078,"comment_status":"closed","ping_status":"closed","sticky":false,"template":"","format":"standard","meta":{"fifu_image_url":"","fifu_image_alt":"","footnotes":""},"categories":[169],"tags":[],"class_list":["post-56077","post","type-post","status-publish","format-standard","has-post-thumbnail","hentry","category-transporte-internacional"],"_links":{"self":[{"href":"https:\/\/elmundodelosnegocios.com.do\/v1\/wp-json\/wp\/v2\/posts\/56077","targetHints":{"allow":["GET"]}}],"collection":[{"href":"https:\/\/elmundodelosnegocios.com.do\/v1\/wp-json\/wp\/v2\/posts"}],"about":[{"href":"https:\/\/elmundodelosnegocios.com.do\/v1\/wp-json\/wp\/v2\/types\/post"}],"author":[{"embeddable":true,"href":"https:\/\/elmundodelosnegocios.com.do\/v1\/wp-json\/wp\/v2\/users\/2"}],"replies":[{"embeddable":true,"href":"https:\/\/elmundodelosnegocios.com.do\/v1\/wp-json\/wp\/v2\/comments?post=56077"}],"version-history":[{"count":1,"href":"https:\/\/elmundodelosnegocios.com.do\/v1\/wp-json\/wp\/v2\/posts\/56077\/revisions"}],"predecessor-version":[{"id":56079,"href":"https:\/\/elmundodelosnegocios.com.do\/v1\/wp-json\/wp\/v2\/posts\/56077\/revisions\/56079"}],"wp:featuredmedia":[{"embeddable":true,"href":"https:\/\/elmundodelosnegocios.com.do\/v1\/wp-json\/wp\/v2\/media\/56078"}],"wp:attachment":[{"href":"https:\/\/elmundodelosnegocios.com.do\/v1\/wp-json\/wp\/v2\/media?parent=56077"}],"wp:term":[{"taxonomy":"category","embeddable":true,"href":"https:\/\/elmundodelosnegocios.com.do\/v1\/wp-json\/wp\/v2\/categories?post=56077"},{"taxonomy":"post_tag","embeddable":true,"href":"https:\/\/elmundodelosnegocios.com.do\/v1\/wp-json\/wp\/v2\/tags?post=56077"}],"curies":[{"name":"wp","href":"https:\/\/api.w.org\/{rel}","templated":true}]}}