{"id":56113,"date":"2024-12-23T10:05:04","date_gmt":"2024-12-23T14:35:04","guid":{"rendered":"https:\/\/www.elmundodelosnegocios.com.do\/v1\/?p=56113"},"modified":"2024-12-23T10:05:04","modified_gmt":"2024-12-23T14:35:04","slug":"acuerdan-mirex-y-dga-potenciar-exportaciones-y-eficientizar-procesos-administrativos","status":"publish","type":"post","link":"https:\/\/elmundodelosnegocios.com.do\/v1\/acuerdan-mirex-y-dga-potenciar-exportaciones-y-eficientizar-procesos-administrativos\/","title":{"rendered":"Acuerdan MIREX y DGA potenciar  exportaciones y eficientizar procesos administrativos"},"content":{"rendered":"<p><b>Santo Domingo de Guzm\u00e1n, R. D.-<\/b><span style=\"font-weight: 400;\"> El Ministerio de Relaciones Exteriores (MIREX) y la Direcci\u00f3n General de Aduanas (DGA) firmaron un acuerdo de colaboraci\u00f3n interinstitucional para reforzar el trabajo de las misiones diplom\u00e1ticas y consulares en la gesti\u00f3n de oportunidades de exportaci\u00f3n, y ampliar el trabajo de la representaci\u00f3n comercial del pa\u00eds en el exterior.\u00a0<\/span><\/p>\n<p><a href=\"http:\/\/elmundodelosnegocios.com.do\/v1\/wp-content\/uploads\/2024\/12\/Foto-1-El-director-general-de-Aduanas-Eduardo-Sanz-Lovaton-y-el-canciller-Roberto-Alvarez.jpg\"><img loading=\"lazy\" decoding=\"async\" class=\"aligncenter size-full wp-image-56114\" src=\"http:\/\/elmundodelosnegocios.com.do\/v1\/wp-content\/uploads\/2024\/12\/Foto-1-El-director-general-de-Aduanas-Eduardo-Sanz-Lovaton-y-el-canciller-Roberto-Alvarez.jpg\" alt=\"\" width=\"1310\" height=\"967\" srcset=\"https:\/\/elmundodelosnegocios.com.do\/v1\/wp-content\/uploads\/2024\/12\/Foto-1-El-director-general-de-Aduanas-Eduardo-Sanz-Lovaton-y-el-canciller-Roberto-Alvarez.jpg 1310w, https:\/\/elmundodelosnegocios.com.do\/v1\/wp-content\/uploads\/2024\/12\/Foto-1-El-director-general-de-Aduanas-Eduardo-Sanz-Lovaton-y-el-canciller-Roberto-Alvarez-300x221.jpg 300w, https:\/\/elmundodelosnegocios.com.do\/v1\/wp-content\/uploads\/2024\/12\/Foto-1-El-director-general-de-Aduanas-Eduardo-Sanz-Lovaton-y-el-canciller-Roberto-Alvarez-1024x756.jpg 1024w, https:\/\/elmundodelosnegocios.com.do\/v1\/wp-content\/uploads\/2024\/12\/Foto-1-El-director-general-de-Aduanas-Eduardo-Sanz-Lovaton-y-el-canciller-Roberto-Alvarez-768x567.jpg 768w\" sizes=\"auto, (max-width: 1310px) 100vw, 1310px\" \/><\/a><\/p>\n<p><span style=\"font-weight: 400;\">El convenio, firmado por el canciller Roberto \u00c1lvarez y el director general de Aduanas, Eduardo Sanz Lovat\u00f3n, adem\u00e1s establece que ambas instituciones unir\u00e1n esfuerzos para continuar promoviendo a la Rep\u00fablica Dominicana como el principal <\/span><i><span style=\"font-weight: 400;\">hub<\/span><\/i><span style=\"font-weight: 400;\"> log\u00edstico del Caribe y Centroam\u00e9rica, integrando transporte mar\u00edtimo, a\u00e9reo y terrestre para facilitar el comercio global.<\/span><\/p>\n<p><a href=\"http:\/\/elmundodelosnegocios.com.do\/v1\/wp-content\/uploads\/2024\/12\/Foto-2-1.jpg\"><img loading=\"lazy\" decoding=\"async\" class=\"aligncenter size-full wp-image-56115\" src=\"http:\/\/elmundodelosnegocios.com.do\/v1\/wp-content\/uploads\/2024\/12\/Foto-2-1.jpg\" alt=\"\" width=\"1474\" height=\"1045\" srcset=\"https:\/\/elmundodelosnegocios.com.do\/v1\/wp-content\/uploads\/2024\/12\/Foto-2-1.jpg 1474w, https:\/\/elmundodelosnegocios.com.do\/v1\/wp-content\/uploads\/2024\/12\/Foto-2-1-300x213.jpg 300w, https:\/\/elmundodelosnegocios.com.do\/v1\/wp-content\/uploads\/2024\/12\/Foto-2-1-1024x726.jpg 1024w, https:\/\/elmundodelosnegocios.com.do\/v1\/wp-content\/uploads\/2024\/12\/Foto-2-1-768x544.jpg 768w\" sizes=\"auto, (max-width: 1474px) 100vw, 1474px\" \/><\/a><\/p>\n<p><span style=\"font-weight: 400;\">\u201cUno de los aspectos m\u00e1s relevantes de este acuerdo es el fortalecimiento del intercambio de informaci\u00f3n entre nuestras instituciones, permitiendo que el MIREX cuente con datos actualizados y precisos sobre el comercio internacional. Esto ser\u00e1 clave para nuestras misiones diplom\u00e1ticas en el exterior, que podr\u00e1n desempe\u00f1ar su labor con mayor efectividad, al tener acceso a informaci\u00f3n, en tiempo real con tan solo un clic, que apoyen a impulsar nuestras exportaciones e importaciones, a consolidarnos como un <\/span><i><span style=\"font-weight: 400;\">hub<\/span><\/i><span style=\"font-weight: 400;\"> log\u00edstico en la regi\u00f3n y atraer nuevas inversiones\u201d, afirm\u00f3 el ministro \u00c1lvarez.<\/span><\/p>\n<p><span style=\"font-weight: 400;\">De su lado, el director general de Aduanas expres\u00f3 que este acuerdo ser\u00e1 trascendental para promover, a trav\u00e9s de las representaciones diplom\u00e1ticas, al comercio dominicano, y c\u00f3mo el pa\u00eds se ha convertido, bajo la gesti\u00f3n que encabeza el presidente Luis Abinader, en un <\/span><i><span style=\"font-weight: 400;\">hub <\/span><\/i><span style=\"font-weight: 400;\">log\u00edstico de clase mundial, y en un ejemplo a seguir para otras aduanas del mundo.<\/span><\/p>\n<p><span style=\"font-weight: 400;\">\u00abCuando nosotros inauguramos nuestra gesti\u00f3n, \u00e9ramos el 18 % de los ingresos del Estado, hoy somos el 25 % es estos, y hemos incrementado los hallazgos en todos los il\u00edcitos. Este acuerdo, se suma a las iniciativas como Exporta +, que cuenta ya con 109 empresas registradas\u201d, puntualiz\u00f3 Sanz Lovat\u00f3n.\u00a0<\/span><\/p>\n<p><span style=\"font-weight: 400;\">Mediante este acuerdo, el MIREX y la DGA trabajar\u00e1n en la automatizaci\u00f3n del proceso de solicitud de cruces transfronterizos hacia Hait\u00ed, eliminando la necesidad de desplazamiento de los solicitantes a la DGA. Tambi\u00e9n, se refuerza el compromiso de la Canciller\u00eda en canalizar capacitaci\u00f3n y formaci\u00f3n profesional internacional al personal de Aduanas, en \u00e1reas como: comercio exterior, control, fiscalizaci\u00f3n, seguridad y modernizaci\u00f3n aduanera, entre otros.\u00a0<\/span><\/p>\n<p><span style=\"font-weight: 400;\">Adem\u00e1s, servir\u00e1 para optimizar los procesos actuales de la Ventanilla \u00danica de Comercio Exterior (VUCE) para simplificar tr\u00e1mites, agilizar las gestiones y reducir significativamente los tiempos de respuesta en las distintas solicitudes.<\/span><\/p>\n<p><span style=\"font-weight: 400;\">La firma de este acuerdo fue posible gracias al trabajo conjunto entre el Viceministerio para Asuntos Econ\u00f3micos y Cooperaci\u00f3n Internacional del Ministerio de Relaciones Exteriores (MIREX) y la Direcci\u00f3n General de Aduanas (DGA), cuyos representantes estuvieron presentes durante el acto protocolar.<\/span><\/p>\n","protected":false},"excerpt":{"rendered":"<p>Santo Domingo de Guzm\u00e1n, R. D.- El Ministerio de Relaciones Exteriores (MIREX) y la Direcci\u00f3n General de Aduanas (DGA) firmaron un acuerdo de colaboraci\u00f3n interinstitucional para reforzar el trabajo de&hellip; <\/p>\n","protected":false},"author":2,"featured_media":56114,"comment_status":"closed","ping_status":"closed","sticky":false,"template":"","format":"standard","meta":{"fifu_image_url":"","fifu_image_alt":"","footnotes":""},"categories":[74],"tags":[],"class_list":["post-56113","post","type-post","status-publish","format-standard","has-post-thumbnail","hentry","category-comercio-internacional"],"_links":{"self":[{"href":"https:\/\/elmundodelosnegocios.com.do\/v1\/wp-json\/wp\/v2\/posts\/56113","targetHints":{"allow":["GET"]}}],"collection":[{"href":"https:\/\/elmundodelosnegocios.com.do\/v1\/wp-json\/wp\/v2\/posts"}],"about":[{"href":"https:\/\/elmundodelosnegocios.com.do\/v1\/wp-json\/wp\/v2\/types\/post"}],"author":[{"embeddable":true,"href":"https:\/\/elmundodelosnegocios.com.do\/v1\/wp-json\/wp\/v2\/users\/2"}],"replies":[{"embeddable":true,"href":"https:\/\/elmundodelosnegocios.com.do\/v1\/wp-json\/wp\/v2\/comments?post=56113"}],"version-history":[{"count":1,"href":"https:\/\/elmundodelosnegocios.com.do\/v1\/wp-json\/wp\/v2\/posts\/56113\/revisions"}],"predecessor-version":[{"id":56116,"href":"https:\/\/elmundodelosnegocios.com.do\/v1\/wp-json\/wp\/v2\/posts\/56113\/revisions\/56116"}],"wp:featuredmedia":[{"embeddable":true,"href":"https:\/\/elmundodelosnegocios.com.do\/v1\/wp-json\/wp\/v2\/media\/56114"}],"wp:attachment":[{"href":"https:\/\/elmundodelosnegocios.com.do\/v1\/wp-json\/wp\/v2\/media?parent=56113"}],"wp:term":[{"taxonomy":"category","embeddable":true,"href":"https:\/\/elmundodelosnegocios.com.do\/v1\/wp-json\/wp\/v2\/categories?post=56113"},{"taxonomy":"post_tag","embeddable":true,"href":"https:\/\/elmundodelosnegocios.com.do\/v1\/wp-json\/wp\/v2\/tags?post=56113"}],"curies":[{"name":"wp","href":"https:\/\/api.w.org\/{rel}","templated":true}]}}