{"id":56117,"date":"2024-12-23T11:24:41","date_gmt":"2024-12-23T15:54:41","guid":{"rendered":"https:\/\/www.elmundodelosnegocios.com.do\/v1\/?p=56117"},"modified":"2024-12-23T11:24:41","modified_gmt":"2024-12-23T15:54:41","slug":"jimenez-propone-en-ny-reestructurar-recursos-potenciar-inversiones","status":"publish","type":"post","link":"https:\/\/elmundodelosnegocios.com.do\/v1\/jimenez-propone-en-ny-reestructurar-recursos-potenciar-inversiones\/","title":{"rendered":"Jim\u00e9nez propone en NY reestructurar recursos potenciar inversiones"},"content":{"rendered":"<div><b>Nueva York, EE.UU.-<\/b>\u00a0En una disertaci\u00f3n que ofreci\u00f3 a la comunidad dominicana radicada en Brooklyn, el miembro del comit\u00e9 pol\u00edtico y vicepresidente del Partido de la Liberaci\u00f3n Dominicana (PLD), Juan Ariel Jim\u00e9nez, propuso reestructurar el uso de los recursos del Estado para potenciar la inversi\u00f3n en infraestructura y servicios b\u00e1sicos de calidad.<\/div>\n<div>\n<figure id=\"attachment_56118\" aria-describedby=\"caption-attachment-56118\" style=\"width: 1280px\" class=\"wp-caption aligncenter\"><a href=\"http:\/\/elmundodelosnegocios.com.do\/v1\/wp-content\/uploads\/2024\/12\/Foto-1-El-economista-y-dirigente-politico-Juan-Ariel-Jimenez-durante-su-disertacion.jpg\"><img loading=\"lazy\" decoding=\"async\" class=\"size-full wp-image-56118\" src=\"http:\/\/elmundodelosnegocios.com.do\/v1\/wp-content\/uploads\/2024\/12\/Foto-1-El-economista-y-dirigente-politico-Juan-Ariel-Jimenez-durante-su-disertacion.jpg\" alt=\"El economista y dirigente pol\u00edtico, Juan Ariel Jim\u00e9nez, durante su disertaci\u00f3n.\" width=\"1280\" height=\"960\" srcset=\"https:\/\/elmundodelosnegocios.com.do\/v1\/wp-content\/uploads\/2024\/12\/Foto-1-El-economista-y-dirigente-politico-Juan-Ariel-Jimenez-durante-su-disertacion.jpg 1280w, https:\/\/elmundodelosnegocios.com.do\/v1\/wp-content\/uploads\/2024\/12\/Foto-1-El-economista-y-dirigente-politico-Juan-Ariel-Jimenez-durante-su-disertacion-300x225.jpg 300w, https:\/\/elmundodelosnegocios.com.do\/v1\/wp-content\/uploads\/2024\/12\/Foto-1-El-economista-y-dirigente-politico-Juan-Ariel-Jimenez-durante-su-disertacion-1024x768.jpg 1024w, https:\/\/elmundodelosnegocios.com.do\/v1\/wp-content\/uploads\/2024\/12\/Foto-1-El-economista-y-dirigente-politico-Juan-Ariel-Jimenez-durante-su-disertacion-768x576.jpg 768w\" sizes=\"auto, (max-width: 1280px) 100vw, 1280px\" \/><\/a><figcaption id=\"caption-attachment-56118\" class=\"wp-caption-text\">El economista y dirigente pol\u00edtico, Juan Ariel Jim\u00e9nez, durante su disertaci\u00f3n.<\/figcaption><\/figure>\n<\/div>\n<div><\/div>\n<div>El dirigente pol\u00edtico tambi\u00e9n expres\u00f3 la urgencia de despolitizar el Ministerio de Educaci\u00f3n y la carrera docente, junto con una profesionalizaci\u00f3n intensiva del cuerpo magisterial, como pilares para mejorar la calidad educativa, durante el conversatorio que sostuvo con el t\u00edtulo \u00abPresente y Futuro de la Rep\u00fablica Dominicana\u00bb.<\/div>\n<div><\/div>\n<div>La exposici\u00f3n de Jim\u00e9nez fue celebrada en el centro de oraci\u00f3n y culto M.A.R.S. Ministry, en esta ciudad, con la asistencia de miembros de la di\u00e1spora dominicana, ciudadanos estadounidenses y miembros del PLD.<\/div>\n<div><\/div>\n<div>Este encuentro cercano que sostuvo el vicepresidente del PLD con la comunidad dominicana forma parte de un conjunto de eventos similares en Nueva York y otras ciudades de Estados Unidos programados para el 2025. Durante este conversatorio, el economista y acad\u00e9mico abord\u00f3 la realidad econ\u00f3mica y social del pa\u00eds, destacando las debilidades del modelo econ\u00f3mico actual y las oportunidades para un mayor desarrollo, como el \u201cnearshoring\u201d y las nuevas tecnolog\u00edas.<\/div>\n<div><\/div>\n<div>Jim\u00e9nez enfatiz\u00f3, adem\u00e1s, la necesidad de un cambio en la Rep\u00fablica Dominicana hacia un modelo econ\u00f3mico basado en la alta productividad en lugar de bajos salarios.<\/div>\n","protected":false},"excerpt":{"rendered":"<p>Nueva York, EE.UU.-\u00a0En una disertaci\u00f3n que ofreci\u00f3 a la comunidad dominicana radicada en Brooklyn, el miembro del comit\u00e9 pol\u00edtico y vicepresidente del Partido de la Liberaci\u00f3n Dominicana (PLD), Juan Ariel&hellip; <\/p>\n","protected":false},"author":2,"featured_media":56118,"comment_status":"closed","ping_status":"closed","sticky":false,"template":"","format":"standard","meta":{"fifu_image_url":"","fifu_image_alt":"","footnotes":""},"categories":[62],"tags":[],"class_list":["post-56117","post","type-post","status-publish","format-standard","has-post-thumbnail","hentry","category-economia"],"_links":{"self":[{"href":"https:\/\/elmundodelosnegocios.com.do\/v1\/wp-json\/wp\/v2\/posts\/56117","targetHints":{"allow":["GET"]}}],"collection":[{"href":"https:\/\/elmundodelosnegocios.com.do\/v1\/wp-json\/wp\/v2\/posts"}],"about":[{"href":"https:\/\/elmundodelosnegocios.com.do\/v1\/wp-json\/wp\/v2\/types\/post"}],"author":[{"embeddable":true,"href":"https:\/\/elmundodelosnegocios.com.do\/v1\/wp-json\/wp\/v2\/users\/2"}],"replies":[{"embeddable":true,"href":"https:\/\/elmundodelosnegocios.com.do\/v1\/wp-json\/wp\/v2\/comments?post=56117"}],"version-history":[{"count":1,"href":"https:\/\/elmundodelosnegocios.com.do\/v1\/wp-json\/wp\/v2\/posts\/56117\/revisions"}],"predecessor-version":[{"id":56119,"href":"https:\/\/elmundodelosnegocios.com.do\/v1\/wp-json\/wp\/v2\/posts\/56117\/revisions\/56119"}],"wp:featuredmedia":[{"embeddable":true,"href":"https:\/\/elmundodelosnegocios.com.do\/v1\/wp-json\/wp\/v2\/media\/56118"}],"wp:attachment":[{"href":"https:\/\/elmundodelosnegocios.com.do\/v1\/wp-json\/wp\/v2\/media?parent=56117"}],"wp:term":[{"taxonomy":"category","embeddable":true,"href":"https:\/\/elmundodelosnegocios.com.do\/v1\/wp-json\/wp\/v2\/categories?post=56117"},{"taxonomy":"post_tag","embeddable":true,"href":"https:\/\/elmundodelosnegocios.com.do\/v1\/wp-json\/wp\/v2\/tags?post=56117"}],"curies":[{"name":"wp","href":"https:\/\/api.w.org\/{rel}","templated":true}]}}