{"id":56198,"date":"2024-12-30T11:59:02","date_gmt":"2024-12-30T16:29:02","guid":{"rendered":"https:\/\/www.elmundodelosnegocios.com.do\/v1\/?p=56198"},"modified":"2024-12-30T11:59:02","modified_gmt":"2024-12-30T16:29:02","slug":"destaca-santos-badia-fortalecimiento-formacion-dual-en-america-latina-y-caribe","status":"publish","type":"post","link":"https:\/\/elmundodelosnegocios.com.do\/v1\/destaca-santos-badia-fortalecimiento-formacion-dual-en-america-latina-y-caribe\/","title":{"rendered":"Destaca Santos Badia fortalecimiento Formaci\u00f3n Dual en Am\u00e9rica Latina y Caribe"},"content":{"rendered":"<p style=\"font-weight: 400;\">El director general del Instituto Nacional de Formaci\u00f3n T\u00e9cnico Profesional (INFOTEP), Rafael Santos Bad\u00eda, afirm\u00f3 que esta instituci\u00f3n est\u00e1 haciendo grandes esfuerzos para fortalecer y expandir el programa de Formaci\u00f3n Dual desde la Rep\u00fablica Dominicana hacia toda\u00a0Am\u00e9rica Latina y el Caribe.<\/p>\n<p><a href=\"http:\/\/elmundodelosnegocios.com.do\/v1\/wp-content\/uploads\/2024\/12\/Rafael-Santos-Badia-director-general-del-INFOTEP-20.jpg\"><img loading=\"lazy\" decoding=\"async\" class=\"aligncenter size-full wp-image-56199\" src=\"http:\/\/elmundodelosnegocios.com.do\/v1\/wp-content\/uploads\/2024\/12\/Rafael-Santos-Badia-director-general-del-INFOTEP-20.jpg\" alt=\"\" width=\"1000\" height=\"667\" srcset=\"https:\/\/elmundodelosnegocios.com.do\/v1\/wp-content\/uploads\/2024\/12\/Rafael-Santos-Badia-director-general-del-INFOTEP-20.jpg 1000w, https:\/\/elmundodelosnegocios.com.do\/v1\/wp-content\/uploads\/2024\/12\/Rafael-Santos-Badia-director-general-del-INFOTEP-20-300x200.jpg 300w, https:\/\/elmundodelosnegocios.com.do\/v1\/wp-content\/uploads\/2024\/12\/Rafael-Santos-Badia-director-general-del-INFOTEP-20-768x512.jpg 768w\" sizes=\"auto, (max-width: 1000px) 100vw, 1000px\" \/><\/a><\/p>\n<p style=\"font-weight: 400;\">Santos Bad\u00eda\u00a0destac\u00f3 que la expansi\u00f3n y el fortalecimiento de la Formaci\u00f3n DuaOECOl depender\u00e1 de la creaci\u00f3n de pol\u00edticas p\u00fablicas claras y definidas que fomenten la colaboraci\u00f3n entre gobiernos, instituciones educativas, sindicales y el sector privado.<\/p>\n<p style=\"font-weight: 400;\">Estas afirmaciones fueron hechas por Santos Bad\u00eda en el marco del\u00a0c\u00f3nclave virtual\u00a0Balance Anual de la Presidencia Pro tempore 2024, de la Alianza para la Formaci\u00f3n Dual en Am\u00e9rica Latina y el Caribe.<\/p>\n<p style=\"font-weight: 400;\">Expuso que, en un mundo en constante cambio, marcado por la transformaci\u00f3n digital, los desaf\u00edos clim\u00e1ticos, las advinientes revoluciones industriales y la creciente desigualdad social, la Alianza es m\u00e1s necesaria que nunca, para el fortalecimiento de la FD.<\/p>\n<p style=\"font-weight: 400;\">El objetivo de este mecanismo es impulsar la formaci\u00f3n dual de calidad en la regi\u00f3n, a trav\u00e9s de proyectos regionales que atiendan la demanda del mercado laboral, mesas tem\u00e1ticas, conferencias regionales con amplia participaci\u00f3n de Instituciones de Formaci\u00f3n Profesional (IFP), fundaciones, representantes de organizaciones empresariales, sindicatos y l\u00edderes en Formaci\u00f3n Dual.<\/p>\n<p style=\"font-weight: 400;\">Con la Alianza se busca establecer una red de instituciones de formaci\u00f3n t\u00e9cnica y profesional en la regi\u00f3n que puedan compartir experiencias y buenas pr\u00e1cticas en torno al tema.<\/p>\n<p style=\"font-weight: 400;\">\u201cAsumir la presidencia de la Alianza nos ha visibilizado\u00a0\u00a0 como pa\u00eds y nos ha comprometido a ofrecer una Formaci\u00f3n Dual cada vez m\u00e1s oportuna y pertinente para nuestras empresas y nuestros aprendices\u201d, se\u00f1al\u00f3 el director del INFOTEP en su ponencia ante el c\u00f3nclave.<\/p>\n<p style=\"font-weight: 400;\">Manifest\u00f3 que visualiza un futuro donde se incorporen m\u00e1s competencias digitales y tecnol\u00f3gicas como la clave para preparar a los estudiantes, ante un mercado laboral cada vez m\u00e1s automatizado y globalizado y en el que se fomente la inclusi\u00f3n social, garantizando que este modelo sea accesible para todos, especialmente para mujeres.<\/p>\n<p style=\"font-weight: 400;\">Para Santos Bad\u00eda la Cuarta Revoluci\u00f3n Industrial y uno de sus sectores sustentantes, la digitalizaci\u00f3n generalizada de medios y procesos, est\u00e1n transformando las competencias laborales requeridas. \u201cPor tanto, esta importante Alianza tiene el desaf\u00edo de incorporar las habilidades digitales y de innovaci\u00f3n en los programas de formaci\u00f3n dual\u201d, precis\u00f3.<\/p>\n<p style=\"font-weight: 400;\">Exhort\u00f3 a todos los miembros de la Alianza a ampliar su compromiso con este mecanismo, a trav\u00e9s del dise\u00f1o y ejecuci\u00f3n de una oferta formativa regional, que responda a las necesidades y expectativas de las empresas, en forma tal que permita una mayor inserci\u00f3n laboral de los j\u00f3venes.<\/p>\n<p style=\"font-weight: 400;\">Santos Bad\u00eda concluy\u00f3 afirmando que esta Alianza no es solo un proyecto, sino una promesa de futuro. \u201cJuntos podemos construir sociedades m\u00e1s equitativas, sostenibles e innovadoras, donde la educaci\u00f3n y el empleo sean motores de desarrollo para todos\u201d. Indic\u00f3.<\/p>\n<p style=\"font-weight: 400;\">En el c\u00f3nclave tambi\u00e9n expuso el experto internacional, Gonzalo Gra\u00f1a, quien dijo que la Alianza para la FD se ha consolidado y demostrado fortaleza, vigor y utilidad en el proceso de pasaje de la Presidencia Pro-t\u00e9mpore del Colegio Nacional de Educaci\u00f3n Profesional T\u00e9cnica\u00a0(CONALEP) a INFOTEP en el a\u00f1o 2024.<\/p>\n<p style=\"font-weight: 400;\">\u201cHa abordado temas de suma importancia para las instituciones miembro de la Alianza a trav\u00e9s de eventos virtuales y presenciales y se ha consolidado como un importante foro de cooperaci\u00f3n horizontal entre las instituciones de formaci\u00f3n profesional de la regi\u00f3n que implementan programas, se\u00f1al\u00f3.<\/p>\n<p style=\"font-weight: 400;\">Gra\u00f1a dijo esperar que la Alianza sea un veh\u00edculo de promoci\u00f3n y adaptaci\u00f3n de la Recomendaci\u00f3n 208 de la OIT relativa a los aprendizajes de calidad en la regi\u00f3n de Am\u00e9rica Latina y el Caribe.<\/p>\n<p style=\"font-weight: 400;\">Tambi\u00e9n expuso Rayza Pichardo, directora de Competitividad Empresarial del INFOTEP, quien hizo referencia a las actividades que se han realizado en el marco de la Alianza.<\/p>\n<p style=\"font-weight: 400;\">En ese sentido cit\u00f3 la Conferencia Internacional Alianza para la FD, donde participaron, de manera presencial, 12 instituciones hom\u00f3logas de la regi\u00f3n, 28 representantes, nueve pa\u00edses de Am\u00e9rica Latina y El Caribe, as\u00ed como 350 personas del INFOTEP, entre directivos, mandos medios, encargados de talleres, facilitadores y asesores. Tambi\u00e9n representantes empresariales.<\/p>\n<p style=\"font-weight: 400;\">Pichardo inform\u00f3 que este a\u00f1o 2024 se hicieron webinars sobre Inteligencia Artificial: Herramientas para la Planificaci\u00f3n y Asignaci\u00f3n de Tareas dirigida a los Aprendices en las Empresas, as\u00ed como evaluaci\u00f3n formativa en la era digital.<\/p>\n","protected":false},"excerpt":{"rendered":"<p>El director general del Instituto Nacional de Formaci\u00f3n T\u00e9cnico Profesional (INFOTEP), Rafael Santos Bad\u00eda, afirm\u00f3 que esta instituci\u00f3n est\u00e1 haciendo grandes esfuerzos para fortalecer y expandir el programa de Formaci\u00f3n&hellip; <\/p>\n","protected":false},"author":2,"featured_media":56199,"comment_status":"closed","ping_status":"closed","sticky":false,"template":"","format":"standard","meta":{"fifu_image_url":"","fifu_image_alt":"","footnotes":""},"categories":[151],"tags":[],"class_list":["post-56198","post","type-post","status-publish","format-standard","has-post-thumbnail","hentry","category-gerencia"],"_links":{"self":[{"href":"https:\/\/elmundodelosnegocios.com.do\/v1\/wp-json\/wp\/v2\/posts\/56198","targetHints":{"allow":["GET"]}}],"collection":[{"href":"https:\/\/elmundodelosnegocios.com.do\/v1\/wp-json\/wp\/v2\/posts"}],"about":[{"href":"https:\/\/elmundodelosnegocios.com.do\/v1\/wp-json\/wp\/v2\/types\/post"}],"author":[{"embeddable":true,"href":"https:\/\/elmundodelosnegocios.com.do\/v1\/wp-json\/wp\/v2\/users\/2"}],"replies":[{"embeddable":true,"href":"https:\/\/elmundodelosnegocios.com.do\/v1\/wp-json\/wp\/v2\/comments?post=56198"}],"version-history":[{"count":1,"href":"https:\/\/elmundodelosnegocios.com.do\/v1\/wp-json\/wp\/v2\/posts\/56198\/revisions"}],"predecessor-version":[{"id":56200,"href":"https:\/\/elmundodelosnegocios.com.do\/v1\/wp-json\/wp\/v2\/posts\/56198\/revisions\/56200"}],"wp:featuredmedia":[{"embeddable":true,"href":"https:\/\/elmundodelosnegocios.com.do\/v1\/wp-json\/wp\/v2\/media\/56199"}],"wp:attachment":[{"href":"https:\/\/elmundodelosnegocios.com.do\/v1\/wp-json\/wp\/v2\/media?parent=56198"}],"wp:term":[{"taxonomy":"category","embeddable":true,"href":"https:\/\/elmundodelosnegocios.com.do\/v1\/wp-json\/wp\/v2\/categories?post=56198"},{"taxonomy":"post_tag","embeddable":true,"href":"https:\/\/elmundodelosnegocios.com.do\/v1\/wp-json\/wp\/v2\/tags?post=56198"}],"curies":[{"name":"wp","href":"https:\/\/api.w.org\/{rel}","templated":true}]}}