{"id":56238,"date":"2025-01-07T10:58:47","date_gmt":"2025-01-07T15:28:47","guid":{"rendered":"https:\/\/www.elmundodelosnegocios.com.do\/v1\/?p=56238"},"modified":"2025-01-07T10:58:47","modified_gmt":"2025-01-07T15:28:47","slug":"energia-y-minas-premia-iniciativas-de-ahorro-energetico-en-concurso-interno-somos-ahorro","status":"publish","type":"post","link":"https:\/\/elmundodelosnegocios.com.do\/v1\/energia-y-minas-premia-iniciativas-de-ahorro-energetico-en-concurso-interno-somos-ahorro\/","title":{"rendered":"Energ\u00eda y Minas premia iniciativas de ahorro energ\u00e9tico en concurso interno \u00abSomos Ahorro\u201d"},"content":{"rendered":"<p><em>La instituci\u00f3n promueve pr\u00e1cticas sostenibles y reconoce a colaboradores destacados en eficiencia energ\u00e9tica<\/em><\/p>\n<p><strong>SANTO DOMINGO.<\/strong>\u00a0-El Ministerio de energ\u00eda y Minas celebr\u00f3 este la primera entrega del concurso interno \u00abSomos Ahorro\u00bb, dise\u00f1ado para fomentar estrategias innovadoras y pr\u00e1cticas destinadas a reducir el consumo de energ\u00eda entre los colaboradores de la instituci\u00f3n.<\/p>\n<p>En esta primera edici\u00f3n, a cargo del Viceministerio de Innovaci\u00f3n y Transici\u00f3n Energ\u00e9tica, el primer lugar fue otorgado a Mery Luz Mel\u00e9ndez, mientras que el segundo lugar lo ocup\u00f3 Lila Rosario, y el tercero, Dulce Mar\u00eda Luis Ozoria.<\/p>\n<p>Asimismo, se reconoci\u00f3 a colaboradores que demostraron un compromiso ejemplar con el ahorro y la eficiencia energ\u00e9tica, tanto en la instituci\u00f3n como en sus hogares. Entre ellos se destacaron Nicaury Peguero Silvestre, Jack Paulino Bautista, Rebeca Ure\u00f1a, Adriel Marte, Yuriverka Garc\u00eda y Yokasta Rodr\u00edguez.<\/p>\n<div class=\"wp-block-media-text is-stacked-on-mobile\">\n<figure class=\"wp-block-media-text__media\"><img loading=\"lazy\" decoding=\"async\" class=\"wp-image-10353 size-full aligncenter\" src=\"https:\/\/mem.gob.do\/wp-content\/uploads\/2025\/01\/WhatsApp-Image-2025-01-02-at-9.31.37-AM-1024x840.jpeg\" sizes=\"auto, (max-width: 1024px) 100vw, 1024px\" srcset=\"https:\/\/mem.gob.do\/wp-content\/uploads\/2025\/01\/WhatsApp-Image-2025-01-02-at-9.31.37-AM-1024x840.jpeg 1024w, https:\/\/mem.gob.do\/wp-content\/uploads\/2025\/01\/WhatsApp-Image-2025-01-02-at-9.31.37-AM-300x246.jpeg 300w, https:\/\/mem.gob.do\/wp-content\/uploads\/2025\/01\/WhatsApp-Image-2025-01-02-at-9.31.37-AM-768x630.jpeg 768w, https:\/\/mem.gob.do\/wp-content\/uploads\/2025\/01\/WhatsApp-Image-2025-01-02-at-9.31.37-AM-1536x1259.jpeg 1536w, https:\/\/mem.gob.do\/wp-content\/uploads\/2025\/01\/WhatsApp-Image-2025-01-02-at-9.31.37-AM-2048x1679.jpeg 2048w\" alt=\"Betty Soto\" width=\"1024\" height=\"840\" \/><\/figure>\n<div class=\"wp-block-media-text__content\">\n<p>La viceministra de Innovaci\u00f3n y Transici\u00f3n Energ\u00e9tica, Betty Soto, destac\u00f3 la relevancia del ahorro energ\u00e9tico, al se\u00f1alar que con estas pr\u00e1cticas no solo beneficia al entorno, sino que tambi\u00e9n contribuyen a la sostenibilidad econ\u00f3mica a nivel individual, organizacional y nacional.<\/p>\n<\/div>\n<\/div>\n<p>Soto inst\u00f3 a los colaboradores del Ministerio de Energ\u00eda y Minas a continuar sumando esfuerzos para la eficiencia energ\u00e9tica.<\/p>\n<p>\u201cEl ahorro energ\u00e9tico no es solo un objetivo estrat\u00e9gico de naci\u00f3n, sino tambi\u00e9n una responsabilidad. Cada peque\u00f1o gesto cuenta: desde apagar las luces cuando salimos de un lugar hasta utilizar equipos m\u00e1s eficientes, cada acci\u00f3n suma\u201d, expres\u00f3 Soto.<\/p>\n<p>Este concurso se dise\u00f1\u00f3 bajo cuatro objetivos fundamentales: fomentar una cultura de ahorro energ\u00e9tico, incentivar la implementaci\u00f3n de pr\u00e1cticas sostenibles, reconocer y premiar el compromiso y la creatividad, y generar un aprendizaje continuo de buenas pr\u00e1cticas.<\/p>\n<div class=\"wp-block-media-text has-media-on-the-right is-stacked-on-mobile\">\n<div class=\"wp-block-media-text__content\">\n<p>A la actividad asisti\u00f3 Alfonso Rodr\u00edguez, viceministro de Energ\u00eda Nuclear. Tambi\u00e9n asistieron Jacquelyn Nivar, directora de Gesti\u00f3n Social; Kirsis Santiago, directora de Recursos Humanos; Jorge Mota Nin, director de Seguridad Energ\u00e9tica, y dem\u00e1s colaboradores del MEM.<\/p>\n<\/div>\n<\/div>\n","protected":false},"excerpt":{"rendered":"<p>La instituci\u00f3n promueve pr\u00e1cticas sostenibles y reconoce a colaboradores destacados en eficiencia energ\u00e9tica SANTO DOMINGO.\u00a0-El Ministerio de energ\u00eda y Minas celebr\u00f3 este la primera entrega del concurso interno \u00abSomos Ahorro\u00bb,&hellip; <\/p>\n","protected":false},"author":2,"featured_media":56239,"comment_status":"closed","ping_status":"closed","sticky":false,"template":"","format":"standard","meta":{"fifu_image_url":"","fifu_image_alt":"","footnotes":""},"categories":[182],"tags":[],"class_list":["post-56238","post","type-post","status-publish","format-standard","has-post-thumbnail","hentry","category-energia"],"_links":{"self":[{"href":"https:\/\/elmundodelosnegocios.com.do\/v1\/wp-json\/wp\/v2\/posts\/56238","targetHints":{"allow":["GET"]}}],"collection":[{"href":"https:\/\/elmundodelosnegocios.com.do\/v1\/wp-json\/wp\/v2\/posts"}],"about":[{"href":"https:\/\/elmundodelosnegocios.com.do\/v1\/wp-json\/wp\/v2\/types\/post"}],"author":[{"embeddable":true,"href":"https:\/\/elmundodelosnegocios.com.do\/v1\/wp-json\/wp\/v2\/users\/2"}],"replies":[{"embeddable":true,"href":"https:\/\/elmundodelosnegocios.com.do\/v1\/wp-json\/wp\/v2\/comments?post=56238"}],"version-history":[{"count":1,"href":"https:\/\/elmundodelosnegocios.com.do\/v1\/wp-json\/wp\/v2\/posts\/56238\/revisions"}],"predecessor-version":[{"id":56240,"href":"https:\/\/elmundodelosnegocios.com.do\/v1\/wp-json\/wp\/v2\/posts\/56238\/revisions\/56240"}],"wp:featuredmedia":[{"embeddable":true,"href":"https:\/\/elmundodelosnegocios.com.do\/v1\/wp-json\/wp\/v2\/media\/56239"}],"wp:attachment":[{"href":"https:\/\/elmundodelosnegocios.com.do\/v1\/wp-json\/wp\/v2\/media?parent=56238"}],"wp:term":[{"taxonomy":"category","embeddable":true,"href":"https:\/\/elmundodelosnegocios.com.do\/v1\/wp-json\/wp\/v2\/categories?post=56238"},{"taxonomy":"post_tag","embeddable":true,"href":"https:\/\/elmundodelosnegocios.com.do\/v1\/wp-json\/wp\/v2\/tags?post=56238"}],"curies":[{"name":"wp","href":"https:\/\/api.w.org\/{rel}","templated":true}]}}