{"id":5660,"date":"2021-05-17T15:00:56","date_gmt":"2021-05-17T19:30:56","guid":{"rendered":"http:\/\/elmundodelosnegocios.com.do\/v1\/?p=5660"},"modified":"2021-05-17T15:00:56","modified_gmt":"2021-05-17T19:30:56","slug":"posesionan-nuevo-consejo-directivo-cuerpo-consular","status":"publish","type":"post","link":"https:\/\/elmundodelosnegocios.com.do\/v1\/posesionan-nuevo-consejo-directivo-cuerpo-consular\/","title":{"rendered":"Posesionan nuevo consejo directivo Cuerpo Consular"},"content":{"rendered":"<p>Santo Domingo, R.D. Mayo 17, 2021.- El nuevo decano del Cuerpo Consular Acreditado en la Rep\u00fablica Dominicana y c\u00f3nsul honorario de la Rep\u00fablica de Albania, Jos\u00e9 Manuel Romero, destac\u00f3 que la gesti\u00f3n que inicia al frente del organismo se enfocar\u00e1 en revitalizar el rol de los c\u00f3nsules como canalizadores para atraer inversiones extranjeras al pa\u00eds y fomentar el comercio exterior desde los Estados que representan, ubicados en diversas regiones del mundo.<\/p>\n<p>Al intervenir en la ceremonia de juramentaci\u00f3n del nuevo consejo directivo del Cuerpo Consular, para el per\u00edodo 2021-2023, Romero resalt\u00f3 el inter\u00e9s por continuar consolidando esa organizaci\u00f3n, la cual agrupa a m\u00e1s de 140 c\u00f3nsules, quienes son destacados ciudadanos dominicanos y extranjeros, representantes de m\u00e1s de 80 Estados soberanos y los cuales han delegado en estos, su representaci\u00f3n pol\u00edtica, econ\u00f3mica, cultural y de protecci\u00f3n de sus intereses.<\/p>\n<p>El decano Romero tuvo a su cargo las palabras centrales de la actividad, llevada a cabo de forma presencial y virtualmente, a trav\u00e9s de la plataforma Zoom; expresando que dar\u00e1 continuidad al fortalecimiento institucional, muy especialmente de cara al afianzamiento de las hist\u00f3ricas relaciones de cooperaci\u00f3n, con los Ministerios de Relaciones Exteriores, de Industria, Comercio y Mypimes, ProDominicana, entre otras entidades oficiales.<\/p>\n<p>El nuevo decano sustituye en el cargo a la c\u00f3nsul del Reino de Noruega, Clara Reid de Frankenberg, cuyas memorias e informe de gesti\u00f3n fueron presentados a la asamblea, por el C\u00f3nsul del Reino de Malasia, Fernando Gonz\u00e1lez Nicol\u00e1s.<\/p>\n<p>El nuevo decano es egresado en impuestos de Georgetown University, desempe\u00f1\u00e1ndose dentro del sector empresarial como el director de impuestos corporativos e internacionales de la firma KPMG y forma parte de los consejos directivos y comit\u00e9s de Trabajo de la C\u00e1mara Espa\u00f1ola de Comercio, la Asociaci\u00f3n Nacional de J\u00f3venes Empresarios (ANJE), la Asociaci\u00f3n de Industrias de la Rep\u00fablica Dominicana (AIRD) y la C\u00e1mara Americana de Comercio (AMCHAM).<\/p>\n<p>En la docencia y la filantrop\u00eda, se desempe\u00f1a como profesor de impuestos en Barna Management School, as\u00ed como miembro del consejo de directores del Hospital Oncol\u00f3gico Heriberto Pieter (HOHP) y de la Soberana y Militar Orden de Malta.<\/p>\n<p>El nuevo Consejo Directivo del Cuerpo Consular<br \/>\nEl consejo estar\u00e1 integrado, adem\u00e1s, por los c\u00f3nsules honorarios Fernando Gonz\u00e1lez Nicol\u00e1s, del Reino de Malasia; Mar\u00eda Jos\u00e9 Turull, del Reino de Tailandia; Gustavo Vega, de Polonia; Federico Reyes, de Trinidad y Tobago; Gina Victoriano, Vicec\u00f3nsul de la Rep\u00fablica Checa; Francisco Zakarias-Bendek, de la Rep\u00fablica de Chipre; John Pierre Bahsa Ward, del L\u00edbano y Margarita de los Santos, de la Rep\u00fablica de Malta.<\/p>\n<p>Adem\u00e1s, Raiza Rodr\u00edguez de Cruz, del Paraguay; Virgilio P\u00e9rez Bernal, de El Salvador; Juan Jos\u00e9 Leira, del Reino de Espa\u00f1a en Constanza; Jean Antonio Hache, de los Estados Unidos Mexicanos en Santiago; Bettina Panzardi, de la Rep\u00fablica Oriental del Uruguay en Punta Cana; Sixto Alfredo Inchaustegui de la Rep\u00fablica de Montenegro; Emilio Hasbun de Barbados.<\/p>\n<p>Fungen como asesores Paulo Alves, c\u00f3nsul honorario de Portugal; Arturo Villanueva, de la Rep\u00fablica de Rumania, y Riccardo Dina, de Lituania. Asimismo, la pasada decana Clara Reid de Frankenberg ser\u00e1 la representante del consejo de ex decanos y miembros de honor del Cuerpo Consular acreditado en la Rep\u00fablica Dominicana.<\/p>\n<p>Sobre el Cuerpo Consular y los c\u00f3nsules que integran el mismo<br \/>\nEl Cuerpo Consular acreditado en la Rep\u00fablica Dominicana fue creado el 4 de diciembre de 1952.   Esta   instituci\u00f3n   re\u00fane   representantes   de   los   pa\u00edses   que   tienen   relaciones diplom\u00e1ticas con la Rep\u00fablica Dominicana, con el objetivo de reforzar y estrechar los v\u00ednculos entre el gobierno, sus autoridades y los Estados representados.<\/p>\n","protected":false},"excerpt":{"rendered":"<p>Santo Domingo, R.D. Mayo 17, 2021.- El nuevo decano del Cuerpo Consular Acreditado en la Rep\u00fablica Dominicana y c\u00f3nsul honorario de la Rep\u00fablica de Albania, Jos\u00e9 Manuel Romero, destac\u00f3 que&hellip; <\/p>\n","protected":false},"author":2,"featured_media":5661,"comment_status":"open","ping_status":"open","sticky":false,"template":"","format":"standard","meta":{"fifu_image_url":"","fifu_image_alt":"","footnotes":""},"categories":[74],"tags":[],"class_list":["post-5660","post","type-post","status-publish","format-standard","has-post-thumbnail","hentry","category-comercio-internacional"],"_links":{"self":[{"href":"https:\/\/elmundodelosnegocios.com.do\/v1\/wp-json\/wp\/v2\/posts\/5660","targetHints":{"allow":["GET"]}}],"collection":[{"href":"https:\/\/elmundodelosnegocios.com.do\/v1\/wp-json\/wp\/v2\/posts"}],"about":[{"href":"https:\/\/elmundodelosnegocios.com.do\/v1\/wp-json\/wp\/v2\/types\/post"}],"author":[{"embeddable":true,"href":"https:\/\/elmundodelosnegocios.com.do\/v1\/wp-json\/wp\/v2\/users\/2"}],"replies":[{"embeddable":true,"href":"https:\/\/elmundodelosnegocios.com.do\/v1\/wp-json\/wp\/v2\/comments?post=5660"}],"version-history":[{"count":0,"href":"https:\/\/elmundodelosnegocios.com.do\/v1\/wp-json\/wp\/v2\/posts\/5660\/revisions"}],"wp:featuredmedia":[{"embeddable":true,"href":"https:\/\/elmundodelosnegocios.com.do\/v1\/wp-json\/wp\/v2\/media\/5661"}],"wp:attachment":[{"href":"https:\/\/elmundodelosnegocios.com.do\/v1\/wp-json\/wp\/v2\/media?parent=5660"}],"wp:term":[{"taxonomy":"category","embeddable":true,"href":"https:\/\/elmundodelosnegocios.com.do\/v1\/wp-json\/wp\/v2\/categories?post=5660"},{"taxonomy":"post_tag","embeddable":true,"href":"https:\/\/elmundodelosnegocios.com.do\/v1\/wp-json\/wp\/v2\/tags?post=5660"}],"curies":[{"name":"wp","href":"https:\/\/api.w.org\/{rel}","templated":true}]}}