{"id":5743,"date":"2021-05-18T18:24:36","date_gmt":"2021-05-18T22:54:36","guid":{"rendered":"http:\/\/elmundodelosnegocios.com.do\/v1\/?p=5743"},"modified":"2021-05-18T18:24:36","modified_gmt":"2021-05-18T22:54:36","slug":"anuncia-presidente-indotel-grandes-proyectos-en-celebracion-dia-mundial-telecomunicaciones-y-sociedad-informacion","status":"publish","type":"post","link":"https:\/\/elmundodelosnegocios.com.do\/v1\/anuncia-presidente-indotel-grandes-proyectos-en-celebracion-dia-mundial-telecomunicaciones-y-sociedad-informacion\/","title":{"rendered":"Anuncia Presidente Indotel grandes proyectos en celebraci\u00f3n D\u00eda Mundial Telecomunicaciones y Sociedad Informaci\u00f3n"},"content":{"rendered":"<p>Santo Domingo, R.D. Mayo 18, 2021.- El Instituto Dominicano de las Telecomunicaciones celebr\u00f3 el D\u00eda Mundial de las Telecomunicaciones (Indotel) con el discurso de rendici\u00f3n de cuentas del presidente del Consejo Directivo del \u00f3rgano regulador, licenciado Nelson Arroyo.  <\/p>\n<p>Durante su disertaci\u00f3n, Nelson Arroyo dio un repaso sobre las acciones que inici\u00f3 desde su llegada a la instituci\u00f3n y de c\u00f3mo a trav\u00e9s de proyectos claves lograr\u00e1 la transformaci\u00f3n digital que tiene el plan de gobierno del presidente Luis Abinader.  <\/p>\n<p>Arroyo destac\u00f3 que el proceso de cambio en el sector inici\u00f3 con el decreto N\u00fam. 539-20, mediante el cual el presidente Abinader declar\u00f3 de alto inter\u00e9s nacional el derecho esencial de acceso universal al internet de banda ancha de \u00faltima generaci\u00f3n y el uso productivo de las tecnolog\u00edas de la informaci\u00f3n y comunicaci\u00f3n; y que instruy\u00f3 al \u00f3rgano regulador a desarrollar el Plan Nacional de Banda Ancha.  <\/p>\n<p>A trav\u00e9s de dicho plan se realizar\u00e1n los procesos para el desarrollo e implementaci\u00f3n de la red m\u00f3vil de quinta generaci\u00f3n (5G), llevando conectividad a todos los rincones del pa\u00eds.  <\/p>\n<p>Para lograr esto, el Indotel, junto al Banco Interamericano de Desarrollo (BID) realizar\u00e1n una inversi\u00f3n de unos 115 millones de d\u00f3lares, de los cuales 80 millones ser\u00e1n invertidos para incrementar y mejorar el despliegue de fibra \u00f3ptica en territorio dominicano.  <\/p>\n<p>\u201cCon el 5G abriremos las puertas a un mundo digital con infinitas posibilidades para cada uno de los hombres y mujeres de la Rep\u00fablica Dominicana; lograremos velocidades de navegaci\u00f3n hasta 100 veces m\u00e1s r\u00e1pidas. Por ejemplo, las actuales velocidades van desde los 10 hasta los 100 megas por segundo, pero con el 5G tendremos velocidades superiores a los mil megas por segundo. Tambi\u00e9n, esta red soportar\u00e1 mayor cantidad de equipos conectados, lo que permitir\u00e1 el desarrollo del internet de las cosas\u201d, explic\u00f3 Nelson Arroyo, Presidente del Consejo Directivo del Indotel, durante su discurso.  <\/p>\n<p>El Indotel inici\u00f3, el pasado mes de febrero,el proceso de licitaci\u00f3n para las bandas de los 700Mhz y 3.5Ghz, que ser\u00e1 utilizadas para el despliegue de infraestructura de telecomunicaciones para el 5G, y que concluir\u00e1 el 30 de septiembre con la resoluci\u00f3n de adjudicaci\u00f3n.  <\/p>\n<p>El presidente del Indotel destac\u00f3 que la estructura e implementaci\u00f3n de dicha licitaci\u00f3n se realiz\u00f3 en un tiempo record de tan solo ocho meses; y que la moderna forma de abordar el tema le dio a la instituci\u00f3n el galard\u00f3n como \u201cRegulador Innovador del A\u00f1o 2021\u201d por el 5G Latin America Digital Symposium.  <\/p>\n<p>Anunci\u00f3 tambi\u00e9n el proyecto \u201cConectar a los no conectados\u201d, otra iniciativa del Indotel que busca dar acceso y conectividad a la banda ancha, con velocidades m\u00ednimas de 10 megabytes por segundo a diversas zonas apartadas del pa\u00eds; y el cual tendr\u00e1 una inversi\u00f3n de unos 150 millones de pesos.  <\/p>\n<p>Continu\u00f3 explicando que \u201cparalelo a esto, nos encontramos trabajando para cumplir con otra vieja deuda que ten\u00eda Indotel con el pa\u00eds, y esta es la implementaci\u00f3n de la televisi\u00f3n digital; la cual est\u00e1 pautada para entrar en acci\u00f3n para el pr\u00f3ximo a\u00f1o 2022 con el apag\u00f3n anal\u00f3gico y el inicio de la transmisi\u00f3n digital de todos los concesionarios, permitiendo as\u00ed una mayor calidad de imagen y sonido, y menores costos de operaci\u00f3n.\u201d <\/p>\n<p>Al referirse a la Ley General de Telecomunicaciones, N\u00fam. 153-98, explic\u00f3 que se encuentran abiertos a conversar sobre una actualizaci\u00f3n de dicha ley, la cual cumplir\u00e1 23 a\u00f1os y que no contempla las nuevas herramientas y avances en telecomunicaciones sucedidos en las pasadas dos d\u00e9cadas.  <\/p>\n<p>\u201cLa Ley General de Telecomunicaciones no menciona en ning\u00fan momento la palabra internet\u201d, mencion\u00f3 Arroyo.  <\/p>\n<p>Explic\u00f3 que actualmente se encuentran realizando una consulta p\u00fablica de la propuesta del BID para la modernizaci\u00f3n de dicha ley.  <\/p>\n<p><strong>Administraci\u00f3n eficiente<\/strong> <\/p>\n<p>Arroyo explic\u00f3 que se encontr\u00f3 con gastos abultados y sistemas que interfer\u00edan con la eficiencia y productividad de la instituci\u00f3n, por lo que, mediante ajustes realizados, su gesti\u00f3n logr\u00f3 reducir gastos, eficientizar controles y procesos y asegurar la transparencia en la fase de compras. <\/p>\n<p>Dichas medidas han supuesto un ahorro de m\u00e1s de 8.2 millones de pesos mensuales. De igual manera, el presidente de Indotel destac\u00f3 que mediante el saneamiento de una abultada n\u00f3mina con la que contaba el \u00f3rgano regulador, la instituci\u00f3n lograr\u00e1 ahorrar m\u00e1s de 156 millones de pesos al a\u00f1o.  <\/p>\n<p>El presidente del \u00f3rgano regulador de las telecomunicaciones destac\u00f3 que su gesti\u00f3n se ha comprometido a llevar la legalidad y transparencia tanto a la instituci\u00f3n como al sector; por lo que, en el periodo de agosto 2020 a abril 2021, las cobranzas por concepto del Derecho a Uso del Espectro Radioel\u00e9ctrico alcanzaron los 84.9 millones de pesos, representando un aumento de un 51 por ciento, con relaci\u00f3n a las cobranzas al mismo periodo del 2019 al 2020.  <\/p>\n<p>Tambi\u00e9n durante el mismo per\u00edodo, las recaudaciones por concepto de la Contribuci\u00f3n al Desarrollo de las Telecomunicaciones (CDT) lograron un crecimiento de un 3.4 por ciento, para unos 38.6 millones de pesos, con relaci\u00f3n al tiempo de agosto a abril del 2019 a 2020. <\/p>\n<p>Durante su discurso de rendici\u00f3n de cuentas, el presidente del Consejo Directivo del Indotel, Nelson Arroyo, se\u00f1al\u00f3 su compromiso en hacer cumplir la ley en el sector de las telecomunicaciones. Destac\u00f3 que en los pasados ocho meses se han realizado un total de 26 operativos de clausura de estaciones de radio que operaban de manera ilegal, de las cuales en 32 estaciones se procedi\u00f3 al cierre e incautaci\u00f3n de equipos. <\/p>\n<p>El presidente del \u00f3rgano regulador de las telecomunicaciones exalt\u00f3 el gran trabajo que se ha realizado durante su gesti\u00f3n, y agradeci\u00f3 el trabajo incansable de los colaboradores.  <\/p>\n<p>\u201cHan sido ocho meses de mucho trabajo y satisfactorios logros, pero nada de esto hubiera sido posible sin el trabajo en conjunto de grandes mujeres y hombres que d\u00eda tras d\u00eda dan lo mejor de s\u00ed para la conquista de los objetivos que nos proponemos en el Indotel\u201d, mencion\u00f3 Nelson Arroyo.  <\/p>\n<p><strong>Apoyo a los usuarios <\/strong><\/p>\n<p>En el marco de la celebraci\u00f3n del D\u00eda Mundial de las Telecomunicaciones y de la Sociedad de la Informaci\u00f3n, el Indotel present\u00f3 las nuevas plataformas sociales @ApoyoIndotelRD, a trav\u00e9s de las cuales se dar\u00e1 asistencia a las reclamaciones de los usuarios de manera r\u00e1pida y eficiente.  <\/p>\n<p>Los usuarios podr\u00e1n escribir sus inquietudes a trav\u00e9s de las plataformas sociales Facebook, Instagram y Twitter.  <\/p>\n<p><strong>Firma de acuerdo para ayuda a discapacitados <\/strong><\/p>\n<p>El Instituto Dominicano de las Telecomunicaciones firm\u00f3 junto a otras seis empresas e instituciones un acuerdo de colaboraci\u00f3n para promover el acceso de las personas con discapacidad visual, auditiva, verbal u otra discapacidad f\u00edsica o mental a los servicios p\u00fablicos de telecomunicaciones.  <\/p>\n<p>El convenio fue firmado por el presidente del consejo directivo del Indotel, Nelson Arroyo; el presidente ejecutivo del Claro, Juan Rogelio Viesca Arrache, la CEO de Altice Dominicana, Ana Figueiredo, y el presidente ejecutivo de Trilogy Dominicana, Marco Herrera Beato. <\/p>\n<p>Tambi\u00e9n, el vicepresidente ejecutivo y gerente general de Wind Telecom, Dami\u00e1n B\u00e1ez Dorrejo y el presidente del Consejo Nacional de Discapacidad (CONADIS) Pedro Pablo Acevedo <\/p>\n<p><strong>Semana de las Telecomunicaciones  <\/strong><\/p>\n<p>El Indotel anunci\u00f3 una diversa agenda de actividades con motivo a celebrar la Semana de las Telecomunicaciones, la cual inicia este lunes 17, con el D\u00eda Mundial de las Telecomunicaciones y de la Sociedad de la Informaci\u00f3n, y culminar\u00e1 el viernes 21.  <\/p>\n<p>La agenda incluye los webinarios \u201cLa Cuarta Revoluci\u00f3n Industrial: Los empleos m\u00e1s demandados en la actualidad\u201d, \u201cLos desaf\u00edos de la ciberseguridad: \u00bfC\u00f3mo protegerte de los peligros en la red?\u201d y \u201cRetos y desaf\u00edos del comercio electr\u00f3nico\u201d.  <\/p>\n<p>El regulador convoc\u00f3 a un panel presencial sobre la \u201cModernizaci\u00f3n de la Ley de Telecomunicaciones\u201d el jueves 20 a las 10:00 de la ma\u00f1ana en el Centro Indotel Cultura Digital del Palacio de las Telecomunicaciones, en la calle Isabel La Cat\u00f3lica esquina Emiliano Tejera de la Ciudad Colonial. <\/p>\n","protected":false},"excerpt":{"rendered":"<p>Santo Domingo, R.D. Mayo 18, 2021.- El Instituto Dominicano de las Telecomunicaciones celebr\u00f3 el D\u00eda Mundial de las Telecomunicaciones (Indotel) con el discurso de rendici\u00f3n de cuentas del presidente del&hellip; <\/p>\n","protected":false},"author":2,"featured_media":5744,"comment_status":"open","ping_status":"open","sticky":false,"template":"","format":"standard","meta":{"fifu_image_url":"","fifu_image_alt":"","footnotes":""},"categories":[64],"tags":[],"class_list":["post-5743","post","type-post","status-publish","format-standard","has-post-thumbnail","hentry","category-telecomunicaciones"],"_links":{"self":[{"href":"https:\/\/elmundodelosnegocios.com.do\/v1\/wp-json\/wp\/v2\/posts\/5743","targetHints":{"allow":["GET"]}}],"collection":[{"href":"https:\/\/elmundodelosnegocios.com.do\/v1\/wp-json\/wp\/v2\/posts"}],"about":[{"href":"https:\/\/elmundodelosnegocios.com.do\/v1\/wp-json\/wp\/v2\/types\/post"}],"author":[{"embeddable":true,"href":"https:\/\/elmundodelosnegocios.com.do\/v1\/wp-json\/wp\/v2\/users\/2"}],"replies":[{"embeddable":true,"href":"https:\/\/elmundodelosnegocios.com.do\/v1\/wp-json\/wp\/v2\/comments?post=5743"}],"version-history":[{"count":0,"href":"https:\/\/elmundodelosnegocios.com.do\/v1\/wp-json\/wp\/v2\/posts\/5743\/revisions"}],"wp:featuredmedia":[{"embeddable":true,"href":"https:\/\/elmundodelosnegocios.com.do\/v1\/wp-json\/wp\/v2\/media\/5744"}],"wp:attachment":[{"href":"https:\/\/elmundodelosnegocios.com.do\/v1\/wp-json\/wp\/v2\/media?parent=5743"}],"wp:term":[{"taxonomy":"category","embeddable":true,"href":"https:\/\/elmundodelosnegocios.com.do\/v1\/wp-json\/wp\/v2\/categories?post=5743"},{"taxonomy":"post_tag","embeddable":true,"href":"https:\/\/elmundodelosnegocios.com.do\/v1\/wp-json\/wp\/v2\/tags?post=5743"}],"curies":[{"name":"wp","href":"https:\/\/api.w.org\/{rel}","templated":true}]}}