{"id":5753,"date":"2021-05-19T11:45:12","date_gmt":"2021-05-19T16:15:12","guid":{"rendered":"http:\/\/elmundodelosnegocios.com.do\/v1\/?p=5753"},"modified":"2021-05-19T11:45:12","modified_gmt":"2021-05-19T16:15:12","slug":"celebra-general-de-seguros-encuentro-con-adocose-filial-este","status":"publish","type":"post","link":"https:\/\/elmundodelosnegocios.com.do\/v1\/celebra-general-de-seguros-encuentro-con-adocose-filial-este\/","title":{"rendered":"Celebra General de Seguros encuentro con ADOCOSE filial Este"},"content":{"rendered":"<p>Casa de Campo, La Romana, R.D. Mayo 19, 2021.- La marina de Casa de Campo fue el escenario perfecto para un encuentro celebrado por General de Seguros con miembros de la directiva de la Asociaci\u00f3n Dominicana de Corredores de Seguros (ADOCOSE) filial Este.<\/p>\n<p>El evento se llev\u00f3 cabo en el restaurante Pepperoni, implementando todas las medidas de lugar para resguardar la salud de los asistentes y as\u00ed disfrutar con seguridad del primer encuentro presencial que realiza la aseguradora con sus aliados de la vibrante zona Este del pa\u00eds, desde el inicio de la pandemia.<\/p>\n<p>Milagros de los Santos presidente del Consejo de Administraci\u00f3n de General de Seguros, presidi\u00f3 el evento junto a Luz Mateo, ejecutiva de negocios de la sucursal La Romana, as\u00ed como parte del equipo ejecutivo de la aseguradora, quienes recibieron a Claudia Garc\u00eda, Ram\u00f3n C\u00e1ceres, Emilio V\u00e1squez y Juan Bautista Leonardo, presidente, vicepresidente, secretario y tesorero, respectivamente, de ADOCOSE filial Este, adem\u00e1s de los miembros vocales y el corredor Fernando Otero.<br \/>\n<div id='gallery-1' class='gallery galleryid-5753 gallery-columns-2 gallery-size-large'><figure class='gallery-item'>\n\t\t\t<div class='gallery-icon landscape'>\n\t\t\t\t<a href='https:\/\/elmundodelosnegocios.com.do\/v1\/wp-content\/uploads\/2021\/05\/A-4.jpeg'><img loading=\"lazy\" decoding=\"async\" width=\"1024\" height=\"768\" src=\"https:\/\/elmundodelosnegocios.com.do\/v1\/wp-content\/uploads\/2021\/05\/A-4.jpeg\" class=\"attachment-large size-large\" alt=\"\" srcset=\"https:\/\/elmundodelosnegocios.com.do\/v1\/wp-content\/uploads\/2021\/05\/A-4.jpeg 1024w, https:\/\/elmundodelosnegocios.com.do\/v1\/wp-content\/uploads\/2021\/05\/A-4-300x225.jpeg 300w, https:\/\/elmundodelosnegocios.com.do\/v1\/wp-content\/uploads\/2021\/05\/A-4-768x576.jpeg 768w\" sizes=\"auto, (max-width: 1024px) 100vw, 1024px\" \/><\/a>\n\t\t\t<\/div><\/figure><figure class='gallery-item'>\n\t\t\t<div class='gallery-icon landscape'>\n\t\t\t\t<a href='https:\/\/elmundodelosnegocios.com.do\/v1\/wp-content\/uploads\/2021\/05\/B-1.jpeg'><img loading=\"lazy\" decoding=\"async\" width=\"1024\" height=\"768\" src=\"https:\/\/elmundodelosnegocios.com.do\/v1\/wp-content\/uploads\/2021\/05\/B-1-1024x768.jpeg\" class=\"attachment-large size-large\" alt=\"\" srcset=\"https:\/\/elmundodelosnegocios.com.do\/v1\/wp-content\/uploads\/2021\/05\/B-1-1024x768.jpeg 1024w, https:\/\/elmundodelosnegocios.com.do\/v1\/wp-content\/uploads\/2021\/05\/B-1-300x225.jpeg 300w, https:\/\/elmundodelosnegocios.com.do\/v1\/wp-content\/uploads\/2021\/05\/B-1-768x576.jpeg 768w, https:\/\/elmundodelosnegocios.com.do\/v1\/wp-content\/uploads\/2021\/05\/B-1-1536x1152.jpeg 1536w, https:\/\/elmundodelosnegocios.com.do\/v1\/wp-content\/uploads\/2021\/05\/B-1.jpeg 1600w\" sizes=\"auto, (max-width: 1024px) 100vw, 1024px\" \/><\/a>\n\t\t\t<\/div><\/figure>\n\t\t<\/div>\n<\/p>\n<p>Durante la cita, De Los Santos resalt\u00f3 el enfoque de la aseguradora en la trasformaci\u00f3n digital como uno de los principales objetivos estrat\u00e9gicos ante las nuevas circunstancias del mercado. A ello responden el lanzamiento de la nueva aplicaci\u00f3n m\u00f3vil, el marbete digital, el portal para reporte de reclamos online y los portales de autogesti\u00f3n Click y Oficina Virtual, donde intermediarios y clientes pueden gestionar sus p\u00f3lizas desde donde est\u00e9n, sin necesidad de trasladarse a una sucursal.<\/p>\n<p>Asimismo, enfatiz\u00f3 en el compromiso de la empresa con la excelencia en materia de atenci\u00f3n al cliente, destacando la estructura de servicios de la compa\u00f1\u00eda y las herramientas de asistencia disponibles 24\/7. \u201cOfrecer un servicio personalizado, medir lo que hacemos y llevarlo a la excelencia, contando con nuestros clientes e intermediarios como nuestros m\u00e1s valiosos activos es la mejor carta de nuestra instituci\u00f3n\u201d se\u00f1al\u00f3 De los Santos.<\/p>\n<p>El encuentro trascurri\u00f3 en un ambiente de camarader\u00eda y culmin\u00f3 con un brindis por el pr\u00f3ximo aniversario de la aseguradora quien este a\u00f1o arriba a sus 40 a\u00f1os.<\/p>\n","protected":false},"excerpt":{"rendered":"<p>Casa de Campo, La Romana, R.D. Mayo 19, 2021.- La marina de Casa de Campo fue el escenario perfecto para un encuentro celebrado por General de Seguros con miembros de&hellip; <\/p>\n","protected":false},"author":2,"featured_media":5754,"comment_status":"open","ping_status":"open","sticky":false,"template":"","format":"standard","meta":{"fifu_image_url":"","fifu_image_alt":"","footnotes":""},"categories":[89],"tags":[],"class_list":["post-5753","post","type-post","status-publish","format-standard","has-post-thumbnail","hentry","category-seguros"],"_links":{"self":[{"href":"https:\/\/elmundodelosnegocios.com.do\/v1\/wp-json\/wp\/v2\/posts\/5753","targetHints":{"allow":["GET"]}}],"collection":[{"href":"https:\/\/elmundodelosnegocios.com.do\/v1\/wp-json\/wp\/v2\/posts"}],"about":[{"href":"https:\/\/elmundodelosnegocios.com.do\/v1\/wp-json\/wp\/v2\/types\/post"}],"author":[{"embeddable":true,"href":"https:\/\/elmundodelosnegocios.com.do\/v1\/wp-json\/wp\/v2\/users\/2"}],"replies":[{"embeddable":true,"href":"https:\/\/elmundodelosnegocios.com.do\/v1\/wp-json\/wp\/v2\/comments?post=5753"}],"version-history":[{"count":0,"href":"https:\/\/elmundodelosnegocios.com.do\/v1\/wp-json\/wp\/v2\/posts\/5753\/revisions"}],"wp:featuredmedia":[{"embeddable":true,"href":"https:\/\/elmundodelosnegocios.com.do\/v1\/wp-json\/wp\/v2\/media\/5754"}],"wp:attachment":[{"href":"https:\/\/elmundodelosnegocios.com.do\/v1\/wp-json\/wp\/v2\/media?parent=5753"}],"wp:term":[{"taxonomy":"category","embeddable":true,"href":"https:\/\/elmundodelosnegocios.com.do\/v1\/wp-json\/wp\/v2\/categories?post=5753"},{"taxonomy":"post_tag","embeddable":true,"href":"https:\/\/elmundodelosnegocios.com.do\/v1\/wp-json\/wp\/v2\/tags?post=5753"}],"curies":[{"name":"wp","href":"https:\/\/api.w.org\/{rel}","templated":true}]}}