{"id":5787,"date":"2021-05-20T10:42:23","date_gmt":"2021-05-20T15:12:23","guid":{"rendered":"http:\/\/elmundodelosnegocios.com.do\/v1\/?p=5787"},"modified":"2021-05-20T10:42:23","modified_gmt":"2021-05-20T15:12:23","slug":"banreservas-anuncia-respaldo-a-acuerdo-de-colaboracion-para-fitur-2022-dedicada-a-rd","status":"publish","type":"post","link":"https:\/\/elmundodelosnegocios.com.do\/v1\/banreservas-anuncia-respaldo-a-acuerdo-de-colaboracion-para-fitur-2022-dedicada-a-rd\/","title":{"rendered":"Banreservas anuncia respaldo a acuerdo de colaboraci\u00f3n para FITUR 2022 dedicada a RD"},"content":{"rendered":"<p>Madrid, Espa\u00f1a. &#8211; El Banco de Reservas anunci\u00f3 su apoyo al acuerdo de colaboraci\u00f3n firmado este jueves entre IFEMA y el Ministerio de Turismo para respaldar y promover la edici\u00f3n de la Feria Internacional de Turismo (Fitur 2022), dedicada a la Rep\u00fablica Dominicana.<\/p>\n<p>El administrador general de Banreservas, Samuel Pereyra, expres\u00f3 su optimismo y disposici\u00f3n de contribuir a poner nueva vez en alto el nombre del pa\u00eds, con este importante evento en el que Rep\u00fablica Dominicana participar\u00e1 el pr\u00f3ximo a\u00f1o como pa\u00eds socio invitado.<\/p>\n<p>\u201cNos comprometemos a trabajar junto a las instituciones gubernamentales y del sector privado encargadas de desarrollar un programa que ponga de manifiesto nuestro potencial tur\u00edstico para atraer inversiones y al mismo tiempo como destino final para visitantes extranjeros\u201d, expres\u00f3 Pereyra al comentar la firma del convenio con IFEMA.<br \/>\n<div id='gallery-1' class='gallery galleryid-5787 gallery-columns-2 gallery-size-large'><figure class='gallery-item'>\n\t\t\t<div class='gallery-icon landscape'>\n\t\t\t\t<a href='https:\/\/elmundodelosnegocios.com.do\/v1\/wp-content\/uploads\/2021\/05\/0-3-640x360-6.jpg'><img loading=\"lazy\" decoding=\"async\" width=\"1000\" height=\"600\" src=\"https:\/\/elmundodelosnegocios.com.do\/v1\/wp-content\/uploads\/2021\/05\/0-3-640x360-6.jpg\" class=\"attachment-large size-large\" alt=\"\" srcset=\"https:\/\/elmundodelosnegocios.com.do\/v1\/wp-content\/uploads\/2021\/05\/0-3-640x360-6.jpg 1000w, https:\/\/elmundodelosnegocios.com.do\/v1\/wp-content\/uploads\/2021\/05\/0-3-640x360-6-300x180.jpg 300w, https:\/\/elmundodelosnegocios.com.do\/v1\/wp-content\/uploads\/2021\/05\/0-3-640x360-6-768x461.jpg 768w\" sizes=\"auto, (max-width: 1000px) 100vw, 1000px\" \/><\/a>\n\t\t\t<\/div><\/figure><figure class='gallery-item'>\n\t\t\t<div class='gallery-icon landscape'>\n\t\t\t\t<a href='https:\/\/elmundodelosnegocios.com.do\/v1\/wp-content\/uploads\/2021\/05\/0-4-640x360-5.jpg'><img loading=\"lazy\" decoding=\"async\" width=\"1000\" height=\"600\" src=\"https:\/\/elmundodelosnegocios.com.do\/v1\/wp-content\/uploads\/2021\/05\/0-4-640x360-5.jpg\" class=\"attachment-large size-large\" alt=\"\" srcset=\"https:\/\/elmundodelosnegocios.com.do\/v1\/wp-content\/uploads\/2021\/05\/0-4-640x360-5.jpg 1000w, https:\/\/elmundodelosnegocios.com.do\/v1\/wp-content\/uploads\/2021\/05\/0-4-640x360-5-300x180.jpg 300w, https:\/\/elmundodelosnegocios.com.do\/v1\/wp-content\/uploads\/2021\/05\/0-4-640x360-5-768x461.jpg 768w\" sizes=\"auto, (max-width: 1000px) 100vw, 1000px\" \/><\/a>\n\t\t\t<\/div><\/figure>\n\t\t<\/div>\n<\/p>\n<p>Rep\u00fablica Dominicana ser\u00e1 socio de FITUR 2022 que se celebrar\u00e1 el 19 de enero, para lo cual contar\u00e1 con el apoyo del sector privado, a trav\u00e9s de Banreservas, el Banco Popular y el MITUR, seg\u00fan el convenio firmado entre IFEMA, sede de FITUR, que se celebra cada a\u00f1o en Madrid.<\/p>\n<p>El acuerdo fue firmado por David Collado, ministro de Turismo; Jos\u00e9 Vicente de los Mozos, presidente de IFEMA; y Eduardo L\u00f3pez-Puertas, director general de la entidad espa\u00f1ola; en presencia de An\u00edbal de Castro, embajador dominicano ante la Organizaci\u00f3n Mundial del Turismo (OMT); Christopher Paniagua, presidente del Banco Popular; y Samuel Pereyra, administrador general de Banreservas.<\/p>\n<p><strong>185,000 visitantes<\/strong><\/p>\n<p>Collado afirm\u00f3 que la firma del convenio env\u00eda una se\u00f1al clara de la posici\u00f3n del gobierno dominicano y del gabinete de Turismo, de que creen firmemente en la recuperaci\u00f3n de la normalidad, lo cual se evidencia en los n\u00fameros que exhibe cada d\u00eda el pa\u00eds, en cuanto a la cantidad de visitantes que recibe.<\/p>\n<p>\u201cAl d\u00eda de hoy han ingresado a Rep\u00fablica Dominicana 185,000 personas extranjeras, para un aumento del 9%, con relaci\u00f3n al mes de abril y un incremento en los aeropuertos en las l\u00edneas a\u00e9reas de un 14%\u201d, dijo Collado. <\/p>\n<p>Explic\u00f3 que Expedia comunic\u00f3 que las reservaciones hacia la Rep\u00fablica Dominicana aumentaron en 153%, en comparaci\u00f3n con el a\u00f1o 2018.<\/p>\n<p><strong>IFEMA y FITUR visitar\u00e1n RD<\/strong><\/p>\n<p>Dijo que se acord\u00f3 que en octubre representantes de IFEMA y FITUR viajar\u00e1n al pa\u00eds para hacer una actividad, con la colaboraci\u00f3n del Banco Popular y el Banco de Reservas.<\/p>\n<p>Indic\u00f3 que \u201cen noviembre, Mitur, Banreservas y el Banco Popular vendr\u00e1n a Madrid para realizar otra actividad antes de FITUR 2021, con el fin de seguir promoviendo esta iniciativa tan importante para nuestro pa\u00eds\u201d.<\/p>\n<p>David Collado dijo sentirse contento de poder hacer este acuerdo una realidad, con el respaldo del sector privado, para que \u201csiga el oleaje de la recuperaci\u00f3n econ\u00f3mica de esperanza y de buenas vibras que tiene la Rep\u00fablica Dominicana\u201d.<\/p>\n","protected":false},"excerpt":{"rendered":"<p>Madrid, Espa\u00f1a. &#8211; El Banco de Reservas anunci\u00f3 su apoyo al acuerdo de colaboraci\u00f3n firmado este jueves entre IFEMA y el Ministerio de Turismo para respaldar y promover la edici\u00f3n&hellip; <\/p>\n","protected":false},"author":2,"featured_media":5789,"comment_status":"open","ping_status":"open","sticky":false,"template":"","format":"standard","meta":{"fifu_image_url":"","fifu_image_alt":"","footnotes":""},"categories":[157],"tags":[],"class_list":["post-5787","post","type-post","status-publish","format-standard","has-post-thumbnail","hentry","category-marketing"],"_links":{"self":[{"href":"https:\/\/elmundodelosnegocios.com.do\/v1\/wp-json\/wp\/v2\/posts\/5787","targetHints":{"allow":["GET"]}}],"collection":[{"href":"https:\/\/elmundodelosnegocios.com.do\/v1\/wp-json\/wp\/v2\/posts"}],"about":[{"href":"https:\/\/elmundodelosnegocios.com.do\/v1\/wp-json\/wp\/v2\/types\/post"}],"author":[{"embeddable":true,"href":"https:\/\/elmundodelosnegocios.com.do\/v1\/wp-json\/wp\/v2\/users\/2"}],"replies":[{"embeddable":true,"href":"https:\/\/elmundodelosnegocios.com.do\/v1\/wp-json\/wp\/v2\/comments?post=5787"}],"version-history":[{"count":0,"href":"https:\/\/elmundodelosnegocios.com.do\/v1\/wp-json\/wp\/v2\/posts\/5787\/revisions"}],"wp:featuredmedia":[{"embeddable":true,"href":"https:\/\/elmundodelosnegocios.com.do\/v1\/wp-json\/wp\/v2\/media\/5789"}],"wp:attachment":[{"href":"https:\/\/elmundodelosnegocios.com.do\/v1\/wp-json\/wp\/v2\/media?parent=5787"}],"wp:term":[{"taxonomy":"category","embeddable":true,"href":"https:\/\/elmundodelosnegocios.com.do\/v1\/wp-json\/wp\/v2\/categories?post=5787"},{"taxonomy":"post_tag","embeddable":true,"href":"https:\/\/elmundodelosnegocios.com.do\/v1\/wp-json\/wp\/v2\/tags?post=5787"}],"curies":[{"name":"wp","href":"https:\/\/api.w.org\/{rel}","templated":true}]}}