{"id":5979,"date":"2021-05-25T14:42:21","date_gmt":"2021-05-25T19:12:21","guid":{"rendered":"http:\/\/elmundodelosnegocios.com.do\/v1\/?p=5979"},"modified":"2021-05-25T14:42:21","modified_gmt":"2021-05-25T19:12:21","slug":"encabeza-presidente-abinader-inauguracion-instalaciones-empresas-radiofonicas","status":"publish","type":"post","link":"https:\/\/elmundodelosnegocios.com.do\/v1\/encabeza-presidente-abinader-inauguracion-instalaciones-empresas-radiofonicas\/","title":{"rendered":"Encabeza Presidente Abinader inauguraci\u00f3n instalaciones Empresas Radiof\u00f3nicas"},"content":{"rendered":"<p>BARAHONA, R.D. Mayo 25, 2021.- Durante un emotivo acto que encabez\u00f3 el Presidente Lu\u00eds Abinader, Empresas Radiof\u00f3nicas, inaugur\u00f3 en ocasi\u00f3n de su 62 aniversario, nuevas instalaciones en Barahona y Azua, consideradas las m\u00e1s modernas del pa\u00eds y la regi\u00f3n del Caribe.<\/p>\n<p>El acto se llev\u00f3 a cabo en el Edificio Rodolfo Lama, ubicado en la calle Mar\u00eda Montez de esta ciudad, iniciando con la bendici\u00f3n y acci\u00f3n de gracias invocadas por Monse\u00f1or Andr\u00e9s Napole\u00f3n Romero C\u00e1rdenas, obispo de la Di\u00f3cesis de Barahona.<br \/>\n<a href=\"http:\/\/elmundodelosnegocios.com.do\/v1\/wp-content\/uploads\/2021\/05\/00-a-1.jpg\"><img loading=\"lazy\" decoding=\"async\" src=\"http:\/\/elmundodelosnegocios.com.do\/v1\/wp-content\/uploads\/2021\/05\/00-a-1.jpg\" alt=\"\" width=\"1280\" height=\"852\" class=\"aligncenter size-full wp-image-5980\" srcset=\"https:\/\/elmundodelosnegocios.com.do\/v1\/wp-content\/uploads\/2021\/05\/00-a-1.jpg 1280w, https:\/\/elmundodelosnegocios.com.do\/v1\/wp-content\/uploads\/2021\/05\/00-a-1-300x200.jpg 300w, https:\/\/elmundodelosnegocios.com.do\/v1\/wp-content\/uploads\/2021\/05\/00-a-1-1024x682.jpg 1024w, https:\/\/elmundodelosnegocios.com.do\/v1\/wp-content\/uploads\/2021\/05\/00-a-1-768x511.jpg 768w\" sizes=\"auto, (max-width: 1280px) 100vw, 1280px\" \/><\/a><\/p>\n<p>Se proyect\u00f3 un audiovisual que recoge la historia de la Cadena Radial, desde la instalaci\u00f3n de la primera estaci\u00f3n de radio en el Sur, La Voz del Bir\u00e1n, que posteriormente se convirti\u00f3 en Radio Barahona, la cual ha seguido ininterrumpidamente en el aire, en la frecuencia 970 khz y cuyo fundador es don Rodolfo Lama Jaar, padre del presidente de Empresas Radiof\u00f3nicas, ingeniero Roberto Lama Sajour.<\/p>\n<p>En el documental se present\u00f3 una rom\u00e1ntica historia de la gran cadena del Sur integrada por 18 estaciones de radio, un canal de televisi\u00f3n, as\u00ed como las plataformas digitales cubriendo las diez provincias del Sur y llegando a todo el planeta a trav\u00e9s de la internet.<\/p>\n<p>El discurso inaugural lo pronunci\u00f3 el presidente de Empresas Radiof\u00f3nicas, ingeniero Roberto Lama, quien agradeci\u00f3 el gesto del<br \/>\nmandatario de aceptar la invitaci\u00f3n.<\/p>\n<p>\u201cEn esta ceremonia de acci\u00f3n de gracias, quiero expresar, junto a toda mi familia, la alegr\u00eda que sentimos al tener en estas instalaciones la presencia del honorable se\u00f1or presidente de la Rep\u00fablica, Lu\u00eds Rodolfo Abinader Corona en un acontecimiento de trascendencia para Empresas Radiof\u00f3nicas, la mayor y m\u00e1s moderna cadena de medios de la Rep\u00fablica Dominicana.\u201d<\/p>\n<p>Record\u00f3 que cuando empezaron las transmisiones, la regi\u00f3n contaba con un escaso desarrollo en todos los aspectos: \u201clas carreteras eran polvorientas v\u00edas que un\u00edan los poblados de las distintas comunidades y provincias; la telefon\u00eda pr\u00e1cticamente no exist\u00eda en la regi\u00f3n y muchas de las localidades carec\u00edan de energ\u00eda lo que nos obligaba a usar generadores propios de manera permanente para operar varias estaciones de Empresas Radiof\u00f3nicas\u201d, dijo el empresario radial.<\/p>\n<p>Resalt\u00f3 que la empresa que preside nunca dejar\u00e1 de estar en primera l\u00ednea cuando se trate de la defensa de los intereses de la regi\u00f3n m\u00e1s pobre y aislada del pa\u00eds.<\/p>\n<p>\u201cPor eso, se\u00f1or Presidente, aprovechamos para decirle que hemos abrazado su decisi\u00f3n en priorizar el tema del desarrollo de Pedernales y tambi\u00e9n, nos llena de esperanza ver convertido en realidad la Presa Monte Grande, un sue\u00f1o de los habitantes de Barahona, Bahoruco e Independencia\u201d, resalt\u00f3.<\/p>\n<p>El Presidente Abinader hizo el corte de cinta para dejar inauguradas las modernas instalaciones y equipos de Empresas Radiof\u00f3nicas.<\/p>\n<p>Posteriormente, el mandatario recorri\u00f3, junto al ingeniero Roberto Lama, todas las estaciones ubicadas en el edificio.<\/p>\n<p>Al acto asistieron Jos\u00e9 Ignacio Paliza; Ministro Administrativo de la Presidencia, la gobernadora provincial de Barahona, Dionnes Maribel Gonz\u00e1lez, el senador Jos\u00e9 del Castillo Savi\u00f1\u00f3n; el diputado Mois\u00e9s Ayala, as\u00ed como Milton Fern\u00e1ndez, alcalde del municipio de Barahona, Julissa Cruz, directora ejecutiva de INDOTEL y Pr\u00edamo Ram\u00edrez, miembro del Consejo Directivo de esa instituci\u00f3n.<\/p>\n<p>Tambi\u00e9n, el presidente del Senado de la Rep\u00fablica, Eduardo  Estrella, el doctor Praede Olivero F\u00e9liz.<\/p>\n<p>Estuvieron presentes l\u00edderes sociales, religiosos y pol\u00edticos, dentro de estos, el presidente provincial del Partido Revolucionario Moderno, Jos\u00e9 del Carmen Montero.<\/p>\n","protected":false},"excerpt":{"rendered":"<p>BARAHONA, R.D. Mayo 25, 2021.- Durante un emotivo acto que encabez\u00f3 el Presidente Lu\u00eds Abinader, Empresas Radiof\u00f3nicas, inaugur\u00f3 en ocasi\u00f3n de su 62 aniversario, nuevas instalaciones en Barahona y Azua,&hellip; <\/p>\n","protected":false},"author":2,"featured_media":5981,"comment_status":"open","ping_status":"open","sticky":false,"template":"","format":"standard","meta":{"fifu_image_url":"","fifu_image_alt":"","footnotes":""},"categories":[64],"tags":[],"class_list":["post-5979","post","type-post","status-publish","format-standard","has-post-thumbnail","hentry","category-telecomunicaciones"],"_links":{"self":[{"href":"https:\/\/elmundodelosnegocios.com.do\/v1\/wp-json\/wp\/v2\/posts\/5979","targetHints":{"allow":["GET"]}}],"collection":[{"href":"https:\/\/elmundodelosnegocios.com.do\/v1\/wp-json\/wp\/v2\/posts"}],"about":[{"href":"https:\/\/elmundodelosnegocios.com.do\/v1\/wp-json\/wp\/v2\/types\/post"}],"author":[{"embeddable":true,"href":"https:\/\/elmundodelosnegocios.com.do\/v1\/wp-json\/wp\/v2\/users\/2"}],"replies":[{"embeddable":true,"href":"https:\/\/elmundodelosnegocios.com.do\/v1\/wp-json\/wp\/v2\/comments?post=5979"}],"version-history":[{"count":0,"href":"https:\/\/elmundodelosnegocios.com.do\/v1\/wp-json\/wp\/v2\/posts\/5979\/revisions"}],"wp:featuredmedia":[{"embeddable":true,"href":"https:\/\/elmundodelosnegocios.com.do\/v1\/wp-json\/wp\/v2\/media\/5981"}],"wp:attachment":[{"href":"https:\/\/elmundodelosnegocios.com.do\/v1\/wp-json\/wp\/v2\/media?parent=5979"}],"wp:term":[{"taxonomy":"category","embeddable":true,"href":"https:\/\/elmundodelosnegocios.com.do\/v1\/wp-json\/wp\/v2\/categories?post=5979"},{"taxonomy":"post_tag","embeddable":true,"href":"https:\/\/elmundodelosnegocios.com.do\/v1\/wp-json\/wp\/v2\/tags?post=5979"}],"curies":[{"name":"wp","href":"https:\/\/api.w.org\/{rel}","templated":true}]}}