{"id":5996,"date":"2021-05-26T07:55:58","date_gmt":"2021-05-26T12:25:58","guid":{"rendered":"http:\/\/elmundodelosnegocios.com.do\/v1\/?p=5996"},"modified":"2021-05-26T07:55:58","modified_gmt":"2021-05-26T12:25:58","slug":"bibliotecas-iberoamericanas-reivindican-su-papel-en-la-agenda-2030","status":"publish","type":"post","link":"https:\/\/elmundodelosnegocios.com.do\/v1\/bibliotecas-iberoamericanas-reivindican-su-papel-en-la-agenda-2030\/","title":{"rendered":"Bibliotecas iberoamericanas reivindican su papel en la Agenda 2030"},"content":{"rendered":"<p>Madrid, 25 may.- Las bibliotecas est\u00e1n en \u00abtodos\u00bb los Objetivos de Desarrollo Sostenible. Este ha sido el principal mensaje del seminario \u00abLas bibliotecas y los Objetivos de Desarrollo Sostenible de la Agenda 2030\u00bb organizado hoy en Madrid por el Ministerio espa\u00f1ol de Cultura y Deporte.<\/p>\n<p>Este seminario, acto central para las celebraciones del A\u00f1o Iberoamericano de las Bibliotecas en Espa\u00f1a y celebrado de manera presencial y virtual, fue inaugurado por la directora general espa\u00f1ola del Libro y Fomento de la Lectura, Mar\u00eda Jos\u00e9 G\u00e1lvez, y en \u00e9l participaron, entre otros, la ministra de Cultura de Costa Rica, Sylvie Dur\u00e1n, y Mar\u00eda Ang\u00e9lica Fuentes, directora de la Secci\u00f3n Am\u00e9rica Latina y el Caribe de la Federaci\u00f3n Internacional de Asociaciones de Bibliotecarios y Bibliotecas (IFLA, en sus siglas en ingl\u00e9s) y presidenta del Colegio de Bibliotecarios de Chile.<\/p>\n<p>Tambi\u00e9n intervinieron Diana Patricia Restrepo, directora de la Biblioteca Nacional de Colombia y presidenta de la Asociaci\u00f3n de Estados Iberoamericanos para el Desarrollo de las Bibliotecas Nacionales de Iberoam\u00e9rica, o Enrique Vargas, coordinador del Espacio Cultural Iberoamericano y Secretar\u00eda General Iberoamericana.<\/p>\n<p>\u00abQueremos visibilizar a las bibliotecas en este important\u00edsimo A\u00f1o Iberoamericano de las Bibliotecas y poner en valor el papel de las bibliotecas y la cultura general en la Agenda 2030 y en la consecuci\u00f3n de los Objetivos de Desarrollo Sostenible\u00bb, resalt\u00f3 la directora general del Libro y Fomento de la Lectura, que abri\u00f3 el evento en ausencia del ministro espa\u00f1ol de Cultura y Deporte, Jos\u00e9 Manuel Rodr\u00edguez Uribes, quien tuvo que acudir al entierro del m\u00fasico Crist\u00f3bal Halffter.<\/p>\n<p>Entre los representantes de la cultura iberoamericana que tomaron la palabra, la ministra de Cultura de Costa Rica manifest\u00f3 que el trabajo de las bibliotecas \u00abtiene que ver con el desarrollo pleno de las personas, con trabajar en espacios de personas para personas\u00bb.<\/p>\n<p>\u00abSomos ese centro de informaci\u00f3n que facilita a los ciudadanos todo tipo de informaci\u00f3n y conocimientos, un espacio comprometido con la proximidad y la confianza\u00bb, a\u00f1adi\u00f3.<\/p>\n<p>Por su parte, Mar\u00eda Ang\u00e9lica Fuentes destac\u00f3 que, pese a no haber ning\u00fan Objetivo de Desarrollo Sostenible dedicado a la cultura, el papel de las bibliotecas est\u00e1 presente \u00aben todos\u00bb, en los diecisiete marcados por la ONU.<\/p>\n<p>Asimismo, la directora de la Biblioteca Nacional de Colombia y presidenta de la Asociaci\u00f3n de Estados Iberoamericanos para el Desarrollo de las Bibliotecas Nacionales de Iberoam\u00e9rica resalt\u00f3 que \u00abhoy m\u00e1s que nunca\u00bb es importante el papel de estos lugares porque de \u00abforma transversal garantizan el acceso a la informaci\u00f3n\u00bb a los ciudadanos.<\/p>\n<p>Por eso, para Restrepo, en la actualidad, debido a la emergencia sanitaria, las bibliotecas \u00abtienen m\u00e1s importancia\u00bb, sobre todo porque sus iniciativas digitales han hecho que se llegue a \u00abm\u00e1s \u00e1mbitos y espacios\u00bb.<\/p>\n<p>Tambi\u00e9n Enrique Vargas indic\u00f3 que \u00abestar en los 17 objetivos\u00bb de la ONU \u00b7es un trabajo enorme\u00bb, pero afirm\u00f3 que, con la uni\u00f3n de todos los pa\u00edses iberoamericanos, se va a \u00abpoder hacer\u00bb.<\/p>\n<p>Mientras, el presidente de la Fundaci\u00f3n Ortega y Gasset-Gregorio Mara\u00f1\u00f3n, que acogi\u00f3 en su sede el seminario, Gregorio Mara\u00f1\u00f3n y Bertr\u00e1n de Lis, puso en valor el papel de las bibliotecas por ser las instituciones que tienen como \u00abresponsabilidad acercar el conocimiento a la ciudadan\u00eda a trav\u00e9s de los libros\u00bb.<\/p>\n<p>El acto cont\u00f3 con la participaci\u00f3n de otros nombres de la cultura iberoamericana como Elvira Lindo, presidenta del Real Patronato de la Biblioteca Nacional de Espa\u00f1a; Alfons Martinell Sempere, director honor\u00edfico de la C\u00e1tedra Unesco: Pol\u00edticas Culturales y Cooperaci\u00f3n, y Giuseppe Vitiello, director de European Bureau of Library, Information and Documentation Associations (EBLIDA).<\/p>\n","protected":false},"excerpt":{"rendered":"<p>Madrid, 25 may.- Las bibliotecas est\u00e1n en \u00abtodos\u00bb los Objetivos de Desarrollo Sostenible. Este ha sido el principal mensaje del seminario \u00abLas bibliotecas y los Objetivos de Desarrollo Sostenible de&hellip; <\/p>\n","protected":false},"author":2,"featured_media":5997,"comment_status":"open","ping_status":"open","sticky":false,"template":"","format":"standard","meta":{"fifu_image_url":"","fifu_image_alt":"","footnotes":""},"categories":[148,234],"tags":[],"class_list":["post-5996","post","type-post","status-publish","format-standard","has-post-thumbnail","hentry","category-cultura","category-internacionales"],"_links":{"self":[{"href":"https:\/\/elmundodelosnegocios.com.do\/v1\/wp-json\/wp\/v2\/posts\/5996","targetHints":{"allow":["GET"]}}],"collection":[{"href":"https:\/\/elmundodelosnegocios.com.do\/v1\/wp-json\/wp\/v2\/posts"}],"about":[{"href":"https:\/\/elmundodelosnegocios.com.do\/v1\/wp-json\/wp\/v2\/types\/post"}],"author":[{"embeddable":true,"href":"https:\/\/elmundodelosnegocios.com.do\/v1\/wp-json\/wp\/v2\/users\/2"}],"replies":[{"embeddable":true,"href":"https:\/\/elmundodelosnegocios.com.do\/v1\/wp-json\/wp\/v2\/comments?post=5996"}],"version-history":[{"count":0,"href":"https:\/\/elmundodelosnegocios.com.do\/v1\/wp-json\/wp\/v2\/posts\/5996\/revisions"}],"wp:featuredmedia":[{"embeddable":true,"href":"https:\/\/elmundodelosnegocios.com.do\/v1\/wp-json\/wp\/v2\/media\/5997"}],"wp:attachment":[{"href":"https:\/\/elmundodelosnegocios.com.do\/v1\/wp-json\/wp\/v2\/media?parent=5996"}],"wp:term":[{"taxonomy":"category","embeddable":true,"href":"https:\/\/elmundodelosnegocios.com.do\/v1\/wp-json\/wp\/v2\/categories?post=5996"},{"taxonomy":"post_tag","embeddable":true,"href":"https:\/\/elmundodelosnegocios.com.do\/v1\/wp-json\/wp\/v2\/tags?post=5996"}],"curies":[{"name":"wp","href":"https:\/\/api.w.org\/{rel}","templated":true}]}}