{"id":6287,"date":"2021-06-01T11:28:13","date_gmt":"2021-06-01T15:58:13","guid":{"rendered":"http:\/\/elmundodelosnegocios.com.do\/v1\/?p=6287"},"modified":"2021-06-01T11:28:13","modified_gmt":"2021-06-01T15:58:13","slug":"articulo-tenemos-que-cerrar-la-brecha-de-vacunacion","status":"publish","type":"post","link":"https:\/\/elmundodelosnegocios.com.do\/v1\/articulo-tenemos-que-cerrar-la-brecha-de-vacunacion\/","title":{"rendered":"ARTICULO: Tenemos que cerrar la brecha de vacunaci\u00f3n"},"content":{"rendered":"<p>Por: Josep Borrell<br \/>\nAlto representante para Asuntos Exteriores y Pol\u00edtica de Seguridad de la Uni\u00f3n Europea,<br \/>\nVicepresidente de la Comisi\u00f3n Europea.<\/p>\n<p>A finales de mayo de 2021, tan solo el 2,1 % de los africanos ha recibido al menos una dosis de la vacuna contra la COVID-19. Debemos cerrar la brecha de vacunaci\u00f3n entre las econom\u00edas avanzadas y los pa\u00edses en desarrollo para evitar lo que Tedros Ghebreyesus, Director General de la Organizaci\u00f3n Mundial de la Salud (OMS), ha denominado \u00abel apartheid de la vacunaci\u00f3n\u00bb. Es lo moralmente correcto, y adem\u00e1s redunda en el inter\u00e9s de todos.<\/p>\n<p>Para ello, es necesaria una actuaci\u00f3n mundial multilateral que aumente la producci\u00f3n de vacunas y acelere su distribuci\u00f3n en todo el mundo. Desde el inicio de la pandemia, este ha sido el objetivo elegido por la UE. Se trata, igualmente, del reciente objetivo que se han fijado los dirigentes del G20 en la Cumbre Mundial de la Salud celebrada en Roma, el 21 de mayo.<\/p>\n<p>La pandemia sigue matando a miles de personas cada d\u00eda, y al ritmo actual, no se habr\u00e1 vacunado al mundo entero antes de 2023. La \u00fanica manera de poner fin a la pandemia es vacunando a una gran parte de la poblaci\u00f3n mundial; en caso contrario, la multiplicaci\u00f3n de variantes probablemente mermar\u00e1 la eficacia de las vacunas existentes.<\/p>\n<p>La vacunaci\u00f3n tambi\u00e9n es un requisito previo para levantar las restricciones que est\u00e1n atenazando nuestras econom\u00edas y libertades. Estas restricciones suponen una carga para el mundo entero, pero son a\u00fan m\u00e1s acuciantes para los pa\u00edses en desarrollo que no disponen de los mecanismos sociales y medidas econ\u00f3micas de los pa\u00edses avanzados para limitar las consecuencias de la pandemia sobre su ciudadan\u00eda.<\/p>\n<p>Si la brecha de vacunaci\u00f3n perdura, corremos el riesgo de revertir la tendencia de las \u00faltimas d\u00e9cadas de reducci\u00f3n de la pobreza y de las desigualdades globales. Esta din\u00e1mica negativa frenar\u00eda la actividad econ\u00f3mica e intensificar\u00eda las tensiones geopol\u00edticas. El coste de la inacci\u00f3n ser\u00eda sin duda mucho mayor para las econom\u00edas avanzadas de lo que tendr\u00edamos que gastar entre todos para ayudar a vacunar al mundo entero. Por ello, la UE acoge favorablemente el plan de 50 000 millones de d\u00f3lares propuesto por el Fondo Monetario Internacional para vacunar al 40 % de la poblaci\u00f3n mundial en 2021, y al 60 % a m\u00e1s tardar a mediados de 2022.<\/p>\n<p>Para lograr este objetivo, necesitamos una estrecha coordinaci\u00f3n de la acci\u00f3n multilateral. Debemos resistir las amenazas que plantean la \u00abdiplomacia de las vacunas\u00bb, que supedita el env\u00edo de vacunas a los objetivos pol\u00edticos, as\u00ed como el \u00abnacionalismo de las vacunas\u00bb, que consiste en reservar las vacunas para uno mismo. A diferencia de otros actores, la UE ha rechazado ambos enfoques desde el inicio de la pandemia. Hasta ahora, somos el \u00fanico actor mundial que est\u00e1 vacunando a su propia poblaci\u00f3n al mismo tiempo que exportamos un gran n\u00famero de vacunas y contribuimos de forma sustancial a su distribuci\u00f3n en los pa\u00edses de renta baja. Los europeos podemos sentirnos orgullosos de este logro.<\/p>\n<p>En 2020, la UE apoy\u00f3 la investigaci\u00f3n en materia de vacunas y el desarrollo de estas a gran escala, contribuyendo notablemente a la nueva generaci\u00f3n de vacunas de ARNm. La UE se convirti\u00f3 posteriormente en uno de los principales productores de vacunas contra la COVID-19 al producir, seg\u00fan la OMS, alrededor de un 40 % de las vacunas administradas hasta el momento en todo el mundo. La UE tambi\u00e9n ha exportado 240 millones de dosis a 90 pa\u00edses, aproximadamente la misma cantidad que hemos usado dentro de la UE.<\/p>\n<p>Asimismo, la UE, sus Estados miembros y sus instituciones financieras &#8211; lo que denominamos el \u00abEquipo Europa\u00bb &#8211; ha donado vacunas a sus pa\u00edses vecinos con m\u00e1s necesidades, especialmente en los Balcanes Occidentales. El objetivo es donar al menos 100 millones de dosis adicionales a pa\u00edses de renta baja y media antes de finales de 2021, tal como se acord\u00f3 en el \u00faltimo Consejo Europeo. La aportaci\u00f3n de 2 800 millones de euros realizada por el Equipo Europa es la mayor contribuci\u00f3n que ha recibido el Mecanismo COVAX, que permite el acceso a las vacunas a los pa\u00edses m\u00e1s pobres. Alrededor de una tercera parte de todas las dosis distribuidas por el Mecanismo COVAX hasta el momento ha sido financiada por la UE. Sin embargo, este esfuerzo es todav\u00eda insuficiente.<\/p>\n<p>Para cerrar la brecha de vacunaci\u00f3n, los pa\u00edses que disponen de los conocimientos y medios necesarios deben aumentar sus capacidades de producci\u00f3n para vacunar a sus propias poblaciones y exportar m\u00e1s vacunas, tal y como hace la UE. Junto a los productores de vacunas, estamos trabajando para aumentar la capacidad de producci\u00f3n de vacunas de la UE a m\u00e1s de 3 000 millones de dosis anuales hasta finales de a\u00f1o. Adem\u00e1s, nuestros socios industriales europeos se han comprometido a distribuir antes de finales de a\u00f1o 1 300 millones de dosis a precio de coste para pa\u00edses de renta baja, y a precios reducidos para pa\u00edses de renta media. Tambi\u00e9n se han comprometido a distribuir otros 1 300 millones de dosis en 2022, muchas de ellas a trav\u00e9s del Mecanismos COVAX.<\/p>\n<p>Todos los pa\u00edses deben evitar medidas restrictivas que repercutan sobre las cadenas de suministro. Asimismo, hay que facilitar la transferencia de conocimientos y tecnolog\u00eda para que un mayor n\u00famero de pa\u00edses pueda producir vacunas. Desde la UE, estamos incentivando a los productores europeos a ello, especialmente en \u00c1frica.<\/p>\n<p>El pasado 18 de mayo particip\u00e9 en la Cumbre sobre \u00abFinanciaci\u00f3n de las Econom\u00edas Africanas\u00bb celebrada en Par\u00eds, en la que los dirigentes del continente pusieron de manifiesto que \u00c1frica importa el 99 % de las vacunas. Esto debe cambiar. Para lograrlo, el Equipo Europa ha puesto en marcha una iniciativa con socios africanos a fin de impulsar la capacidad de fabricaci\u00f3n de vacunas, medicamentos y tecnolog\u00edas sanitarias en \u00c1frica. Esta iniciativa est\u00e1 respaldada por una financiaci\u00f3n de 1 000 millones de euros procedentes del presupuesto de la UE y de las instituciones financieras de desarrollo europeas.<\/p>\n<p>La concesi\u00f3n de licencias voluntarias es la manera m\u00e1s adecuada para asegurar esta transferencia de tecnolog\u00eda y conocimientos Si esta resultara insuficiente, el Acuerdo vigente sobre los Aspectos de los Derechos de Propiedad Intelectual relacionados con el Comercio y la Declaraci\u00f3n de Doha de 2001 contemplan la concesi\u00f3n de licencias obligatorias. Seg\u00fan algunos pa\u00edses, el uso de estas flexibilidades es demasiado dif\u00edcil y lento por lo que, a fin de agilizar estas transferencias de tecnolog\u00eda, la UE presentar\u00e1 una nueva propuesta en el marco de la OMS a m\u00e1s tardar a principios de junio.<\/p>\n<p>La pandemia de COVID-19 nos ha recordado que la salud es un bien p\u00fablico mundial. Nuestra acci\u00f3n com\u00fan para cerrar la brecha de vacunaci\u00f3n debe ser el primer paso de una verdadera cooperaci\u00f3n sanitaria a nivel global, tal y como lo consagra la Declaraci\u00f3n de Roma adoptada recientemente en la Cumbre Mundial de la Salud.<\/p>\n","protected":false},"excerpt":{"rendered":"<p>Por: Josep Borrell Alto representante para Asuntos Exteriores y Pol\u00edtica de Seguridad de la Uni\u00f3n Europea, Vicepresidente de la Comisi\u00f3n Europea. A finales de mayo de 2021, tan solo el&hellip; <\/p>\n","protected":false},"author":2,"featured_media":6288,"comment_status":"open","ping_status":"open","sticky":false,"template":"","format":"standard","meta":{"fifu_image_url":"","fifu_image_alt":"","footnotes":""},"categories":[80],"tags":[],"class_list":["post-6287","post","type-post","status-publish","format-standard","has-post-thumbnail","hentry","category-salud"],"_links":{"self":[{"href":"https:\/\/elmundodelosnegocios.com.do\/v1\/wp-json\/wp\/v2\/posts\/6287","targetHints":{"allow":["GET"]}}],"collection":[{"href":"https:\/\/elmundodelosnegocios.com.do\/v1\/wp-json\/wp\/v2\/posts"}],"about":[{"href":"https:\/\/elmundodelosnegocios.com.do\/v1\/wp-json\/wp\/v2\/types\/post"}],"author":[{"embeddable":true,"href":"https:\/\/elmundodelosnegocios.com.do\/v1\/wp-json\/wp\/v2\/users\/2"}],"replies":[{"embeddable":true,"href":"https:\/\/elmundodelosnegocios.com.do\/v1\/wp-json\/wp\/v2\/comments?post=6287"}],"version-history":[{"count":0,"href":"https:\/\/elmundodelosnegocios.com.do\/v1\/wp-json\/wp\/v2\/posts\/6287\/revisions"}],"wp:featuredmedia":[{"embeddable":true,"href":"https:\/\/elmundodelosnegocios.com.do\/v1\/wp-json\/wp\/v2\/media\/6288"}],"wp:attachment":[{"href":"https:\/\/elmundodelosnegocios.com.do\/v1\/wp-json\/wp\/v2\/media?parent=6287"}],"wp:term":[{"taxonomy":"category","embeddable":true,"href":"https:\/\/elmundodelosnegocios.com.do\/v1\/wp-json\/wp\/v2\/categories?post=6287"},{"taxonomy":"post_tag","embeddable":true,"href":"https:\/\/elmundodelosnegocios.com.do\/v1\/wp-json\/wp\/v2\/tags?post=6287"}],"curies":[{"name":"wp","href":"https:\/\/api.w.org\/{rel}","templated":true}]}}