{"id":6290,"date":"2021-06-01T11:34:22","date_gmt":"2021-06-01T16:04:22","guid":{"rendered":"http:\/\/elmundodelosnegocios.com.do\/v1\/?p=6290"},"modified":"2021-06-01T11:34:22","modified_gmt":"2021-06-01T16:04:22","slug":"se-transforma-multinacional-total-en-totalenergies","status":"publish","type":"post","link":"https:\/\/elmundodelosnegocios.com.do\/v1\/se-transforma-multinacional-total-en-totalenergies\/","title":{"rendered":"Se transforma Multinacional Total en TotalEnergies"},"content":{"rendered":"<p>Par\u00eds, Francia, 1 de junio de 2021.- En la asamblea ordinaria y extraordinaria de accionistas, se aprob\u00f3, casi por unanimidad, la resoluci\u00f3n de cambiar el nombre de la compa\u00f1\u00eda de Total a TotalEnergies, anclando as\u00ed su transformaci\u00f3n estrat\u00e9gica en una empresa energ\u00e9tica amplia en su identidad.<\/p>\n<p>En un comunicado de prensa, la multinacional expres\u00f3 que, junto con el cambio de denominaci\u00f3n, TotalEnergies tambi\u00e9n est\u00e1 adoptando una nueva identidad visual.<\/p>\n<p>\u201cLa energ\u00eda es vida. Todos la necesitamos y es fuente de progreso. Por eso hoy, para contribuir al desarrollo sostenible del planeta enfrentando el desaf\u00edo clim\u00e1tico, estamos avanzando, juntos, hacia nuevas energ\u00edas\u201d, expresa el documento enviado a los medios.<\/p>\n<p>Tambi\u00e9n se\u00f1ala que \u201cla energ\u00eda se est\u00e1 reinventando a s\u00ed misma, y este recorrido energ\u00e9tico es nuestro, con la ambici\u00f3n es ser un actor de clase mundial en la transici\u00f3n energ\u00e9tica, es por esto que Total se est\u00e1 transformando y convirti\u00e9ndose en TotalEnergies,\u201d declar\u00f3 Patrick Pouyann\u00e9, presidente y CEO de TotalEnergies.<\/p>\n<p>\u201cEste nuevo nombre y nueva identidad visual comprende el rumbo a seguir que TotalEnergies ha trazado decididamente: el de una amplia empresa energ\u00e9tica comprometida a producir y ofrecer energ\u00edas que sean cada vez m\u00e1s asequibles, confiables y limpias\u201d, dijo el ejecutivo.<\/p>\n<p><iframe loading=\"lazy\" title=\"YouTube video player\" src=\"https:\/\/www.youtube.com\/embed\/MLX3Jl1hUcE\" width=\"853\" height=\"480\" frameborder=\"0\" allowfullscreen=\"allowfullscreen\"><\/iframe><\/p>\n","protected":false},"excerpt":{"rendered":"<p>Par\u00eds, Francia, 1 de junio de 2021.- En la asamblea ordinaria y extraordinaria de accionistas, se aprob\u00f3, casi por unanimidad, la resoluci\u00f3n de cambiar el nombre de la compa\u00f1\u00eda de&hellip; <\/p>\n","protected":false},"author":2,"featured_media":6291,"comment_status":"open","ping_status":"open","sticky":false,"template":"","format":"standard","meta":{"fifu_image_url":"","fifu_image_alt":"","footnotes":""},"categories":[182],"tags":[],"class_list":["post-6290","post","type-post","status-publish","format-standard","has-post-thumbnail","hentry","category-energia"],"_links":{"self":[{"href":"https:\/\/elmundodelosnegocios.com.do\/v1\/wp-json\/wp\/v2\/posts\/6290","targetHints":{"allow":["GET"]}}],"collection":[{"href":"https:\/\/elmundodelosnegocios.com.do\/v1\/wp-json\/wp\/v2\/posts"}],"about":[{"href":"https:\/\/elmundodelosnegocios.com.do\/v1\/wp-json\/wp\/v2\/types\/post"}],"author":[{"embeddable":true,"href":"https:\/\/elmundodelosnegocios.com.do\/v1\/wp-json\/wp\/v2\/users\/2"}],"replies":[{"embeddable":true,"href":"https:\/\/elmundodelosnegocios.com.do\/v1\/wp-json\/wp\/v2\/comments?post=6290"}],"version-history":[{"count":0,"href":"https:\/\/elmundodelosnegocios.com.do\/v1\/wp-json\/wp\/v2\/posts\/6290\/revisions"}],"wp:featuredmedia":[{"embeddable":true,"href":"https:\/\/elmundodelosnegocios.com.do\/v1\/wp-json\/wp\/v2\/media\/6291"}],"wp:attachment":[{"href":"https:\/\/elmundodelosnegocios.com.do\/v1\/wp-json\/wp\/v2\/media?parent=6290"}],"wp:term":[{"taxonomy":"category","embeddable":true,"href":"https:\/\/elmundodelosnegocios.com.do\/v1\/wp-json\/wp\/v2\/categories?post=6290"},{"taxonomy":"post_tag","embeddable":true,"href":"https:\/\/elmundodelosnegocios.com.do\/v1\/wp-json\/wp\/v2\/tags?post=6290"}],"curies":[{"name":"wp","href":"https:\/\/api.w.org\/{rel}","templated":true}]}}