{"id":6306,"date":"2021-06-02T07:11:39","date_gmt":"2021-06-02T11:41:39","guid":{"rendered":"http:\/\/elmundodelosnegocios.com.do\/v1\/?p=6306"},"modified":"2021-06-02T07:11:39","modified_gmt":"2021-06-02T11:41:39","slug":"lanza-cafe-mama-candin-coleccion-inspirada-aves-endemicas-dominicanas","status":"publish","type":"post","link":"https:\/\/elmundodelosnegocios.com.do\/v1\/lanza-cafe-mama-candin-coleccion-inspirada-aves-endemicas-dominicanas\/","title":{"rendered":"Lanza Caf\u00e9 Mam\u00e1 Cand\u00edn colecci\u00f3n inspirada aves end\u00e9micas dominicanas"},"content":{"rendered":"<p>Bajo el lema \u201cCuela tu colecci\u00f3n en casa\u201d, Caf\u00e9 Mam\u00e1 Cand\u00edn se propuso fomentar la valorizaci\u00f3n de nuestras aves end\u00e9micas por medio de un lenguaje art\u00edstico, expresado en objetos de colecci\u00f3n y a la vez uso cotidiano que forman parte del aut\u00e9ntico ritual del caf\u00e9.<br \/>\n<div id='gallery-1' class='gallery galleryid-6306 gallery-columns-2 gallery-size-large'><figure class='gallery-item'>\n\t\t\t<div class='gallery-icon landscape'>\n\t\t\t\t<a href='https:\/\/elmundodelosnegocios.com.do\/v1\/wp-content\/uploads\/2021\/06\/0000_1553_0ed93108f604e3b1252f7f550d74ee0b-1-2.jpg'><img loading=\"lazy\" decoding=\"async\" width=\"1000\" height=\"583\" src=\"https:\/\/elmundodelosnegocios.com.do\/v1\/wp-content\/uploads\/2021\/06\/0000_1553_0ed93108f604e3b1252f7f550d74ee0b-1-2.jpg\" class=\"attachment-large size-large\" alt=\"\" srcset=\"https:\/\/elmundodelosnegocios.com.do\/v1\/wp-content\/uploads\/2021\/06\/0000_1553_0ed93108f604e3b1252f7f550d74ee0b-1-2.jpg 1000w, https:\/\/elmundodelosnegocios.com.do\/v1\/wp-content\/uploads\/2021\/06\/0000_1553_0ed93108f604e3b1252f7f550d74ee0b-1-2-300x175.jpg 300w, https:\/\/elmundodelosnegocios.com.do\/v1\/wp-content\/uploads\/2021\/06\/0000_1553_0ed93108f604e3b1252f7f550d74ee0b-1-2-768x448.jpg 768w\" sizes=\"auto, (max-width: 1000px) 100vw, 1000px\" \/><\/a>\n\t\t\t<\/div><\/figure><figure class='gallery-item'>\n\t\t\t<div class='gallery-icon landscape'>\n\t\t\t\t<a href='https:\/\/elmundodelosnegocios.com.do\/v1\/wp-content\/uploads\/2021\/06\/0000_1553_0ed93108f604e3b1252f7f550d74ee0b-2.jpg'><img loading=\"lazy\" decoding=\"async\" width=\"1000\" height=\"583\" src=\"https:\/\/elmundodelosnegocios.com.do\/v1\/wp-content\/uploads\/2021\/06\/0000_1553_0ed93108f604e3b1252f7f550d74ee0b-2.jpg\" class=\"attachment-large size-large\" alt=\"\" srcset=\"https:\/\/elmundodelosnegocios.com.do\/v1\/wp-content\/uploads\/2021\/06\/0000_1553_0ed93108f604e3b1252f7f550d74ee0b-2.jpg 1000w, https:\/\/elmundodelosnegocios.com.do\/v1\/wp-content\/uploads\/2021\/06\/0000_1553_0ed93108f604e3b1252f7f550d74ee0b-2-300x175.jpg 300w, https:\/\/elmundodelosnegocios.com.do\/v1\/wp-content\/uploads\/2021\/06\/0000_1553_0ed93108f604e3b1252f7f550d74ee0b-2-768x448.jpg 768w\" sizes=\"auto, (max-width: 1000px) 100vw, 1000px\" \/><\/a>\n\t\t\t<\/div><\/figure>\n\t\t<\/div>\n<br \/>\nLa empresa de caf\u00e9 org\u00e1nico de San Francisco de Macor\u00eds ha lanzado una edici\u00f3n limitada de su Colecci\u00f3n Aves End\u00e9micas de la Rep\u00fablica Dominicana, compuesta por tazas de caf\u00e9 y cucharitas decoradas con aves nativas, ideadas por dedicados artesanos dominicanos a los que la empresa de esta manera respalda su labor.  <\/p>\n<p>Durante diez meses, cada uno representado por una especie diferente, estos art\u00edculos se presentar\u00e1n en un kit consistente en una preciosa caja rojo intenso coleccionable, que contiene la taza de caf\u00e9 con su platillo, cucharita personalizada con el ave y un paquete de Caf\u00e9 Mam\u00e1 Cand\u00edn org\u00e1nico con jengibre.<\/p>\n<p>La colecci\u00f3n estar\u00e1 disponible en el mercado desde mayo de 2021 hasta febrero de 2022, para celebrar durante cada mes una especie de la fauna alada dominicana, y solo se puede adquirir a trav\u00e9s del portal de Bolitos &#038; Cand\u00edn, www.bolitoscandin.com\/es\/, o por su Instagram @mamacandin.<\/p>\n<p>La creadora de la taza ha sido la joven artesana Julyneida Rodr\u00edguez, \u201cJuly\u201d, quien desde peque\u00f1a se inclin\u00f3 por las artes pl\u00e1sticas y actualmente ha incursionado en la arcilla, logrando modelar las peque\u00f1as r\u00e9plicas tridimensionales de las aves en las tazas.<\/p>\n<p>Mientras las cucharitas, tambi\u00e9n finamente personalizadas con la correspondiente especie, son obra de las manos del reconocido artesano Patricio Correa, quien elabora sus piezas con trozos de madera recolectada en las playas dominicanas, fibras de palma de coco y otros materiales reusables.<\/p>\n<p>El ave de mayo es la cigua palmera y la de junio, la garza, ambas especies en estado de conservaci\u00f3n de no extinci\u00f3n. La caja incluye una tarjeta con datos curiosos de estas aves. En el caso de la cigua palmera, empieza diciendo que la famosa ave nacional es capaz de reforestar m\u00e1s que 10 hombres y construye su nido tipo casa con varios compartimentos en la palma real. <\/p>\n","protected":false},"excerpt":{"rendered":"<p>Bajo el lema \u201cCuela tu colecci\u00f3n en casa\u201d, Caf\u00e9 Mam\u00e1 Cand\u00edn se propuso fomentar la valorizaci\u00f3n de nuestras aves end\u00e9micas por medio de un lenguaje art\u00edstico, expresado en objetos de&hellip; <\/p>\n","protected":false},"author":2,"featured_media":6307,"comment_status":"open","ping_status":"open","sticky":false,"template":"","format":"standard","meta":{"fifu_image_url":"","fifu_image_alt":"","footnotes":""},"categories":[157],"tags":[],"class_list":["post-6306","post","type-post","status-publish","format-standard","has-post-thumbnail","hentry","category-marketing"],"_links":{"self":[{"href":"https:\/\/elmundodelosnegocios.com.do\/v1\/wp-json\/wp\/v2\/posts\/6306","targetHints":{"allow":["GET"]}}],"collection":[{"href":"https:\/\/elmundodelosnegocios.com.do\/v1\/wp-json\/wp\/v2\/posts"}],"about":[{"href":"https:\/\/elmundodelosnegocios.com.do\/v1\/wp-json\/wp\/v2\/types\/post"}],"author":[{"embeddable":true,"href":"https:\/\/elmundodelosnegocios.com.do\/v1\/wp-json\/wp\/v2\/users\/2"}],"replies":[{"embeddable":true,"href":"https:\/\/elmundodelosnegocios.com.do\/v1\/wp-json\/wp\/v2\/comments?post=6306"}],"version-history":[{"count":0,"href":"https:\/\/elmundodelosnegocios.com.do\/v1\/wp-json\/wp\/v2\/posts\/6306\/revisions"}],"wp:featuredmedia":[{"embeddable":true,"href":"https:\/\/elmundodelosnegocios.com.do\/v1\/wp-json\/wp\/v2\/media\/6307"}],"wp:attachment":[{"href":"https:\/\/elmundodelosnegocios.com.do\/v1\/wp-json\/wp\/v2\/media?parent=6306"}],"wp:term":[{"taxonomy":"category","embeddable":true,"href":"https:\/\/elmundodelosnegocios.com.do\/v1\/wp-json\/wp\/v2\/categories?post=6306"},{"taxonomy":"post_tag","embeddable":true,"href":"https:\/\/elmundodelosnegocios.com.do\/v1\/wp-json\/wp\/v2\/tags?post=6306"}],"curies":[{"name":"wp","href":"https:\/\/api.w.org\/{rel}","templated":true}]}}