{"id":6314,"date":"2021-06-02T08:14:37","date_gmt":"2021-06-02T12:44:37","guid":{"rendered":"http:\/\/elmundodelosnegocios.com.do\/v1\/?p=6314"},"modified":"2021-06-02T08:14:37","modified_gmt":"2021-06-02T12:44:37","slug":"littler-une-a-sus-filas-en-ciudad-de-mexico-a-renombrado-abogado-laboralista-jorge-sales-boyoli-y-su-equipo-de-trabajo","status":"publish","type":"post","link":"https:\/\/elmundodelosnegocios.com.do\/v1\/littler-une-a-sus-filas-en-ciudad-de-mexico-a-renombrado-abogado-laboralista-jorge-sales-boyoli-y-su-equipo-de-trabajo\/","title":{"rendered":"Littler Une a sus Filas en Ciudad de M\u00e9xico a Renombrado Abogado Laboralista: Jorge Sales Boyoli y su Equipo de Trabajo"},"content":{"rendered":"<p class=\"bwalignl\">Ciudad de M\u00e9xico &#8211; Littler, la pr\u00e1ctica de abogados m\u00e1s grande del mundo, dedicada exclusivamente a representar a empleadores en todas las \u00e1reas del derecho laboral, el d\u00eda de hoy, anuncia la incorporaci\u00f3n de cuatro abogados, y una pasante en derecho a la oficina de Littler en la Ciudad de M\u00e9xico. Jorge Sales Boyoli fue hasta el 31 de mayo el socio fundador y director general del despacho Sales Boyoli, un bufete boutique especializado en derecho laboral disuelto al unirse a Littler. Se incorpora junto con los asociados Jes\u00fas S. Esc\u00e1rceaga Mart\u00ednez, Erik Daniel Garc\u00eda Coronel, Valeria Cutipa Hern\u00e1ndez y la pasante en derecho Sof\u00eda Hern\u00e1ndez Guti\u00e9rrez.\n<\/p>\n<p>\n\u201cDesde la apertura de nuestras oficinas en Ciudad de M\u00e9xico y Monterrey a inicios del 2012, M\u00e9xico ha sido un mercado importante y en constante crecimiento. El prestigio de Jorge en M\u00e9xico es inigualable ya que \u00e9l ha pasado d\u00e9cadas asesorando a empleadores en complejos asuntos laborales forjando as\u00ed una pr\u00e1ctica sorprendente en M\u00e9xico.\u201d manifest\u00f3 Erin Webber, Directora Ejecutiva de Littler. \u201c\u00c9l y sus colegas tienen una fuerte relaci\u00f3n en las comunidades de negocios y jur\u00eddicas a trav\u00e9s de la Rep\u00fablica Mexicana y su incorporaci\u00f3n har\u00e1 destacar m\u00e1s a nuestro ya s\u00f3lido equipo y su constante crecimiento en el territorio nacional.\u201d\n<\/p>\n<p>\nSales Boyoli es bien conocido por asesorar a clientes en litigios individuales y asuntos colectivos, y se ha encargado de importantes asuntos con sindicatos en una amplia gama de industrias, incluyendo servicios p\u00fablicos de electricidad, energ\u00edas renovables, transportaci\u00f3n y de entretenimiento. Con frecuencia representa a clientes en negociaciones de contratos colectivos, huelgas y otros asuntos con sindicatos de los m\u00e1s grandes del pa\u00eds en representaci\u00f3n de grandes empleadores nacionales e internacionales.\n<\/p>\n<p>\n\u201cLa amplia experiencia de Jorge le da una habilidad \u00fanica para asesorar a las empresas, particularmente en los asuntos laborales complejos, resultado de las m\u00e1s recientes reformas a la Ley Federal del Trabajo\u201d mencion\u00f3 Le\u00f3n Rodr\u00edguez, Socio Director de Littler M\u00e9xico. \u201cSu entendimiento detallado de los asuntos laborales a trav\u00e9s del pa\u00eds, incluyendo la evoluci\u00f3n del panorama en las negociaciones con sindicatos y los contratos colectivos de trabajo, ser\u00e1 invaluable para nuestros clientes nacionales e internacionales con negocios en M\u00e9xico. La llegada de Jorge y su equipo es una estupenda suma que fortalecer\u00e1 el servicio de primera clase que le proporcionamos a nuestros clientes\u201d\n<\/p>\n<p>\n\u201cHe admirado al equipo de Littler en M\u00e9xico y en el mundo por mucho tiempo y estoy entusiasmado de trabajar con Le\u00f3n, M\u00f3nica Schiaffino, David Leal, Tania Terrazas y los dem\u00e1s talentosos abogados en M\u00e9xico\u201d expres\u00f3 Sales Boyoli. \u201cLittler es la pr\u00e1ctica de derecho laboral m\u00e1s grande del mundo, con una presencia en M\u00e9xico y a nivel global muy amplia y aprovechar\u00e9 bien la plataforma de la firma para atender mejor a mis clientes\u201d\n<\/p>\n<p>\nSales Boyoli es egresado, con menci\u00f3n especial, de la Facultad de Derecho de la Universidad Panamericana y obtuvo Maestr\u00eda en Direcci\u00f3n Estrat\u00e9gica de Capital Humano en la Universidad An\u00e1huac del Sur. Es Socio activo de la Barra Internacional de Abogados, El Instituto Mexicano de Ejecutivos en Finanzas, de la Asociaci\u00f3n Mexicana de Venta Directa y de la Asociaci\u00f3n Nacional de Abogados de Empresas donde fue Coordinador Nacional del Comit\u00e9 en Derecho Laboral. Sales Boyoli frecuentemente expone y publica art\u00edculos sobre temas laborales y capital humano.\n<\/p>\n<p>\nSales Boyoli trae consigo un equipo de abogados laboralistas con experiencia, incluyendo a Jes\u00fas Esc\u00e1rcega quien aconseja a los clientes de varios aspectos de litigio. Erik Garc\u00eda, es litigante y asesor en asuntos de materia laboral y Valeria Cutipa, es consultora en materia laboral.\n<\/p>\n<p>\nLa incorporaci\u00f3n de este equipo es seguida de la llegada del abogado senior Jorge Cerda a la oficina de Littler en Monterrey el pasado mes de mayo.\n<\/p>\n<p>\nLas operaciones internacionales de Littler cuentan con m\u00e1s de 1,600 abogados a trav\u00e9s de 25 pa\u00edses que incluyen Austria, B\u00e9lgica, Brasil (por corresponsal\u00eda), Canad\u00e1, Colombia, Costa Rica, Rep\u00fablica Dominicana, El Salvador, Francia, Alemania, Guatemala, Honduras, Irlanda, Italia, M\u00e9xico, Los Pa\u00edses Bajos, Nicaragua, Noruega, Panam\u00e1, Polonia, Singapur, Espa\u00f1a, Reino Unido, Estados Unidos (incluyendo Puerto Rico) y Venezuela. Las capacidades globales de la firma tambi\u00e9n incluyen abogados con experiencia internacional excepcional, incluyendo profesionales con doble licencia en los Estados Unidos y Australia, Brasil, Jap\u00f3n, Nueva Zelanda, Rusia y Sud\u00e1frica.\n<\/p>\n<p>\n<b>Acerca de Littler<\/b>\n<\/p>\n<p>\nCon m\u00e1s de 1,600 abogados en derecho laboral alrededor del mundo, Littler facilita soluciones locales en cualquier lugar. Nuestro diverso equipo y nuestra tecnolog\u00eda patentada alberga una cultura que celebra las ideas originales, emitiendo tendencias innovadoras que preparen al empleador para lo que pasa hoy en d\u00eda y para lo que podr\u00eda pasar ma\u00f1ana.<\/p>\n","protected":false},"excerpt":{"rendered":"<p>Ciudad de M\u00e9xico &#8211; Littler, la pr\u00e1ctica de abogados m\u00e1s grande del mundo, dedicada exclusivamente a representar a empleadores en todas las \u00e1reas del derecho laboral, el d\u00eda de hoy,&hellip; <\/p>\n","protected":false},"author":2,"featured_media":6319,"comment_status":"closed","ping_status":"closed","sticky":false,"template":"","format":"standard","meta":{"fifu_image_url":"","fifu_image_alt":"","footnotes":""},"categories":[252],"tags":[253],"class_list":["post-6314","post","type-post","status-publish","format-standard","has-post-thumbnail","hentry","category-business-wire","tag-business-wire"],"_links":{"self":[{"href":"https:\/\/elmundodelosnegocios.com.do\/v1\/wp-json\/wp\/v2\/posts\/6314","targetHints":{"allow":["GET"]}}],"collection":[{"href":"https:\/\/elmundodelosnegocios.com.do\/v1\/wp-json\/wp\/v2\/posts"}],"about":[{"href":"https:\/\/elmundodelosnegocios.com.do\/v1\/wp-json\/wp\/v2\/types\/post"}],"author":[{"embeddable":true,"href":"https:\/\/elmundodelosnegocios.com.do\/v1\/wp-json\/wp\/v2\/users\/2"}],"replies":[{"embeddable":true,"href":"https:\/\/elmundodelosnegocios.com.do\/v1\/wp-json\/wp\/v2\/comments?post=6314"}],"version-history":[{"count":0,"href":"https:\/\/elmundodelosnegocios.com.do\/v1\/wp-json\/wp\/v2\/posts\/6314\/revisions"}],"wp:featuredmedia":[{"embeddable":true,"href":"https:\/\/elmundodelosnegocios.com.do\/v1\/wp-json\/wp\/v2\/media\/6319"}],"wp:attachment":[{"href":"https:\/\/elmundodelosnegocios.com.do\/v1\/wp-json\/wp\/v2\/media?parent=6314"}],"wp:term":[{"taxonomy":"category","embeddable":true,"href":"https:\/\/elmundodelosnegocios.com.do\/v1\/wp-json\/wp\/v2\/categories?post=6314"},{"taxonomy":"post_tag","embeddable":true,"href":"https:\/\/elmundodelosnegocios.com.do\/v1\/wp-json\/wp\/v2\/tags?post=6314"}],"curies":[{"name":"wp","href":"https:\/\/api.w.org\/{rel}","templated":true}]}}