{"id":6355,"date":"2021-06-02T12:11:02","date_gmt":"2021-06-02T16:41:02","guid":{"rendered":"http:\/\/elmundodelosnegocios.com.do\/v1\/?p=6355"},"modified":"2021-06-02T12:17:46","modified_gmt":"2021-06-02T16:47:46","slug":"centros-formacion-empresarial-de-camara-comercio-santiago-y-gerencial-meta-firman-acuerdo-interinstitucional","status":"publish","type":"post","link":"https:\/\/elmundodelosnegocios.com.do\/v1\/centros-formacion-empresarial-de-camara-comercio-santiago-y-gerencial-meta-firman-acuerdo-interinstitucional\/","title":{"rendered":"Centros Formaci\u00f3n Empresarial de C\u00e1mara Comercio Santiago y Gerencial Meta firman acuerdo Interinstitucional"},"content":{"rendered":"<p>Santiago-El Centro de Formaci\u00f3n Empresarial de la C\u00e1mara de Comercio y Producci\u00f3n de Santiago (FOREM), y el Centro Gerencial Meta firmaron un acuerdo de colaboraci\u00f3n, mediante el cual incluir\u00e1n e identificar\u00e1n objetivos que\u00a0 fortalezcan los intereses comunes en las diferentes \u00e1reas de capacitaci\u00f3n empresarial.\u00a0<br \/>\n<div id='gallery-1' class='gallery galleryid-6355 gallery-columns-2 gallery-size-large'><figure class='gallery-item'>\n\t\t\t<div class='gallery-icon landscape'>\n\t\t\t\t<a href='https:\/\/elmundodelosnegocios.com.do\/v1\/wp-content\/uploads\/2021\/06\/00-1-1.jpg'><img loading=\"lazy\" decoding=\"async\" width=\"1024\" height=\"763\" src=\"https:\/\/elmundodelosnegocios.com.do\/v1\/wp-content\/uploads\/2021\/06\/00-1-1.jpg\" class=\"attachment-large size-large\" alt=\"\" srcset=\"https:\/\/elmundodelosnegocios.com.do\/v1\/wp-content\/uploads\/2021\/06\/00-1-1.jpg 1024w, https:\/\/elmundodelosnegocios.com.do\/v1\/wp-content\/uploads\/2021\/06\/00-1-1-300x224.jpg 300w, https:\/\/elmundodelosnegocios.com.do\/v1\/wp-content\/uploads\/2021\/06\/00-1-1-768x572.jpg 768w\" sizes=\"auto, (max-width: 1024px) 100vw, 1024px\" \/><\/a>\n\t\t\t<\/div><\/figure><figure class='gallery-item'>\n\t\t\t<div class='gallery-icon landscape'>\n\t\t\t\t<a href='https:\/\/elmundodelosnegocios.com.do\/v1\/wp-content\/uploads\/2021\/06\/00-2-2.jpg'><img loading=\"lazy\" decoding=\"async\" width=\"1024\" height=\"819\" src=\"https:\/\/elmundodelosnegocios.com.do\/v1\/wp-content\/uploads\/2021\/06\/00-2-2-1024x819.jpg\" class=\"attachment-large size-large\" alt=\"\" srcset=\"https:\/\/elmundodelosnegocios.com.do\/v1\/wp-content\/uploads\/2021\/06\/00-2-2-1024x819.jpg 1024w, https:\/\/elmundodelosnegocios.com.do\/v1\/wp-content\/uploads\/2021\/06\/00-2-2-300x240.jpg 300w, https:\/\/elmundodelosnegocios.com.do\/v1\/wp-content\/uploads\/2021\/06\/00-2-2-768x614.jpg 768w, https:\/\/elmundodelosnegocios.com.do\/v1\/wp-content\/uploads\/2021\/06\/00-2-2.jpg 1280w\" sizes=\"auto, (max-width: 1024px) 100vw, 1024px\" \/><\/a>\n\t\t\t<\/div><\/figure>\n\t\t<\/div>\n<\/p>\n<p>La firma de este acuerdo estuvo a cargo del\u00a0 presidente de\u00a0 C\u00e1mara Santiago, Carlos Iglesias, y Carlos Jos\u00e9 Yun\u00e9n, presidente del Centro Gerencial Meta. Los firmantes manifestaron que el tema central de este convenio es establecer lazos institucionales que promuevan capacitaciones en conjunto para contribuir al fortalecimiento y desarrollo de las empresas en el \u00e1mbito de la formaci\u00f3n profesional empresarial.<\/p>\n<p>Este convenio incluye programas de desarrollo, capacitaci\u00f3n, formaci\u00f3n, entrenamientos, talleres, charlas, conferencias y afines.\u00a0<\/p>\n<p>Las instituciones firmantes sobre la base justa de reciprocidad, consideraron conveniente acrecentar su vinculaci\u00f3n educativa, estableciendo instrumentos adecuados que promuevan\u00a0 aut\u00e9nticas relaciones de beneficio en materia de colaboraci\u00f3n acad\u00e9mica y formativa para Santiago y la regi\u00f3n.\u00a0<\/p>\n","protected":false},"excerpt":{"rendered":"<p>Santiago-El Centro de Formaci\u00f3n Empresarial de la C\u00e1mara de Comercio y Producci\u00f3n de Santiago (FOREM), y el Centro Gerencial Meta firmaron un acuerdo de colaboraci\u00f3n, mediante el cual incluir\u00e1n e&hellip; <\/p>\n","protected":false},"author":2,"featured_media":6358,"comment_status":"open","ping_status":"open","sticky":false,"template":"","format":"standard","meta":{"fifu_image_url":"","fifu_image_alt":"","footnotes":""},"categories":[151],"tags":[],"class_list":["post-6355","post","type-post","status-publish","format-standard","has-post-thumbnail","hentry","category-gerencia"],"_links":{"self":[{"href":"https:\/\/elmundodelosnegocios.com.do\/v1\/wp-json\/wp\/v2\/posts\/6355","targetHints":{"allow":["GET"]}}],"collection":[{"href":"https:\/\/elmundodelosnegocios.com.do\/v1\/wp-json\/wp\/v2\/posts"}],"about":[{"href":"https:\/\/elmundodelosnegocios.com.do\/v1\/wp-json\/wp\/v2\/types\/post"}],"author":[{"embeddable":true,"href":"https:\/\/elmundodelosnegocios.com.do\/v1\/wp-json\/wp\/v2\/users\/2"}],"replies":[{"embeddable":true,"href":"https:\/\/elmundodelosnegocios.com.do\/v1\/wp-json\/wp\/v2\/comments?post=6355"}],"version-history":[{"count":0,"href":"https:\/\/elmundodelosnegocios.com.do\/v1\/wp-json\/wp\/v2\/posts\/6355\/revisions"}],"wp:featuredmedia":[{"embeddable":true,"href":"https:\/\/elmundodelosnegocios.com.do\/v1\/wp-json\/wp\/v2\/media\/6358"}],"wp:attachment":[{"href":"https:\/\/elmundodelosnegocios.com.do\/v1\/wp-json\/wp\/v2\/media?parent=6355"}],"wp:term":[{"taxonomy":"category","embeddable":true,"href":"https:\/\/elmundodelosnegocios.com.do\/v1\/wp-json\/wp\/v2\/categories?post=6355"},{"taxonomy":"post_tag","embeddable":true,"href":"https:\/\/elmundodelosnegocios.com.do\/v1\/wp-json\/wp\/v2\/tags?post=6355"}],"curies":[{"name":"wp","href":"https:\/\/api.w.org\/{rel}","templated":true}]}}