{"id":6360,"date":"2021-06-02T12:23:51","date_gmt":"2021-06-02T16:53:51","guid":{"rendered":"http:\/\/elmundodelosnegocios.com.do\/v1\/?p=6360"},"modified":"2021-06-02T12:23:51","modified_gmt":"2021-06-02T16:53:51","slug":"aclara-map-horario-y-condiciones-laborales-sector-publico","status":"publish","type":"post","link":"https:\/\/elmundodelosnegocios.com.do\/v1\/aclara-map-horario-y-condiciones-laborales-sector-publico\/","title":{"rendered":"Aclara MAP horario y condiciones laborales sector p\u00fablico"},"content":{"rendered":"<p>Santo Domingo, R.D.\u00a01ro. de Junio de 2021.- El Ministerio de Administraci\u00f3n P\u00fablica (MAP) aclar\u00f3 las medidas que se encuentran vigentes sobre las condiciones de trabajo y el horario laboral en el sector p\u00fablico, de acuerdo a las resoluciones 039-2021,\u00a0055-2021 y 100-2021\u00a0emitidas por esta instituci\u00f3n.<\/p>\n<p>El licenciado Dar\u00edo Castillo Lugo, titular de la instituci\u00f3n, record\u00f3 que la resoluci\u00f3n n\u00famero 100-2021 del 27 de mayo, regula el teletrabajo en el Gran Santo Domingo ante el rebrote de la COVID-19, estableciendo diferentes modalidades, como son el teletrabajo total, el intermitente y las jornadas de labor recortadas y diferenciadas.<\/p>\n<p>\u201cLa resoluci\u00f3n 100-2021 dispone que las instituciones p\u00fablicas, de acuerdo a sus condiciones institucionales y la naturaleza de sus servicios, se acoger\u00e1n a cualesquiera de las modalidades descritas, que pudiera ser en forma combinada, y que son estas las encargadas de comunicar a sus servidores p\u00fablicos c\u00f3mo se aplicar\u00e1n estas medidas, a trav\u00e9s de sus Oficinas de Recursos Humanos\u201d, expres\u00f3 el licenciado Castillo Lugo.<\/p>\n<p>Asimismo, Castillo Lugo aclar\u00f3 que el personal del Gran Santo Domingo que padece de algunas de las enfermedades que son calificadas de alto riesgo (en condiciones graves o cr\u00f3nicas), as\u00ed como las embarazadas y el personal mayor de 65 a\u00f1os que se menciona en la resoluci\u00f3n 039-2021, deben permanecer en la modalidad de teletrabajo total.<\/p>\n<p>El MAP reiter\u00f3 que en los casos en que sea necesario y posible, las autoridades facilitar\u00e1n los medios para que los servidores puedan teletrabajar de forma eficiente, y que es responsabilidad de los supervisores dar seguimiento estricto a las labores de los colaboradores bajo su supervisi\u00f3n, a fin de asegurar el logro de los resultados y mantener los niveles necesarios de productividad.<\/p>\n<p>\u201cLos titulares de los \u00f3rganos y entes p\u00fablicos, a trav\u00e9s de sus Oficinas de Recursos Humanos, deben facilitar los permisos necesarios a sus colaboradores para que procedan a vacunarse, de acuerdo a las facilidades y los protocolos establecidos por el Gabinete de Salud\u201d, inform\u00f3 Castillo Lugo.<\/p>\n<p>Medidas para el resto de la Administraci\u00f3n P\u00fablica<\/p>\n<p>Por otra parte, el ministro Castillo Lugo indic\u00f3 que para el resto de la Administraci\u00f3n P\u00fablica, contin\u00faan vigentes y aplican las disposiciones establecidas en la resoluci\u00f3n 039-2021 de fecha 19 de marzo de 2021.<\/p>\n<p>Se recuerda que dicha resoluci\u00f3n, basada en el decreto 174-21, restableci\u00f3 la jornada laboral en el sector p\u00fablico hasta las cuatro de la tarde y dispuso la reincorporaci\u00f3n del 60% de los servidores p\u00fablicos a las instituciones, en la modalidad presencial, as\u00ed como la modalidad del teletrabajo para el 40% de la plantilla de empleados no esenciales para la actividad del Estado.<\/p>\n<p>La misma establece que permanecen en teletrabajo los colaboradores que sobrepasan los 65 a\u00f1os de edad, las embarazadas, y los que padezcan enfermedades, en condiciones graves o cr\u00f3nicas, calificadas de alto riesgo, como son: c\u00e1ncer, asma moderado o cr\u00f3nico, enfermedad renal cr\u00f3nica, diabetes mellitus tipo 2, y afecciones card\u00edacas graves.<\/p>\n<p>Asimismo, las personas inmunodeprimidas (con sistema inmunitario debilitado), a causa de trasplante de m\u00e9dula \u00f3sea o de \u00f3rganos, VIH, el uso de corticoides o de otros medicamentos que debilitan el sistema inmunitario, o con cualquier otra enfermedad que las autoridades sanitarias consideren.<\/p>\n<p>Medidas para el sector salud<\/p>\n<p>El ministro de Administraci\u00f3n P\u00fablica tambi\u00e9n reiter\u00f3 que permanece vigente para todo el pa\u00eds, la resoluci\u00f3n 055-2021 emitida por el MAP, el 9 de abril de este a\u00f1o, a trav\u00e9s de la cual ese Ministerio orden\u00f3 el reintegro de todo el personal del sector salud a sus puestos de trabajo a partir del lunes 12 de abril del a\u00f1o 2021, debido a los avances del programa nacional de vacunaci\u00f3n \u201cVac\u00fanate RD\u201d.<\/p>\n<p>\u201cEl personal de salud es un personal esencial en medio de la crisis de la COVID-19\u201d, indic\u00f3 el ministro Castillo Lugo.<\/p>\n<p>Especific\u00f3 que las embarazadas del sector salud se mantienen en teletrabajo, debido a la vulnerabilidad y el riesgo que supone la presencia de ese personal en los centros de labores por la incidencia de la COVID-19, porque no han sido vacunadas, con lo cual se excluye este recurso humano de lo dispuesto en la resoluci\u00f3n 55-2021, de acuerdo a la aclaraci\u00f3n publicada por el MAP.<\/p>\n<p>\u00a0Sobre el horario laboral<\/p>\n<p>El horario laboral establecido en la resoluci\u00f3n 039-2021 para toda la Administraci\u00f3n P\u00fablica, se mantiene sin variaciones\u00a0desde las 8:00 de la ma\u00f1ana hasta las 4:00 de la tarde.<\/p>\n","protected":false},"excerpt":{"rendered":"<p>Santo Domingo, R.D.\u00a01ro. de Junio de 2021.- El Ministerio de Administraci\u00f3n P\u00fablica (MAP) aclar\u00f3 las medidas que se encuentran vigentes sobre las condiciones de trabajo y el horario laboral en&hellip; <\/p>\n","protected":false},"author":2,"featured_media":6361,"comment_status":"open","ping_status":"open","sticky":false,"template":"","format":"standard","meta":{"fifu_image_url":"","fifu_image_alt":"","footnotes":""},"categories":[151],"tags":[],"class_list":["post-6360","post","type-post","status-publish","format-standard","has-post-thumbnail","hentry","category-gerencia"],"_links":{"self":[{"href":"https:\/\/elmundodelosnegocios.com.do\/v1\/wp-json\/wp\/v2\/posts\/6360","targetHints":{"allow":["GET"]}}],"collection":[{"href":"https:\/\/elmundodelosnegocios.com.do\/v1\/wp-json\/wp\/v2\/posts"}],"about":[{"href":"https:\/\/elmundodelosnegocios.com.do\/v1\/wp-json\/wp\/v2\/types\/post"}],"author":[{"embeddable":true,"href":"https:\/\/elmundodelosnegocios.com.do\/v1\/wp-json\/wp\/v2\/users\/2"}],"replies":[{"embeddable":true,"href":"https:\/\/elmundodelosnegocios.com.do\/v1\/wp-json\/wp\/v2\/comments?post=6360"}],"version-history":[{"count":0,"href":"https:\/\/elmundodelosnegocios.com.do\/v1\/wp-json\/wp\/v2\/posts\/6360\/revisions"}],"wp:featuredmedia":[{"embeddable":true,"href":"https:\/\/elmundodelosnegocios.com.do\/v1\/wp-json\/wp\/v2\/media\/6361"}],"wp:attachment":[{"href":"https:\/\/elmundodelosnegocios.com.do\/v1\/wp-json\/wp\/v2\/media?parent=6360"}],"wp:term":[{"taxonomy":"category","embeddable":true,"href":"https:\/\/elmundodelosnegocios.com.do\/v1\/wp-json\/wp\/v2\/categories?post=6360"},{"taxonomy":"post_tag","embeddable":true,"href":"https:\/\/elmundodelosnegocios.com.do\/v1\/wp-json\/wp\/v2\/tags?post=6360"}],"curies":[{"name":"wp","href":"https:\/\/api.w.org\/{rel}","templated":true}]}}