{"id":6376,"date":"2021-06-02T14:01:56","date_gmt":"2021-06-02T18:31:56","guid":{"rendered":"http:\/\/elmundodelosnegocios.com.do\/v1\/?p=6376"},"modified":"2021-06-02T14:01:56","modified_gmt":"2021-06-02T18:31:56","slug":"inician-infotep-y-edesur-modalidad-pasantia-en-programa-electricista-comunitario","status":"publish","type":"post","link":"https:\/\/elmundodelosnegocios.com.do\/v1\/inician-infotep-y-edesur-modalidad-pasantia-en-programa-electricista-comunitario\/","title":{"rendered":"Inician INFOTEP y Edesur modalidad pasant\u00eda en programa \u201cElectricista Comunitario\u201d"},"content":{"rendered":"<p>El Instituto Nacional de Formaci\u00f3n T\u00e9cnico Profesional (INFOTEP) y EDESUR Dominicana, firmaron un acuerdo interinstitucional que involucra la contrataci\u00f3n, en una primera etapa y en modalidad de pasant\u00eda, de 12 egresados del programa \u201cElectricista Comunitario\u201d.<\/p>\n<p>Los j\u00f3venes, completaron de inmediato un levantamiento en viviendas del municipio Rancho Arriba, provincia San Jos\u00e9 de Ocoa; con el prop\u00f3sito de dotarlas de nuevas instalaciones el\u00e9ctricas, con los est\u00e1ndares requeridos. Esta acci\u00f3n cont\u00f3 con el apoyo del Cuerpo de Bomberos, la Alcald\u00eda y la Gobernaci\u00f3n de la provincia.<\/p>\n<p>El director general del INFOTEP, Rafael Santos Bad\u00eda, explic\u00f3 que en la actualidad, a trav\u00e9s de este programa, est\u00e1n siendo capacitados 63 nuevos participantes, que entrar\u00edan en el plan de pasant\u00edas e inserci\u00f3n laboral que desarrolla en INFOTEP, junto a EDESUR.<\/p>\n<p>\u201cEste acuerdo, con una vigencia de tres a\u00f1os, se enmarca en los lineamientos del gobierno central que buscan impulsar la productividad y competitividad empresarial propiciando el aprendizaje permanente en los sectores productivos estrat\u00e9gicos\u201d, dijo Santos Bad\u00eda.<\/p>\n<p>De su lado, el administrador gerente general de EDESUR, Milton Morrison, expres\u00f3 que \u201cmediante esta alianza reafirmamos nuestro inter\u00e9s de seguir aunando esfuerzos mancomunados con instituciones de alta val\u00eda como INFOTEP para desarrollar la capacitaci\u00f3n de nuestros colaboradores\u201d.<\/p>\n<p>\u201cNosotros apostamos al talento joven y creemos firmemente en el \u00e9xito del modelo de estudio del INFOTEP\u201d, expres\u00f3 Morrison.<\/p>\n<p>La capacitaci\u00f3n Electricistas Comunitarios, consta de cuatro m\u00f3dulos:  Formaci\u00f3n Humana, Seguridad y Medio Ambiente; Principios B\u00e1sicos de Electricidad, Instalaciones B\u00e1sicas Residenciales y Uso eficiente y seguro de la Energ\u00eda El\u00e9ctrica, impartido en un tiempo total de 100 horas.<\/p>\n<p>El acuerdo contempla tambi\u00e9n la capacitaci\u00f3n de colaboradores de EDESUR, a trav\u00e9s de los programas:  Redacci\u00f3n de Informes T\u00e9cnicos, Gesti\u00f3n de Proyectos, Planificaci\u00f3n Presupuestaria y Planificaci\u00f3n Operativa, Seguridad Industrial y Salud Ocupacional, T\u00e9cnicas de Trabajo en Equipo, Gerencia y Liderazgo, Comunicaci\u00f3n Efectiva, Inteligencia Emocional, entre otras.<\/p>\n<p>Capacitaci\u00f3n para los sectores vinculados<\/p>\n<p>Los brigadistas que brindan servicios a la empresa de distribuci\u00f3n el\u00e9ctrica, tambi\u00e9n ser\u00e1n beneficiados por el acuerdo.<\/p>\n<p>INFOTEP y EDESUR se comprometen a desarrollar programas de capacitaci\u00f3n a estos sectores vinculados, con el objetivo de elevar el nivel de cualificaci\u00f3n de los recursos humanos que dan asistencia en las 12 provincias donde opera la empresa de transmisi\u00f3n de energ\u00eda.<\/p>\n<p>Antecedentes<\/p>\n<p>Desde el 2013 a la fecha, INFOTEP ha capacitado a m\u00e1s de 3,800 colaboradores de Edesur, a trav\u00e9s de la ejecuci\u00f3n de 80 acciones formativas, entre las que se destacan: Diplomado en Direcci\u00f3n y Ejecuci\u00f3n de Proyectos, Redacci\u00f3n de Informes T\u00e9cnicos, Supervisi\u00f3n Efectiva y Liderazgo, Formaci\u00f3n Humana, T\u00e9cnicas de Negociaci\u00f3n, Trabajo en Equipo, Comunicaci\u00f3n Efectiva, Inteligencia Emocional, Atenci\u00f3n y Servicio al Cliente, Actualizaci\u00f3n Ortogr\u00e1fica, entre otras.<\/p>\n","protected":false},"excerpt":{"rendered":"<p>El Instituto Nacional de Formaci\u00f3n T\u00e9cnico Profesional (INFOTEP) y EDESUR Dominicana, firmaron un acuerdo interinstitucional que involucra la contrataci\u00f3n, en una primera etapa y en modalidad de pasant\u00eda, de 12&hellip; <\/p>\n","protected":false},"author":2,"featured_media":6377,"comment_status":"open","ping_status":"open","sticky":false,"template":"","format":"standard","meta":{"fifu_image_url":"","fifu_image_alt":"","footnotes":""},"categories":[151],"tags":[],"class_list":["post-6376","post","type-post","status-publish","format-standard","has-post-thumbnail","hentry","category-gerencia"],"_links":{"self":[{"href":"https:\/\/elmundodelosnegocios.com.do\/v1\/wp-json\/wp\/v2\/posts\/6376","targetHints":{"allow":["GET"]}}],"collection":[{"href":"https:\/\/elmundodelosnegocios.com.do\/v1\/wp-json\/wp\/v2\/posts"}],"about":[{"href":"https:\/\/elmundodelosnegocios.com.do\/v1\/wp-json\/wp\/v2\/types\/post"}],"author":[{"embeddable":true,"href":"https:\/\/elmundodelosnegocios.com.do\/v1\/wp-json\/wp\/v2\/users\/2"}],"replies":[{"embeddable":true,"href":"https:\/\/elmundodelosnegocios.com.do\/v1\/wp-json\/wp\/v2\/comments?post=6376"}],"version-history":[{"count":0,"href":"https:\/\/elmundodelosnegocios.com.do\/v1\/wp-json\/wp\/v2\/posts\/6376\/revisions"}],"wp:featuredmedia":[{"embeddable":true,"href":"https:\/\/elmundodelosnegocios.com.do\/v1\/wp-json\/wp\/v2\/media\/6377"}],"wp:attachment":[{"href":"https:\/\/elmundodelosnegocios.com.do\/v1\/wp-json\/wp\/v2\/media?parent=6376"}],"wp:term":[{"taxonomy":"category","embeddable":true,"href":"https:\/\/elmundodelosnegocios.com.do\/v1\/wp-json\/wp\/v2\/categories?post=6376"},{"taxonomy":"post_tag","embeddable":true,"href":"https:\/\/elmundodelosnegocios.com.do\/v1\/wp-json\/wp\/v2\/tags?post=6376"}],"curies":[{"name":"wp","href":"https:\/\/api.w.org\/{rel}","templated":true}]}}