{"id":63934,"date":"2025-01-15T13:46:16","date_gmt":"2025-01-15T18:16:16","guid":{"rendered":"https:\/\/www.elmundodelosnegocios.com.do\/v1\/?p=63934"},"modified":"2025-01-15T13:46:16","modified_gmt":"2025-01-15T18:16:16","slug":"desarrollara-banreservas-ronda-negocios-y-firma-acuerdos-inversion-en-fitur","status":"publish","type":"post","link":"https:\/\/elmundodelosnegocios.com.do\/v1\/desarrollara-banreservas-ronda-negocios-y-firma-acuerdos-inversion-en-fitur\/","title":{"rendered":"Desarrollara Banreservas ronda negocios y firma acuerdos inversi\u00f3n en FITUR"},"content":{"rendered":"<p>El Banco de Reservas respaldar\u00e1 en la Feria Internacional de Turismo Fitur 2025, a inaugurarse el mi\u00e9rcoles 22 en Madrid, Espa\u00f1a, una serie de propuestas destinadas a promover la inversi\u00f3n tur\u00edstica en Rep\u00fablica Dominicana.<\/p>\n<figure id=\"attachment_52891\" aria-describedby=\"caption-attachment-52891\" style=\"width: 853px\" class=\"wp-caption aligncenter\"><a href=\"http:\/\/elmundodelosnegocios.com.do\/v1\/wp-content\/uploads\/2024\/06\/000-1.jpg\"><img loading=\"lazy\" decoding=\"async\" class=\"size-full wp-image-52891\" src=\"http:\/\/elmundodelosnegocios.com.do\/v1\/wp-content\/uploads\/2024\/06\/000-1.jpg\" alt=\"\" width=\"853\" height=\"640\" srcset=\"https:\/\/elmundodelosnegocios.com.do\/v1\/wp-content\/uploads\/2024\/06\/000-1.jpg 853w, https:\/\/elmundodelosnegocios.com.do\/v1\/wp-content\/uploads\/2024\/06\/000-1-300x225.jpg 300w, https:\/\/elmundodelosnegocios.com.do\/v1\/wp-content\/uploads\/2024\/06\/000-1-768x576.jpg 768w\" sizes=\"auto, (max-width: 853px) 100vw, 853px\" \/><\/a><figcaption id=\"caption-attachment-52891\" class=\"wp-caption-text\">El Banco de los Dominicanos<\/figcaption><\/figure>\n<p>Samuel Pereyra, presidente ejecutivo de la entidad bancaria, presidir\u00e1 la delegaci\u00f3n que tiene programadas varias reuniones de negocios con inversionistas, tours operadores y desarrolladores vinculados al sector, as\u00ed como la firma de acuerdos con empresarios y formalizaci\u00f3n de financiamientos para nuevos proyectos tur\u00edsticos que se levantar\u00e1n en el pa\u00eds.<\/p>\n<p>Banreservas ha sido el mayor financiador de importantes proyectos tur\u00edsticos en Rep\u00fablica Dominicana, operaciones que dinamizaron la econom\u00eda nacional en los \u00faltimos a\u00f1os e impulsaron el crecimiento econ\u00f3mico y toda la cadena de valor impactada por el turismo.<\/p>\n<p>Cabe destacar que Fitur 2025 tiene contemplado recibir m\u00e1s de 9,000 empresas expositoras, 153,000 profesionales del \u00e1rea tur\u00edstica y una pasarela de p\u00fablico que rondar\u00eda las 100,000 personas, seg\u00fan las previsiones publicadas en el portal de Ifema, recinto donde se efect\u00faa de la feria internacional.<\/p>\n<p>Cada a\u00f1o Banreservas, adem\u00e1s de su amplia agenda de negocios vinculada a la inversi\u00f3n tur\u00edstica en el pa\u00eds, realizar\u00e1 actividades destinadas a promover la cultura y la dominicanidad en el marco de Fitur.<\/p>\n<p>Aunque la inauguraci\u00f3n formal de FITUR 2025 ser\u00e1 el d\u00eda 22, el programa de actividades de Banreservas comenzar\u00e1 el lunes 20, con reuniones de negocios con empresarios e inversionistas, lideradas por el presidente ejecutivo de la instituci\u00f3n financiera, en las que participar\u00e1 el equipo de negocios tur\u00edsticos del Banco.<\/p>\n<p>El a\u00f1o pasado, Banreservas infirm\u00f3 que como parte de los resultados de su participaci\u00f3n en Fitur 2024 capt\u00f3 inversiones para Rep\u00fablica Dominicana por m\u00e1s de USD$2,600 millones, que incluyeron el financiamiento para la construcci\u00f3n de unos 25 nuevos hoteles.<\/p>\n<p>Indic\u00f3 que como parte de esos fondos estructurar\u00eda financiamientos para proyectos por unos USD$1,500 millones, que contribuir\u00edan a la creaci\u00f3n de empleos que beneficiar\u00edan la econom\u00eda del pa\u00eds, con actividades vinculadas al turismo.<\/p>\n<p>Para esta versi\u00f3n de la feria que se extender\u00e1 hasta el domingo 26 de este mes -igual que en ocasiones anteriores-, la entidad bancaria dispondr\u00e1 de un stand dentro del espacio destinado a Rep\u00fablica Dominicana, para realizar encuentros con empresarios y atender la demanda de informaci\u00f3n del p\u00fablico.<\/p>\n","protected":false},"excerpt":{"rendered":"<p>El Banco de Reservas respaldar\u00e1 en la Feria Internacional de Turismo Fitur 2025, a inaugurarse el mi\u00e9rcoles 22 en Madrid, Espa\u00f1a, una serie de propuestas destinadas a promover la inversi\u00f3n&hellip; <\/p>\n","protected":false},"author":2,"featured_media":53067,"comment_status":"closed","ping_status":"closed","sticky":false,"template":"","format":"standard","meta":{"fifu_image_url":"","fifu_image_alt":"","footnotes":""},"categories":[172],"tags":[],"class_list":["post-63934","post","type-post","status-publish","format-standard","has-post-thumbnail","hentry","category-turismo"],"_links":{"self":[{"href":"https:\/\/elmundodelosnegocios.com.do\/v1\/wp-json\/wp\/v2\/posts\/63934","targetHints":{"allow":["GET"]}}],"collection":[{"href":"https:\/\/elmundodelosnegocios.com.do\/v1\/wp-json\/wp\/v2\/posts"}],"about":[{"href":"https:\/\/elmundodelosnegocios.com.do\/v1\/wp-json\/wp\/v2\/types\/post"}],"author":[{"embeddable":true,"href":"https:\/\/elmundodelosnegocios.com.do\/v1\/wp-json\/wp\/v2\/users\/2"}],"replies":[{"embeddable":true,"href":"https:\/\/elmundodelosnegocios.com.do\/v1\/wp-json\/wp\/v2\/comments?post=63934"}],"version-history":[{"count":1,"href":"https:\/\/elmundodelosnegocios.com.do\/v1\/wp-json\/wp\/v2\/posts\/63934\/revisions"}],"predecessor-version":[{"id":63935,"href":"https:\/\/elmundodelosnegocios.com.do\/v1\/wp-json\/wp\/v2\/posts\/63934\/revisions\/63935"}],"wp:featuredmedia":[{"embeddable":true,"href":"https:\/\/elmundodelosnegocios.com.do\/v1\/wp-json\/wp\/v2\/media\/53067"}],"wp:attachment":[{"href":"https:\/\/elmundodelosnegocios.com.do\/v1\/wp-json\/wp\/v2\/media?parent=63934"}],"wp:term":[{"taxonomy":"category","embeddable":true,"href":"https:\/\/elmundodelosnegocios.com.do\/v1\/wp-json\/wp\/v2\/categories?post=63934"},{"taxonomy":"post_tag","embeddable":true,"href":"https:\/\/elmundodelosnegocios.com.do\/v1\/wp-json\/wp\/v2\/tags?post=63934"}],"curies":[{"name":"wp","href":"https:\/\/api.w.org\/{rel}","templated":true}]}}