{"id":64052,"date":"2025-01-27T09:21:17","date_gmt":"2025-01-27T13:51:17","guid":{"rendered":"https:\/\/www.elmundodelosnegocios.com.do\/v1\/?p=64052"},"modified":"2025-01-27T09:21:17","modified_gmt":"2025-01-27T13:51:17","slug":"el-palero-inaugura-puente-peatonal-y-miradores-para-impulsar-el-ecoturismo","status":"publish","type":"post","link":"https:\/\/elmundodelosnegocios.com.do\/v1\/el-palero-inaugura-puente-peatonal-y-miradores-para-impulsar-el-ecoturismo\/","title":{"rendered":"El Palero inaugura puente peatonal y miradores para impulsar el ecoturismo"},"content":{"rendered":"<p><strong>Santiago Rodr\u00edguez.\u00a0<\/strong>La comunidad de El Palero dio un gran paso hacia el desarrollo sostenible al dejar en operaci\u00f3n una serie de facilidades orientadas a ampliar la oferta ecotur\u00edstica en la zonas de monta\u00f1a de la cuenca alta del r\u00edo Mao, en procura de fortalecer los medios de vida para la poblaci\u00f3n local, mientras se contribuye a conservar los recursos naturales existentes en el territorio.<\/p>\n<p><img loading=\"lazy\" decoding=\"async\" class=\"aligncenter size-full\" src=\"https:\/\/diariosocialrd.com\/wp-content\/uploads\/2025\/01\/WhatsApp-Image-2025-01-25-at-01.27.22-1-scaled.jpeg\" width=\"2560\" height=\"1440\" \/><\/p>\n<p>Las obras puestas en marcha consisten en un puente peatonal de madera en el paso del R\u00edo Cenov\u00ed, de camino al Salto Los Ba\u00f1aderos, y en dos (2) miradores en igual n\u00famero de puntos estrat\u00e9gicos, ubicados en las rutas ya habilitadas para las personas que visitan la zona, en \u00e1reas de las cuales es posible disfrutar de vistas significativas y muy valoradas. Una de ellas se abre al disfrute del Pico del Gallo, principal cima monta\u00f1osa de la zona, con m\u00e1s de 1750 metros de altura sobre el nivel de mar, mientras que la segunda permite disfrutar de la vista de la cuenca del R\u00edo Cenov\u00ed.<\/p>\n<p>El costo total de las intervenciones asciende a 2.1 millones de pesos, que fueron cubiertos gracias a los aportes de la Embajada de la Rep\u00fablica Federal de Alemania en Santo Domingo, el acompa\u00f1amiento de Guak\u00eda Ambiente y el Programa de Peque\u00f1os Subsidios (PPS-SGP\/GEF\/PNUD), y los esfuerzos de Palero Ecoaventura y la propia comunidad.<\/p>\n<p>La Ceremonia de Inauguraci\u00f3n cont\u00f3 con la presencia de la honorable Embajadora de la Rep\u00fablica Federal de Alemania en Santo Domingo, la Sra. Maike Friedrichsen, la Dra. Michela Izzo, Directora Ejecutiva de Guak\u00eda Ambiente, la Ing. Noris Araujo, Directora Asociada del del PPS-SGP, el Sr. Marcial Collado, Presidente de Palero Ecoaventura, la Sra. Yira Vermenton, Directora de Iniciativas Provinciales del Ministerio de Turismo, representantes de la comunidad, e instituciones locales.<\/p>\n<p>La Sra. Maike Friedrichsen felicit\u00f3 a los comunitarios por el esfuerzo que est\u00e1n llevando a cabo en favor de la protecci\u00f3n del medio ambiente, aprovechando los atractivos tur\u00edsticos con que cuenta la zona para atraer visitantes a vivir una experiencia en las profundidades de las monta\u00f1as. \u201cEstamos convencidos de que el ecoturismo es una de las v\u00edas con que cuenta la comunidad para el desarrollo sostenible\u201d, destac\u00f3.<\/p>\n<p>Por su parte, la Sra. Michela Izzo, directora ejecutiva de Guak\u00eda Ambiente, destac\u00f3 la importancia de empoderar a las comunidades locales para que sean los principales actores de su propio desarrollo. \u201cEstas iniciativas no solo benefician al medio ambiente, sino que tambi\u00e9n mejoran la calidad de vida de las personas\u201d, se\u00f1al\u00f3.<\/p>\n<p>La Sra. Noris Araujo evidenci\u00f3 el gran compromiso y determinaci\u00f3n con que la comunidad asume cada desaf\u00edo para lograr los prop\u00f3sitos establecidos, fruto de grandes sacrificios realizados aportando sus recursos, capacidades y tiempo para dar el paso a lograr mejor niveles de calidad de vida.<\/p>\n<figure class=\"wp-block-image size-large\"><a href=\"https:\/\/diariosocialrd.com\/wp-content\/uploads\/2025\/01\/WhatsApp-Image-2025-01-25-at-01.27.22-scaled.jpeg\" data-rel=\"penci-gallery-image-content\"><img loading=\"lazy\" decoding=\"async\" class=\"wp-image-221022\" src=\"https:\/\/diariosocialrd.com\/wp-content\/uploads\/2025\/01\/WhatsApp-Image-2025-01-25-at-01.27.22-1024x576.jpeg\" sizes=\"auto, (max-width: 1024px) 100vw, 1024px\" srcset=\"https:\/\/diariosocialrd.com\/wp-content\/uploads\/2025\/01\/WhatsApp-Image-2025-01-25-at-01.27.22-1024x576.jpeg 1024w, https:\/\/diariosocialrd.com\/wp-content\/uploads\/2025\/01\/WhatsApp-Image-2025-01-25-at-01.27.22-300x169.jpeg 300w, https:\/\/diariosocialrd.com\/wp-content\/uploads\/2025\/01\/WhatsApp-Image-2025-01-25-at-01.27.22-768x432.jpeg 768w, https:\/\/diariosocialrd.com\/wp-content\/uploads\/2025\/01\/WhatsApp-Image-2025-01-25-at-01.27.22-1536x864.jpeg 1536w, https:\/\/diariosocialrd.com\/wp-content\/uploads\/2025\/01\/WhatsApp-Image-2025-01-25-at-01.27.22-2048x1152.jpeg 2048w, https:\/\/diariosocialrd.com\/wp-content\/uploads\/2025\/01\/WhatsApp-Image-2025-01-25-at-01.27.22-1920x1080.jpeg 1920w, https:\/\/diariosocialrd.com\/wp-content\/uploads\/2025\/01\/WhatsApp-Image-2025-01-25-at-01.27.22-1170x658.jpeg 1170w, https:\/\/diariosocialrd.com\/wp-content\/uploads\/2025\/01\/WhatsApp-Image-2025-01-25-at-01.27.22-585x329.jpeg 585w\" alt=\"\" width=\"1024\" height=\"576\" \/><\/a><\/figure>\n<p>De su lado, el Sr. Marcial Collado, presidente de Palero Ecoaventura, hablando en representaci\u00f3n de la comunidad, destac\u00f3 el entusiasmo con que asumieron este proyecto, pues el ecoturismo se ha convertido en una esperanza de superaci\u00f3n, especialmente para que la juventud permanezca en la comunidad, involucr\u00e1ndose en la actividad ecotur\u00edstica como fuente de generaci\u00f3n de ingresos. Destac\u00f3 como todo lo que se ha construido es producto del ingenio de la propia gente de la comunidad. Aprovech\u00f3 para agradecer a las diferentes instituciones por confiar en ellos y aportar los recursos que hac\u00edan falta para la construcci\u00f3n de estas infraestructuras.<\/p>\n<p>Este esfuerzo constituye una muestra visible de c\u00f3mo la alianza entre la comunidad con organismos de cooperaci\u00f3n, la sociedad civil y las instituciones gubernamentales hace posible un avance significativo en la creaci\u00f3n de medios de vida sostenible, que contribuyen al desarrollo humano de las comunidades locales y garantizan la protecci\u00f3n del medio ambiente.<\/p>\n","protected":false},"excerpt":{"rendered":"<p>Santiago Rodr\u00edguez.\u00a0La comunidad de El Palero dio un gran paso hacia el desarrollo sostenible al dejar en operaci\u00f3n una serie de facilidades orientadas a ampliar la oferta ecotur\u00edstica en la&hellip; <\/p>\n","protected":false},"author":2,"featured_media":64053,"comment_status":"closed","ping_status":"closed","sticky":false,"template":"","format":"standard","meta":{"fifu_image_url":"https:\/\/diariosocialrd.com\/wp-content\/uploads\/2025\/01\/WhatsApp-Image-2025-01-25-at-01.27.22-1-scaled.jpeg","fifu_image_alt":"","footnotes":""},"categories":[172],"tags":[],"class_list":["post-64052","post","type-post","status-publish","format-standard","has-post-thumbnail","hentry","category-turismo"],"_links":{"self":[{"href":"https:\/\/elmundodelosnegocios.com.do\/v1\/wp-json\/wp\/v2\/posts\/64052","targetHints":{"allow":["GET"]}}],"collection":[{"href":"https:\/\/elmundodelosnegocios.com.do\/v1\/wp-json\/wp\/v2\/posts"}],"about":[{"href":"https:\/\/elmundodelosnegocios.com.do\/v1\/wp-json\/wp\/v2\/types\/post"}],"author":[{"embeddable":true,"href":"https:\/\/elmundodelosnegocios.com.do\/v1\/wp-json\/wp\/v2\/users\/2"}],"replies":[{"embeddable":true,"href":"https:\/\/elmundodelosnegocios.com.do\/v1\/wp-json\/wp\/v2\/comments?post=64052"}],"version-history":[{"count":1,"href":"https:\/\/elmundodelosnegocios.com.do\/v1\/wp-json\/wp\/v2\/posts\/64052\/revisions"}],"predecessor-version":[{"id":64054,"href":"https:\/\/elmundodelosnegocios.com.do\/v1\/wp-json\/wp\/v2\/posts\/64052\/revisions\/64054"}],"wp:featuredmedia":[{"embeddable":true,"href":"https:\/\/elmundodelosnegocios.com.do\/v1\/wp-json\/wp\/v2\/media\/64053"}],"wp:attachment":[{"href":"https:\/\/elmundodelosnegocios.com.do\/v1\/wp-json\/wp\/v2\/media?parent=64052"}],"wp:term":[{"taxonomy":"category","embeddable":true,"href":"https:\/\/elmundodelosnegocios.com.do\/v1\/wp-json\/wp\/v2\/categories?post=64052"},{"taxonomy":"post_tag","embeddable":true,"href":"https:\/\/elmundodelosnegocios.com.do\/v1\/wp-json\/wp\/v2\/tags?post=64052"}],"curies":[{"name":"wp","href":"https:\/\/api.w.org\/{rel}","templated":true}]}}