{"id":64055,"date":"2025-01-27T09:32:28","date_gmt":"2025-01-27T14:02:28","guid":{"rendered":"https:\/\/www.elmundodelosnegocios.com.do\/v1\/?p=64055"},"modified":"2025-01-27T09:32:28","modified_gmt":"2025-01-27T14:02:28","slug":"cuidados-paliativos-dignidad-y-bienestar-mas-alla-de-la-etapa-terminal","status":"publish","type":"post","link":"https:\/\/elmundodelosnegocios.com.do\/v1\/cuidados-paliativos-dignidad-y-bienestar-mas-alla-de-la-etapa-terminal\/","title":{"rendered":"Cuidados paliativos: dignidad y bienestar m\u00e1s all\u00e1 de la etapa terminal"},"content":{"rendered":"<p><em>Los cuidados paliativos representan una forma integral de atenci\u00f3n m\u00e9dica que busca dignificar la vida y garantizar el bienestar de pacientes con enfermedades graves o avanzadas. Sin embargo, muchos a\u00fan confunden estos servicios con los cuidados terminales, asumiendo err\u00f3neamente que solo son aplicables en los \u00faltimos d\u00edas de vida.<\/em><\/p>\n<p>&nbsp;<\/p>\n<p><img loading=\"lazy\" decoding=\"async\" class=\"aligncenter size-full\" src=\"https:\/\/robertocavada.com\/wp-content\/uploads\/2025\/01\/Foto-Dra.-Angela-Marmolejos-e1737571828434-770x540.jpg\" width=\"770\" height=\"540\" \/><\/p>\n<p>La doctora\u00a0<strong>\u00c1ngela Marmolejos Dum\u00e9<\/strong>, especialista en anestesiolog\u00eda, dolor y cuidados paliativos, desmitifica esta idea al destacar que los cuidados paliativos comienzan desde el diagn\u00f3stico de la enfermedad y se integran con las terapias para tratarla.\u00a0<em>\u201cSon un acompa\u00f1amiento continuo que puede extenderse durante meses o incluso a\u00f1os\u201d<\/em>, explica la doctora Marmolejos, graduada\u00a0<strong>magna cum laude<\/strong>\u00a0de la Universidad Aut\u00f3noma de Santo Domingo (UASD) y con maestr\u00eda en cuidados paliativos de la Universidad de La Rioja, Espa\u00f1a.<\/p>\n<h3 class=\"wp-block-heading\"><strong>Beneficios integrales para pacientes y familias<\/strong><\/h3>\n<p>Los cuidados paliativos mejoran significativamente la calidad de vida al aliviar el sufrimiento f\u00edsico y emocional del paciente, y tambi\u00e9n proporcionan apoyo integral a las familias. Seg\u00fan Marmolejos, estos servicios ayudan a reducir el estr\u00e9s asociado al cuidado, as\u00ed como a minimizar hospitalizaciones frecuentes y tratamientos invasivos innecesarios, generando un ahorro econ\u00f3mico considerable.<\/p>\n<h3 class=\"wp-block-heading\"><strong>M\u00e1s all\u00e1 de lo f\u00edsico: un enfoque hol\u00edstico<\/strong><\/h3>\n<p>Esta disciplina m\u00e9dica va m\u00e1s all\u00e1 del alivio del dolor. Los cuidados paliativos incluyen apoyo emocional, espiritual y social, tanto para el paciente como para sus familiares, promoviendo un enfoque m\u00e1s humano y personalizado en la atenci\u00f3n m\u00e9dica.<br \/>\n<em>\u201cNo est\u00e1n destinados exclusivamente a quienes est\u00e1n en la etapa terminal. Inician desde el diagn\u00f3stico y se integran con otros tratamientos para garantizar una mejor calidad de vida\u201d<\/em>, se\u00f1ala Marmolejos, quien actualmente se desempe\u00f1a como gerente m\u00e9dica de\u00a0<strong>Pallia<\/strong>, un centro especializado en dolor y cuidados paliativos domiciliarios.<\/p>\n<h3 class=\"wp-block-heading\"><strong>Retos en Rep\u00fablica Dominicana<\/strong><\/h3>\n<p>En el pa\u00eds, los cuidados paliativos enfrentan desaf\u00edos importantes, como la falta de regulaci\u00f3n espec\u00edfica y la escasez de profesionales capacitados. Estas limitaciones restringen el acceso y la cobertura de este tipo de atenci\u00f3n, lo que refuerza la necesidad de educar a la poblaci\u00f3n sobre su importancia.<\/p>\n<p>La doctora Marmolejos concluye:\u00a0<em>\u201cEs fundamental que tanto los profesionales de la salud como la sociedad comprendan que los cuidados paliativos no son un adi\u00f3s, sino un acompa\u00f1amiento para vivir con dignidad y calidad, sin importar la etapa de la enfermedad\u201d<\/em>.<\/p>\n","protected":false},"excerpt":{"rendered":"<p>Los cuidados paliativos representan una forma integral de atenci\u00f3n m\u00e9dica que busca dignificar la vida y garantizar el bienestar de pacientes con enfermedades graves o avanzadas. Sin embargo, muchos a\u00fan&hellip; <\/p>\n","protected":false},"author":2,"featured_media":64056,"comment_status":"closed","ping_status":"closed","sticky":false,"template":"","format":"standard","meta":{"fifu_image_url":"https:\/\/robertocavada.com\/wp-content\/uploads\/2025\/01\/Foto-Dra.-Angela-Marmolejos-e1737571828434-770x540.jpg","fifu_image_alt":"","footnotes":""},"categories":[80],"tags":[],"class_list":["post-64055","post","type-post","status-publish","format-standard","has-post-thumbnail","hentry","category-salud"],"_links":{"self":[{"href":"https:\/\/elmundodelosnegocios.com.do\/v1\/wp-json\/wp\/v2\/posts\/64055","targetHints":{"allow":["GET"]}}],"collection":[{"href":"https:\/\/elmundodelosnegocios.com.do\/v1\/wp-json\/wp\/v2\/posts"}],"about":[{"href":"https:\/\/elmundodelosnegocios.com.do\/v1\/wp-json\/wp\/v2\/types\/post"}],"author":[{"embeddable":true,"href":"https:\/\/elmundodelosnegocios.com.do\/v1\/wp-json\/wp\/v2\/users\/2"}],"replies":[{"embeddable":true,"href":"https:\/\/elmundodelosnegocios.com.do\/v1\/wp-json\/wp\/v2\/comments?post=64055"}],"version-history":[{"count":1,"href":"https:\/\/elmundodelosnegocios.com.do\/v1\/wp-json\/wp\/v2\/posts\/64055\/revisions"}],"predecessor-version":[{"id":64057,"href":"https:\/\/elmundodelosnegocios.com.do\/v1\/wp-json\/wp\/v2\/posts\/64055\/revisions\/64057"}],"wp:featuredmedia":[{"embeddable":true,"href":"https:\/\/elmundodelosnegocios.com.do\/v1\/wp-json\/wp\/v2\/media\/64056"}],"wp:attachment":[{"href":"https:\/\/elmundodelosnegocios.com.do\/v1\/wp-json\/wp\/v2\/media?parent=64055"}],"wp:term":[{"taxonomy":"category","embeddable":true,"href":"https:\/\/elmundodelosnegocios.com.do\/v1\/wp-json\/wp\/v2\/categories?post=64055"},{"taxonomy":"post_tag","embeddable":true,"href":"https:\/\/elmundodelosnegocios.com.do\/v1\/wp-json\/wp\/v2\/tags?post=64055"}],"curies":[{"name":"wp","href":"https:\/\/api.w.org\/{rel}","templated":true}]}}