{"id":64058,"date":"2025-01-27T09:35:41","date_gmt":"2025-01-27T14:05:41","guid":{"rendered":"https:\/\/www.elmundodelosnegocios.com.do\/v1\/?p=64058"},"modified":"2025-01-27T09:35:41","modified_gmt":"2025-01-27T14:05:41","slug":"sector-privado-destaca-avances-en-eficiencia-y-transparencia-en-aduanas","status":"publish","type":"post","link":"https:\/\/elmundodelosnegocios.com.do\/v1\/sector-privado-destaca-avances-en-eficiencia-y-transparencia-en-aduanas\/","title":{"rendered":"Sector privado destaca avances en eficiencia y transparencia en Aduanas"},"content":{"rendered":"<p>Santo Domingo.\u2013\u00a0<strong>La Direcci\u00f3n General de Aduanas\u00a0<\/strong>(DGA) reconoci\u00f3 a empresas del\u00a0<strong>sector privado, instituciones y colaboradores\u00a0<\/strong>de la entidad por su buen comportamiento, por motivo del\u00a0<strong>D\u00eda Internacional de las Aduanas,<\/strong>\u00a0con el auspicio de la\u00a0<strong>Organizaci\u00f3n Mundial de las Aduanas\u00a0<\/strong>(OMA)<strong>.<\/strong><\/p>\n<p>El director general de Aduanas,\u00a0<strong>Eduardo Sanz Lovat\u00f3n,<\/strong>\u00a0detall\u00f3 los principales avances logrados durante su gesti\u00f3n, como la reducci\u00f3n del tiempo promedio de despacho, el cual pas\u00f3 de casi nueve d\u00edas a\u00a0<strong>menos de 48 horas,<\/strong>\u00a0actualmente.<\/p>\n<p>Igualmente, mencion\u00f3 el programa\u00a0<strong>Despacho en 24 Horas<\/strong>, a trav\u00e9s del cual se han despachado ya\u00a0<strong>m\u00e1s de 80,000 contenedores,<\/strong>\u00a0logrando ahorros en costos administrativos por m\u00e1s de\u00a0<strong>RD 3,000 millones<\/strong>\u00a0en los tres a\u00f1os que lleva implement\u00e1ndose esta iniciativa, y por la cual, la\u00a0<strong>DGA<\/strong>\u00a0ha sido invitada como ejemplo a pa\u00edses como\u00a0<strong>Hungr\u00eda, Brasil y Honduras.<\/strong><\/p>\n<p><img loading=\"lazy\" decoding=\"async\" src=\"https:\/\/presidencia.gob.do\/sites\/default\/files\/inline-images\/IMG_5225.jpeg\" width=\"2332\" height=\"1577\" data-entity-uuid=\"3c97b315-b3eb-4386-9df2-227344915087\" data-entity-type=\"file\" \/><img role=\"presentation\" alt=\"\" data-uw-rm-alt=\"SRC\" \/><img role=\"presentation\" alt=\"\" data-uw-rm-alt=\"SRC\" \/><\/p>\n<p><em>\u201cEsto significa eficiencia y competitividad\u201d,<\/em>\u00a0puntualiz\u00f3 Sanz Lovat\u00f3n.<\/p>\n<p>En tanto que\u00a0<strong>Jos\u00e9 Antonio Najri<\/strong>, presidente de\u00a0<strong>Delta S.A<\/strong>, en representaci\u00f3n del sector privado, destac\u00f3 que los avances que ha logrado la DGA, se han traducido en operaciones comerciales m\u00e1s\u00a0<strong>eficientes y transparentes.<\/strong><\/p>\n<p><em>\u201cLos pasos tan importantes que ha dado, en su mejoramiento y su eficiencia, han contribuido a un nuevo clima empresarial en la Rep\u00fablica Dominicana, hoy en el D\u00eda Mundial de las Aduanas, aplaudimos a su se\u00f1or director y a todos ustedes, que hacen cada d\u00eda que nuestras empresas puedan funcionar con mayor fluidez, mayor transparencia y mayor eficiencia\u201d,<\/em>\u00a0explic\u00f3 el se\u00f1or Najri.<\/p>\n<p>Este a\u00f1o la OMA ha otorgado el lema\u00a0<strong>\u201cUna Aduana que materializa sus compromisos referidos a la eficacia, la seguridad y la prosperidad\u201d,<\/strong>\u00a0el cual servir\u00e1 de directriz general para todas las Aduanas miembros del organismo.<\/p>\n<p><strong>Ian Saunders<\/strong>, secretario general de la OMA, en un mensaje compartido por motivo de la conmemoraci\u00f3n, dijo que se har\u00e1 hincapi\u00e9 en la necesidad de transformar los compromisos en\u00a0<strong>acciones eficaces\u00a0<\/strong>que propicien la facilitaci\u00f3n del comercio y\u00a0<strong>garanticen la seguridad<\/strong>, al tiempo que fomentan un\u00a0<strong>crecimiento econ\u00f3mico sostenible.<\/strong><\/p>\n<p>Por su buen comportamiento tributario y comercial le fueron entregados los certificados al\u00a0<strong>M\u00e9rito de la Organizaci\u00f3n Mundial de Aduanas<\/strong>, en el marco del\u00a0<strong>D\u00eda Internacional de las Aduanas<\/strong>\u00a0a las empresas Delta Comercial, S.A., -Grupo Punta Cana, C\u00e9sar Iglesias, S.A.,<\/p>\n<p>Tambi\u00e9n, recibi\u00f3 reconocimiento al M\u00e9rito de la OMA el Cuerpo Especializado de Seguridad Aeroportuaria y de La Aviaci\u00f3n Civil.<\/p>\n","protected":false},"excerpt":{"rendered":"<p>Santo Domingo.\u2013\u00a0La Direcci\u00f3n General de Aduanas\u00a0(DGA) reconoci\u00f3 a empresas del\u00a0sector privado, instituciones y colaboradores\u00a0de la entidad por su buen comportamiento, por motivo del\u00a0D\u00eda Internacional de las Aduanas,\u00a0con el auspicio de&hellip; <\/p>\n","protected":false},"author":2,"featured_media":64059,"comment_status":"closed","ping_status":"closed","sticky":false,"template":"","format":"standard","meta":{"fifu_image_url":"https:\/\/presidencia.gob.do\/sites\/default\/files\/styles\/large\/public\/news\/2025-01\/IMG_5224.jpeg?itok=AZ7VsJUg","fifu_image_alt":"","footnotes":""},"categories":[178],"tags":[],"class_list":["post-64058","post","type-post","status-publish","format-standard","has-post-thumbnail","hentry","category-aduana"],"_links":{"self":[{"href":"https:\/\/elmundodelosnegocios.com.do\/v1\/wp-json\/wp\/v2\/posts\/64058","targetHints":{"allow":["GET"]}}],"collection":[{"href":"https:\/\/elmundodelosnegocios.com.do\/v1\/wp-json\/wp\/v2\/posts"}],"about":[{"href":"https:\/\/elmundodelosnegocios.com.do\/v1\/wp-json\/wp\/v2\/types\/post"}],"author":[{"embeddable":true,"href":"https:\/\/elmundodelosnegocios.com.do\/v1\/wp-json\/wp\/v2\/users\/2"}],"replies":[{"embeddable":true,"href":"https:\/\/elmundodelosnegocios.com.do\/v1\/wp-json\/wp\/v2\/comments?post=64058"}],"version-history":[{"count":1,"href":"https:\/\/elmundodelosnegocios.com.do\/v1\/wp-json\/wp\/v2\/posts\/64058\/revisions"}],"predecessor-version":[{"id":64060,"href":"https:\/\/elmundodelosnegocios.com.do\/v1\/wp-json\/wp\/v2\/posts\/64058\/revisions\/64060"}],"wp:featuredmedia":[{"embeddable":true,"href":"https:\/\/elmundodelosnegocios.com.do\/v1\/wp-json\/wp\/v2\/media\/64059"}],"wp:attachment":[{"href":"https:\/\/elmundodelosnegocios.com.do\/v1\/wp-json\/wp\/v2\/media?parent=64058"}],"wp:term":[{"taxonomy":"category","embeddable":true,"href":"https:\/\/elmundodelosnegocios.com.do\/v1\/wp-json\/wp\/v2\/categories?post=64058"},{"taxonomy":"post_tag","embeddable":true,"href":"https:\/\/elmundodelosnegocios.com.do\/v1\/wp-json\/wp\/v2\/tags?post=64058"}],"curies":[{"name":"wp","href":"https:\/\/api.w.org\/{rel}","templated":true}]}}