{"id":64089,"date":"2025-01-27T20:30:27","date_gmt":"2025-01-28T01:00:27","guid":{"rendered":"https:\/\/www.elmundodelosnegocios.com.do\/v1\/?p=64089"},"modified":"2025-01-27T20:30:27","modified_gmt":"2025-01-28T01:00:27","slug":"universal-aviation-y-aerodom-transformaran-la-aviacion-privada-en-samana-con-un-nuevo-fbo-de-clase-mundial","status":"publish","type":"post","link":"https:\/\/elmundodelosnegocios.com.do\/v1\/universal-aviation-y-aerodom-transformaran-la-aviacion-privada-en-samana-con-un-nuevo-fbo-de-clase-mundial\/","title":{"rendered":"Universal Aviation\u00ae y AERODOM transformar\u00e1n la aviaci\u00f3n privada en Saman\u00e1 con un nuevo FBO de clase mundial"},"content":{"rendered":"<p><em>Universal Aviation\u00ae y AERODOM\u00ae han anunciado en la Feria Internacional de Turismo (FITUR) la construcci\u00f3n de un moderno y sostenible centro de operaciones para la aviaci\u00f3n privada y ejecutiva (FBO, por sus siglas en ingl\u00e9s) en el Aeropuerto Internacional Prof. Juan Bosch, en Catey, Saman\u00e1. Este ambicioso proyecto busca posicionar la regi\u00f3n noreste como un destino de primer nivel para viajeros de alto perfil, impulsando al mismo tiempo el crecimiento econ\u00f3mico y la competitividad tur\u00edstica del pa\u00eds.<\/em><\/p>\n<figure class=\"wp-block-image alignwide size-large\"><img decoding=\"async\" class=\"aligncenter\" src=\"https:\/\/i0.wp.com\/diariosocialrd.com\/wp-content\/uploads\/2025\/01\/UNIVERSAL-AVIATION-Y-AERODOM.jpeg?w=1110&amp;ssl=1\" alt=\"\" data-recalc-dims=\"1\" \/><\/figure>\n<p>El nuevo FBO, dise\u00f1ado para satisfacer las crecientes demandas de la aviaci\u00f3n ejecutiva, ofrecer\u00e1 servicios de primera clase, incluyendo asistencia en tierra, valet parking, concierge, c\u00f3modas salas de espera y espacios exclusivos para tripulaci\u00f3n y pasajeros. Con tecnolog\u00eda de \u00faltima generaci\u00f3n y est\u00e1ndares de sostenibilidad, la instalaci\u00f3n promete garantizar procesos \u00e1giles y una experiencia personalizada para todos sus usuarios.<\/p>\n<p>Danilo Rosario Jim\u00e9nez, director de Universal Aviation\u00ae en Rep\u00fablica Dominicana, destac\u00f3 la importancia de este avance:<br \/>\n<em>\u00abEstamos orgullosos de fortalecer nuestra presencia en el pa\u00eds y de ofrecer un servicio de clase mundial que eleva la experiencia de la aviaci\u00f3n privada en Saman\u00e1, un destino clave para el turismo de lujo.\u00bb<\/em><\/p>\n<p>Por su parte, Fabien Gourdon, director comercial de AERODOM\u00ae, subray\u00f3 el impacto de esta inversi\u00f3n:<br \/>\n<em>\u00abEste nuevo FBO es un testimonio de nuestro compromiso con el desarrollo de la regi\u00f3n y con nuestros usuarios, asegur\u00e1ndonos de brindar instalaciones de excelencia que impulsen la conectividad y el turismo.\u00bb<\/em><\/p>\n<h3 class=\"wp-block-heading\"><strong>Impulso al desarrollo regional y al turismo de lujo<\/strong><\/h3>\n<p>La construcci\u00f3n del FBO responde al creciente inter\u00e9s en Saman\u00e1 como un destino preferido por viajeros de alto perfil que buscan experiencias exclusivas. El proyecto no solo fortalecer\u00e1 la oferta tur\u00edstica del noreste dominicano, sino que tambi\u00e9n consolidar\u00e1 la regi\u00f3n como un hub estrat\u00e9gico para la aviaci\u00f3n privada en el Caribe.<\/p>\n<p>Adem\u00e1s, este desarrollo representa un motor econ\u00f3mico significativo para la zona, generando empleos directos e indirectos tanto en la construcci\u00f3n como en la operaci\u00f3n de las nuevas instalaciones. A su vez, ofrecer\u00e1 servicios m\u00e1s eficientes para los clientes de hoteles de ultra lujo y operadores tur\u00edsticos que apuestan por Saman\u00e1 como un destino emblem\u00e1tico.<\/p>\n<h3 class=\"wp-block-heading\"><strong>Una red en expansi\u00f3n<\/strong><\/h3>\n<p>El nuevo FBO en Saman\u00e1 se suma a la remodelaci\u00f3n realizada en 2024 en el Aeropuerto Internacional Gregorio Luper\u00f3n en Puerto Plata, consolidando el liderazgo de Universal Aviation\u00ae en el norte del pa\u00eds. Con esta red de instalaciones de \u00faltima generaci\u00f3n, la Rep\u00fablica Dominicana refuerza su posici\u00f3n como un referente en el turismo de alto nivel y la aviaci\u00f3n ejecutiva en la regi\u00f3n.<\/p>\n<p>Se espera que la construcci\u00f3n est\u00e9 completada para el segundo trimestre de 2025, marcando un nuevo hito en la colaboraci\u00f3n entre Universal Aviation\u00ae y AERODOM\u00ae para transformar la experiencia de vuelo en el Caribe.<\/p>\n<p><strong>Acerca de Universal Aviation\u00ae<\/strong><br \/>\nUniversal Aviation\u00ae, con m\u00e1s de 50 FBO y ubicaciones en m\u00e1s de 30 pa\u00edses, es l\u00edder global en servicios de asistencia en tierra para la aviaci\u00f3n privada y ejecutiva. M\u00e1s informaci\u00f3n en\u00a0<a href=\"http:\/\/www.universalaviation.aero\/\">www.universalaviation.aero<\/a>.<\/p>\n<p><strong>Acerca de AERODOM<\/strong><br \/>\nAERODOM, parte de VINCI Airports, opera seis aeropuertos en Rep\u00fablica Dominicana, consolidando la conectividad del pa\u00eds con el mundo. M\u00e1s informaci\u00f3n en\u00a0<a href=\"http:\/\/www.vinci-airports.com\/\">www.vinci-airports.com<\/a>.<\/p>\n","protected":false},"excerpt":{"rendered":"<p>Universal Aviation\u00ae y AERODOM\u00ae han anunciado en la Feria Internacional de Turismo (FITUR) la construcci\u00f3n de un moderno y sostenible centro de operaciones para la aviaci\u00f3n privada y ejecutiva (FBO,&hellip; <\/p>\n","protected":false},"author":2,"featured_media":64090,"comment_status":"closed","ping_status":"closed","sticky":false,"template":"","format":"standard","meta":{"fifu_image_url":"https:\/\/i0.wp.com\/diariosocialrd.com\/wp-content\/uploads\/2025\/01\/UNIVERSAL-AVIATION-Y-AERODOM.jpeg?w=1110&ssl=1","fifu_image_alt":"","footnotes":""},"categories":[169],"tags":[],"class_list":["post-64089","post","type-post","status-publish","format-standard","has-post-thumbnail","hentry","category-transporte-internacional"],"_links":{"self":[{"href":"https:\/\/elmundodelosnegocios.com.do\/v1\/wp-json\/wp\/v2\/posts\/64089","targetHints":{"allow":["GET"]}}],"collection":[{"href":"https:\/\/elmundodelosnegocios.com.do\/v1\/wp-json\/wp\/v2\/posts"}],"about":[{"href":"https:\/\/elmundodelosnegocios.com.do\/v1\/wp-json\/wp\/v2\/types\/post"}],"author":[{"embeddable":true,"href":"https:\/\/elmundodelosnegocios.com.do\/v1\/wp-json\/wp\/v2\/users\/2"}],"replies":[{"embeddable":true,"href":"https:\/\/elmundodelosnegocios.com.do\/v1\/wp-json\/wp\/v2\/comments?post=64089"}],"version-history":[{"count":1,"href":"https:\/\/elmundodelosnegocios.com.do\/v1\/wp-json\/wp\/v2\/posts\/64089\/revisions"}],"predecessor-version":[{"id":64091,"href":"https:\/\/elmundodelosnegocios.com.do\/v1\/wp-json\/wp\/v2\/posts\/64089\/revisions\/64091"}],"wp:featuredmedia":[{"embeddable":true,"href":"https:\/\/elmundodelosnegocios.com.do\/v1\/wp-json\/wp\/v2\/media\/64090"}],"wp:attachment":[{"href":"https:\/\/elmundodelosnegocios.com.do\/v1\/wp-json\/wp\/v2\/media?parent=64089"}],"wp:term":[{"taxonomy":"category","embeddable":true,"href":"https:\/\/elmundodelosnegocios.com.do\/v1\/wp-json\/wp\/v2\/categories?post=64089"},{"taxonomy":"post_tag","embeddable":true,"href":"https:\/\/elmundodelosnegocios.com.do\/v1\/wp-json\/wp\/v2\/tags?post=64089"}],"curies":[{"name":"wp","href":"https:\/\/api.w.org\/{rel}","templated":true}]}}