{"id":64107,"date":"2025-01-28T18:49:58","date_gmt":"2025-01-28T23:19:58","guid":{"rendered":"https:\/\/www.elmundodelosnegocios.com.do\/v1\/?p=64107"},"modified":"2025-01-29T18:52:20","modified_gmt":"2025-01-29T23:22:20","slug":"bcrd-deposita-ofrenda-floral-en-el-altar-de-la-patria-con-motivo-del-212-aniversario-del-nacimiento-de-juan-pablo-duarte","status":"publish","type":"post","link":"https:\/\/elmundodelosnegocios.com.do\/v1\/bcrd-deposita-ofrenda-floral-en-el-altar-de-la-patria-con-motivo-del-212-aniversario-del-nacimiento-de-juan-pablo-duarte\/","title":{"rendered":"BCRD deposita ofrenda floral en el Altar de la Patria con motivo del 212 aniversario del nacimiento de Juan Pablo Duarte"},"content":{"rendered":"<p><span class=\"text-bolder-gb\">Santo Domingo. Rep\u00fablica Dominicana. &#8211;<\/span>\u00a0El gobernador del Banco Central de la Rep\u00fablica Dominicana (BCRD), H\u00e9ctor Valdez Albizu, presidi\u00f3 el acto de ofrenda floral en el Altar de la Patria, acompa\u00f1ado de funcionarios de la instituci\u00f3n, con motivo de la celebraci\u00f3n del Mes de la Patria que organiza la Presidencia de la Rep\u00fablica, a trav\u00e9s de la Comisi\u00f3n Permanente de Efem\u00e9rides Patrias, el cual culmina con el D\u00eda de la Independencia Nacional, el pr\u00f3ximo 27 de febrero.<\/p>\n<p><a href=\"http:\/\/elmundodelosnegocios.com.do\/v1\/wp-content\/uploads\/2025\/01\/bc20250128-2.jpg\"><img loading=\"lazy\" decoding=\"async\" class=\"aligncenter size-full wp-image-64108\" src=\"http:\/\/elmundodelosnegocios.com.do\/v1\/wp-content\/uploads\/2025\/01\/bc20250128-2.jpg\" alt=\"\" width=\"848\" height=\"410\" srcset=\"https:\/\/elmundodelosnegocios.com.do\/v1\/wp-content\/uploads\/2025\/01\/bc20250128-2.jpg 848w, https:\/\/elmundodelosnegocios.com.do\/v1\/wp-content\/uploads\/2025\/01\/bc20250128-2-300x145.jpg 300w, https:\/\/elmundodelosnegocios.com.do\/v1\/wp-content\/uploads\/2025\/01\/bc20250128-2-768x371.jpg 768w\" sizes=\"auto, (max-width: 848px) 100vw, 848px\" \/><\/a><\/p>\n<p>Durante el acto protocolar dentro del mausoleo, Valdez Albizu destac\u00f3 en unas palabras de enaltecimiento a los h\u00e9roes Juan Pablo Duarte, Francisco del Rosario S\u00e1nchez y Ram\u00f3n Mat\u00edas Mella, que \u201cson el m\u00e1s alto ejemplo de sacrificio, desprendimiento y entrega a los ideales de soberan\u00eda nacional frente a la dominaci\u00f3n extranjera\u201d.<\/p>\n<p>Asimismo, el gobernador resalt\u00f3 que \u201cellos y los trinitarios supieron defender la patria con su lucha y sus propias vidas, d\u00e1ndolo todo sin esperar nada a cambio, pero siempre encaminando sus pasos por el sendero de la liberaci\u00f3n y la justicia social\u201d.<\/p>\n<p>El gobernador estuvo acompa\u00f1ado por la vicegobernadora, Clarissa de la Rocha de Torres; el gerente, Ervin Novas Bello; el contralor, Jos\u00e9 Manuel Taveras Lay; el subgerente general, Frank Monta\u00f1o; entre un nutrido grupo de destacados funcionarios de la instituci\u00f3n monetaria y financiera del pa\u00eds.<\/p>\n","protected":false},"excerpt":{"rendered":"<p>Santo Domingo. Rep\u00fablica Dominicana. &#8211;\u00a0El gobernador del Banco Central de la Rep\u00fablica Dominicana (BCRD), H\u00e9ctor Valdez Albizu, presidi\u00f3 el acto de ofrenda floral en el Altar de la Patria, acompa\u00f1ado&hellip; <\/p>\n","protected":false},"author":2,"featured_media":64109,"comment_status":"closed","ping_status":"closed","sticky":false,"template":"","format":"standard","meta":{"fifu_image_url":"","fifu_image_alt":"","footnotes":""},"categories":[78],"tags":[],"class_list":["post-64107","post","type-post","status-publish","format-standard","has-post-thumbnail","hentry","category-con-responsabilidad"],"_links":{"self":[{"href":"https:\/\/elmundodelosnegocios.com.do\/v1\/wp-json\/wp\/v2\/posts\/64107","targetHints":{"allow":["GET"]}}],"collection":[{"href":"https:\/\/elmundodelosnegocios.com.do\/v1\/wp-json\/wp\/v2\/posts"}],"about":[{"href":"https:\/\/elmundodelosnegocios.com.do\/v1\/wp-json\/wp\/v2\/types\/post"}],"author":[{"embeddable":true,"href":"https:\/\/elmundodelosnegocios.com.do\/v1\/wp-json\/wp\/v2\/users\/2"}],"replies":[{"embeddable":true,"href":"https:\/\/elmundodelosnegocios.com.do\/v1\/wp-json\/wp\/v2\/comments?post=64107"}],"version-history":[{"count":1,"href":"https:\/\/elmundodelosnegocios.com.do\/v1\/wp-json\/wp\/v2\/posts\/64107\/revisions"}],"predecessor-version":[{"id":64110,"href":"https:\/\/elmundodelosnegocios.com.do\/v1\/wp-json\/wp\/v2\/posts\/64107\/revisions\/64110"}],"wp:featuredmedia":[{"embeddable":true,"href":"https:\/\/elmundodelosnegocios.com.do\/v1\/wp-json\/wp\/v2\/media\/64109"}],"wp:attachment":[{"href":"https:\/\/elmundodelosnegocios.com.do\/v1\/wp-json\/wp\/v2\/media?parent=64107"}],"wp:term":[{"taxonomy":"category","embeddable":true,"href":"https:\/\/elmundodelosnegocios.com.do\/v1\/wp-json\/wp\/v2\/categories?post=64107"},{"taxonomy":"post_tag","embeddable":true,"href":"https:\/\/elmundodelosnegocios.com.do\/v1\/wp-json\/wp\/v2\/tags?post=64107"}],"curies":[{"name":"wp","href":"https:\/\/api.w.org\/{rel}","templated":true}]}}