{"id":64111,"date":"2025-01-29T18:55:01","date_gmt":"2025-01-29T23:25:01","guid":{"rendered":"https:\/\/www.elmundodelosnegocios.com.do\/v1\/?p=64111"},"modified":"2025-01-29T18:55:01","modified_gmt":"2025-01-29T23:25:01","slug":"banreservas-y-bellas-artes-conmemoraran-la-historia-dominicana-con-la-obra-momentos-de-independencia","status":"publish","type":"post","link":"https:\/\/elmundodelosnegocios.com.do\/v1\/banreservas-y-bellas-artes-conmemoraran-la-historia-dominicana-con-la-obra-momentos-de-independencia\/","title":{"rendered":"Banreservas y Bellas Artes conmemorar\u00e1n la historia dominicana con la obra \u00abMomentos de Independencia\u00bb"},"content":{"rendered":"<p><em>Una producci\u00f3n que reunir\u00e1 a 60 artistas en tres piezas coreogr\u00e1ficas de alta calidad<\/em>.<\/p>\n<p>En el marco de la celebraci\u00f3n del Mes de la Patria, Banreservas, junto con la Direcci\u00f3n Nacional de Bellas Artes, presentar\u00e1n el espect\u00e1culo\u00a0<em>\u201cMomentos de Independencia\u201d<\/em>. Esta obra, ideada y producida por la destacada artista M\u00f3nika Despradel, busca rendir homenaje a los momentos clave en la lucha por la soberan\u00eda dominicana a trav\u00e9s de la danza.<\/p>\n<p><a href=\"http:\/\/elmundodelosnegocios.com.do\/v1\/wp-content\/uploads\/2025\/01\/Imagen-2.jpg\"><img loading=\"lazy\" decoding=\"async\" class=\"aligncenter size-full wp-image-64112\" src=\"http:\/\/elmundodelosnegocios.com.do\/v1\/wp-content\/uploads\/2025\/01\/Imagen-2.jpg\" alt=\"\" width=\"1024\" height=\"628\" srcset=\"https:\/\/elmundodelosnegocios.com.do\/v1\/wp-content\/uploads\/2025\/01\/Imagen-2.jpg 1024w, https:\/\/elmundodelosnegocios.com.do\/v1\/wp-content\/uploads\/2025\/01\/Imagen-2-300x184.jpg 300w, https:\/\/elmundodelosnegocios.com.do\/v1\/wp-content\/uploads\/2025\/01\/Imagen-2-768x471.jpg 768w\" sizes=\"auto, (max-width: 1024px) 100vw, 1024px\" \/><\/a><\/p>\n<p>La presentaci\u00f3n, que contar\u00e1 con la participaci\u00f3n de m\u00e1s de 60 artistas en escena, incluir\u00e1 tres impresionantes piezas coreogr\u00e1ficas:\u00a0<em>\u201cPante\u00f3n\u201d<\/em>\u00a0de Antonio Gomes, que rememora la proclamaci\u00f3n de la Rep\u00fablica Dominicana en 1844;\u00a0<em>\u201cLa Restauraci\u00f3n\u201d<\/em>\u00a0de Elizabeth Crooke, que evoca la guerra de 1863 y la recuperaci\u00f3n de la independencia; y\u00a0<em>\u201cManolo\u201d<\/em>, obra de M\u00f3nika Despradel, inspirada en el revolucionario Manolo Tav\u00e1rez Justo y su lucha por la justicia junto a Minerva Mirabal.<\/p>\n<figure class=\"wp-block-image size-full\"><a href=\"https:\/\/diariosocialrd.com\/wp-content\/uploads\/2025\/01\/Imagen-1.jpg\" data-rel=\"penci-gallery-image-content\"><img loading=\"lazy\" decoding=\"async\" class=\"wp-image-221295 aligncenter\" src=\"https:\/\/diariosocialrd.com\/wp-content\/uploads\/2025\/01\/Imagen-1.jpg\" sizes=\"auto, (max-width: 1024px) 100vw, 1024px\" srcset=\"https:\/\/diariosocialrd.com\/wp-content\/uploads\/2025\/01\/Imagen-1.jpg 1024w, https:\/\/diariosocialrd.com\/wp-content\/uploads\/2025\/01\/Imagen-1-300x200.jpg 300w, https:\/\/diariosocialrd.com\/wp-content\/uploads\/2025\/01\/Imagen-1-768x512.jpg 768w, https:\/\/diariosocialrd.com\/wp-content\/uploads\/2025\/01\/Imagen-1-585x390.jpg 585w, https:\/\/diariosocialrd.com\/wp-content\/uploads\/2025\/01\/Imagen-1-263x175.jpg 263w\" alt=\"\" width=\"1024\" height=\"683\" \/><\/a><\/figure>\n<p>El espect\u00e1culo reunir\u00e1 a talentosos bailarines del Ballet Nacional Dominicano, dirigido por Stephanie Bauger; del Ballet Folkl\u00f3rico Nacional, bajo la direcci\u00f3n de Maritza Reyes; y de la Compa\u00f1\u00eda Nacional de Danza Contempor\u00e1nea, dirigida por Edmundo Poy. Adem\u00e1s de la danza, los asistentes podr\u00e1n disfrutar de m\u00fasica en vivo, interpretaciones vocales, un impresionante despliegue de luces, vestuario y escenograf\u00eda de alta calidad, todo complementado con im\u00e1genes aleg\u00f3ricas a la Independencia Nacional.<\/p>\n<p>La funci\u00f3n inaugural ser\u00e1 el 7 de febrero, exclusivamente por invitaci\u00f3n, y las presentaciones abiertas al p\u00fablico se llevar\u00e1n a cabo el 8 de febrero a las 8:30 p.m. y el 9 de febrero a las 6:30 p.m. Las boletas de cortes\u00eda estar\u00e1n disponibles previamente en el Palacio de Bellas Artes.<\/p>\n<p>Para obtener m\u00e1s informaci\u00f3n sobre la disponibilidad de boletas, los interesados pueden contactar al (849) 628-8145 o escribir a\u00a0<a href=\"mailto:mdespradelproducciones@gmail.com\">mdespradelproducciones@gmail.com<\/a>.<\/p>\n<p>Este evento representa una excelente oportunidad para que los dominicanos se conecten con su historia y cultura a trav\u00e9s del arte, en una celebraci\u00f3n que combina danza, m\u00fasica y narrativa visual.<\/p>\n","protected":false},"excerpt":{"rendered":"<p>Una producci\u00f3n que reunir\u00e1 a 60 artistas en tres piezas coreogr\u00e1ficas de alta calidad. En el marco de la celebraci\u00f3n del Mes de la Patria, Banreservas, junto con la Direcci\u00f3n&hellip; <\/p>\n","protected":false},"author":2,"featured_media":64112,"comment_status":"closed","ping_status":"closed","sticky":false,"template":"","format":"standard","meta":{"fifu_image_url":"","fifu_image_alt":"","footnotes":""},"categories":[148],"tags":[],"class_list":["post-64111","post","type-post","status-publish","format-standard","has-post-thumbnail","hentry","category-cultura"],"_links":{"self":[{"href":"https:\/\/elmundodelosnegocios.com.do\/v1\/wp-json\/wp\/v2\/posts\/64111","targetHints":{"allow":["GET"]}}],"collection":[{"href":"https:\/\/elmundodelosnegocios.com.do\/v1\/wp-json\/wp\/v2\/posts"}],"about":[{"href":"https:\/\/elmundodelosnegocios.com.do\/v1\/wp-json\/wp\/v2\/types\/post"}],"author":[{"embeddable":true,"href":"https:\/\/elmundodelosnegocios.com.do\/v1\/wp-json\/wp\/v2\/users\/2"}],"replies":[{"embeddable":true,"href":"https:\/\/elmundodelosnegocios.com.do\/v1\/wp-json\/wp\/v2\/comments?post=64111"}],"version-history":[{"count":1,"href":"https:\/\/elmundodelosnegocios.com.do\/v1\/wp-json\/wp\/v2\/posts\/64111\/revisions"}],"predecessor-version":[{"id":64113,"href":"https:\/\/elmundodelosnegocios.com.do\/v1\/wp-json\/wp\/v2\/posts\/64111\/revisions\/64113"}],"wp:featuredmedia":[{"embeddable":true,"href":"https:\/\/elmundodelosnegocios.com.do\/v1\/wp-json\/wp\/v2\/media\/64112"}],"wp:attachment":[{"href":"https:\/\/elmundodelosnegocios.com.do\/v1\/wp-json\/wp\/v2\/media?parent=64111"}],"wp:term":[{"taxonomy":"category","embeddable":true,"href":"https:\/\/elmundodelosnegocios.com.do\/v1\/wp-json\/wp\/v2\/categories?post=64111"},{"taxonomy":"post_tag","embeddable":true,"href":"https:\/\/elmundodelosnegocios.com.do\/v1\/wp-json\/wp\/v2\/tags?post=64111"}],"curies":[{"name":"wp","href":"https:\/\/api.w.org\/{rel}","templated":true}]}}