{"id":64114,"date":"2025-01-29T18:58:37","date_gmt":"2025-01-29T23:28:37","guid":{"rendered":"https:\/\/www.elmundodelosnegocios.com.do\/v1\/?p=64114"},"modified":"2025-01-29T18:58:37","modified_gmt":"2025-01-29T23:28:37","slug":"carnaval-de-punta-cana-celebrara-su-16ta-edicion-el-ultimo-sabado-de-febrero","status":"publish","type":"post","link":"https:\/\/elmundodelosnegocios.com.do\/v1\/carnaval-de-punta-cana-celebrara-su-16ta-edicion-el-ultimo-sabado-de-febrero\/","title":{"rendered":"Carnaval de Punta Cana celebrar\u00e1 su 16ta. edici\u00f3n el \u00faltimo s\u00e1bado de febrero"},"content":{"rendered":"<p><em>El\u00a0<strong>Carnaval de Punta Cana 2025<\/strong>\u00a0se celebrar\u00e1 el\u00a0<strong>s\u00e1bado 22 de febrero<\/strong>, en el Boulevard 1ro. de noviembre de\u00a0<strong>The Village Puntacana<\/strong>. Este evento se ha consolidado como uno de los m\u00e1s esperados de la regi\u00f3n Este, destacando las tradiciones folcl\u00f3ricas de la Rep\u00fablica Dominicana y de otros pa\u00edses invitados.<\/em><\/p>\n<p>El evento dar\u00e1 inicio a las\u00a0<strong>2:30 p.m.<\/strong>\u00a0con la apertura de puertas y el gran desfile comenzar\u00e1 a las\u00a0<strong>3:30 p.m.<\/strong>\u00a0Contar\u00e1 con la participaci\u00f3n de\u00a0<strong>m\u00e1s de 20 comparsas<\/strong>\u00a0y\u00a0<strong>1,500 carnavaleros<\/strong>\u00a0tanto nacionales como internacionales, quienes celebrar\u00e1n el folclore y la cultura dominicana, y se espera la asistencia de m\u00e1s de\u00a0<strong>15 mil personas<\/strong>.<\/p>\n<p><a href=\"http:\/\/elmundodelosnegocios.com.do\/v1\/wp-content\/uploads\/2025\/01\/El-Carnaval-de-Punta-Cana-celebrara-su-16ta.-edicion-el-ultimo-sabado-de-febrero-1-scaled-1.jpg\"><img loading=\"lazy\" decoding=\"async\" class=\"aligncenter size-full wp-image-64115\" src=\"http:\/\/elmundodelosnegocios.com.do\/v1\/wp-content\/uploads\/2025\/01\/El-Carnaval-de-Punta-Cana-celebrara-su-16ta.-edicion-el-ultimo-sabado-de-febrero-1-scaled-1.jpg\" alt=\"\" width=\"2560\" height=\"1706\" srcset=\"https:\/\/elmundodelosnegocios.com.do\/v1\/wp-content\/uploads\/2025\/01\/El-Carnaval-de-Punta-Cana-celebrara-su-16ta.-edicion-el-ultimo-sabado-de-febrero-1-scaled-1.jpg 2560w, https:\/\/elmundodelosnegocios.com.do\/v1\/wp-content\/uploads\/2025\/01\/El-Carnaval-de-Punta-Cana-celebrara-su-16ta.-edicion-el-ultimo-sabado-de-febrero-1-scaled-1-300x200.jpg 300w, https:\/\/elmundodelosnegocios.com.do\/v1\/wp-content\/uploads\/2025\/01\/El-Carnaval-de-Punta-Cana-celebrara-su-16ta.-edicion-el-ultimo-sabado-de-febrero-1-scaled-1-1024x682.jpg 1024w, https:\/\/elmundodelosnegocios.com.do\/v1\/wp-content\/uploads\/2025\/01\/El-Carnaval-de-Punta-Cana-celebrara-su-16ta.-edicion-el-ultimo-sabado-de-febrero-1-scaled-1-768x512.jpg 768w, https:\/\/elmundodelosnegocios.com.do\/v1\/wp-content\/uploads\/2025\/01\/El-Carnaval-de-Punta-Cana-celebrara-su-16ta.-edicion-el-ultimo-sabado-de-febrero-1-scaled-1-1536x1024.jpg 1536w, https:\/\/elmundodelosnegocios.com.do\/v1\/wp-content\/uploads\/2025\/01\/El-Carnaval-de-Punta-Cana-celebrara-su-16ta.-edicion-el-ultimo-sabado-de-febrero-1-scaled-1-2048x1365.jpg 2048w\" sizes=\"auto, (max-width: 2560px) 100vw, 2560px\" \/><\/a><\/p>\n<p>Durante el desfile se llevar\u00e1 a cabo la\u00a0<strong>coronaci\u00f3n del Rey o Reina Momo<\/strong>, una de las principales sorpresas de la gala, donde se otorga este reconocimiento a personalidades nacionales influyentes. El a\u00f1o pasado, el destacado jugador de b\u00e9isbol\u00a0<strong>George Bell<\/strong>\u00a0fue coronado como Rey Momo.<\/p>\n<figure class=\"wp-block-image size-large\"><a href=\"https:\/\/diariosocialrd.com\/wp-content\/uploads\/2025\/01\/El-Carnaval-de-Punta-Cana-celebrara-su-16ta.-edicion-el-ultimo-sabado-de-febrero-scaled.jpg\" data-rel=\"penci-gallery-image-content\"><img loading=\"lazy\" decoding=\"async\" class=\"wp-image-221188\" src=\"https:\/\/diariosocialrd.com\/wp-content\/uploads\/2025\/01\/El-Carnaval-de-Punta-Cana-celebrara-su-16ta.-edicion-el-ultimo-sabado-de-febrero-1024x683.jpg\" sizes=\"auto, (max-width: 1024px) 100vw, 1024px\" srcset=\"https:\/\/diariosocialrd.com\/wp-content\/uploads\/2025\/01\/El-Carnaval-de-Punta-Cana-celebrara-su-16ta.-edicion-el-ultimo-sabado-de-febrero-1024x683.jpg 1024w, https:\/\/diariosocialrd.com\/wp-content\/uploads\/2025\/01\/El-Carnaval-de-Punta-Cana-celebrara-su-16ta.-edicion-el-ultimo-sabado-de-febrero-300x200.jpg 300w, https:\/\/diariosocialrd.com\/wp-content\/uploads\/2025\/01\/El-Carnaval-de-Punta-Cana-celebrara-su-16ta.-edicion-el-ultimo-sabado-de-febrero-768x512.jpg 768w, https:\/\/diariosocialrd.com\/wp-content\/uploads\/2025\/01\/El-Carnaval-de-Punta-Cana-celebrara-su-16ta.-edicion-el-ultimo-sabado-de-febrero-1536x1024.jpg 1536w, https:\/\/diariosocialrd.com\/wp-content\/uploads\/2025\/01\/El-Carnaval-de-Punta-Cana-celebrara-su-16ta.-edicion-el-ultimo-sabado-de-febrero-2048x1365.jpg 2048w, https:\/\/diariosocialrd.com\/wp-content\/uploads\/2025\/01\/El-Carnaval-de-Punta-Cana-celebrara-su-16ta.-edicion-el-ultimo-sabado-de-febrero-1920x1280.jpg 1920w, https:\/\/diariosocialrd.com\/wp-content\/uploads\/2025\/01\/El-Carnaval-de-Punta-Cana-celebrara-su-16ta.-edicion-el-ultimo-sabado-de-febrero-1170x780.jpg 1170w, https:\/\/diariosocialrd.com\/wp-content\/uploads\/2025\/01\/El-Carnaval-de-Punta-Cana-celebrara-su-16ta.-edicion-el-ultimo-sabado-de-febrero-585x390.jpg 585w, https:\/\/diariosocialrd.com\/wp-content\/uploads\/2025\/01\/El-Carnaval-de-Punta-Cana-celebrara-su-16ta.-edicion-el-ultimo-sabado-de-febrero-263x175.jpg 263w\" alt=\"\" width=\"1024\" height=\"683\" \/><\/a><\/figure>\n<p>En ediciones anteriores, figuras como\u00a0<strong>Oscar de La Renta<\/strong>,\u00a0<strong>Eddy Herrera<\/strong>,\u00a0<strong>Marcos D\u00edaz<\/strong>,\u00a0<strong>Michel Camilo<\/strong>,\u00a0<strong>Jos\u00e9 Antonio Molina<\/strong>,\u00a0<strong>Freddy Ginebra<\/strong>, y\u00a0<strong>Milly Quezada<\/strong>\u00a0han sido coronados como Rey Momo, destacando la importancia de este reconocimiento en la cultura dominicana.<\/p>\n<p><strong>Novedades para 2025<\/strong><\/p>\n<p>Este a\u00f1o, se incorpora el\u00a0<strong>Bazar de Artesan\u00eda<\/strong>, que ofrecer\u00e1 productos relacionados con el evento, ubicado en la\u00a0<strong>cuarta etapa de Galer\u00edas Puntacana<\/strong>. El bazar abrir\u00e1 el\u00a0<strong>viernes 21 de febrero<\/strong>\u00a0a partir de las\u00a0<strong>6:00 p.m.<\/strong>\u00a0y permanecer\u00e1 abierto hasta el\u00a0<strong>s\u00e1bado 22 de febrero<\/strong>\u00a0a las\u00a0<strong>11:00 a.m.<\/strong>\u00a0Adem\u00e1s, se contar\u00e1 con\u00a0<strong>food trucks<\/strong>\u00a0y entretenimiento, creando un ambiente familiar y seguro para todos los asistentes.<\/p>\n<figure class=\"wp-block-image size-large\"><a href=\"https:\/\/diariosocialrd.com\/wp-content\/uploads\/2025\/01\/Musas-de-Punta-Cana-2-scaled.jpg\" data-rel=\"penci-gallery-image-content\"><img loading=\"lazy\" decoding=\"async\" class=\"wp-image-221189\" src=\"https:\/\/diariosocialrd.com\/wp-content\/uploads\/2025\/01\/Musas-de-Punta-Cana-2-1024x683.jpg\" sizes=\"auto, (max-width: 1024px) 100vw, 1024px\" srcset=\"https:\/\/diariosocialrd.com\/wp-content\/uploads\/2025\/01\/Musas-de-Punta-Cana-2-1024x683.jpg 1024w, https:\/\/diariosocialrd.com\/wp-content\/uploads\/2025\/01\/Musas-de-Punta-Cana-2-300x200.jpg 300w, https:\/\/diariosocialrd.com\/wp-content\/uploads\/2025\/01\/Musas-de-Punta-Cana-2-768x512.jpg 768w, https:\/\/diariosocialrd.com\/wp-content\/uploads\/2025\/01\/Musas-de-Punta-Cana-2-1536x1024.jpg 1536w, https:\/\/diariosocialrd.com\/wp-content\/uploads\/2025\/01\/Musas-de-Punta-Cana-2-2048x1365.jpg 2048w, https:\/\/diariosocialrd.com\/wp-content\/uploads\/2025\/01\/Musas-de-Punta-Cana-2-1920x1280.jpg 1920w, https:\/\/diariosocialrd.com\/wp-content\/uploads\/2025\/01\/Musas-de-Punta-Cana-2-1170x780.jpg 1170w, https:\/\/diariosocialrd.com\/wp-content\/uploads\/2025\/01\/Musas-de-Punta-Cana-2-585x390.jpg 585w, https:\/\/diariosocialrd.com\/wp-content\/uploads\/2025\/01\/Musas-de-Punta-Cana-2-263x175.jpg 263w\" alt=\"\" width=\"1024\" height=\"683\" \/><\/a><\/figure>\n<p>Como novedad, habr\u00e1 una\u00a0<strong>\u00e1rea de ni\u00f1os<\/strong>\u00a0el s\u00e1bado 22 de febrero a partir de las\u00a0<strong>3:00 p.m.<\/strong>, ubicada cerca del edificio corporativo de Grupo Puntacana, y la\u00a0<strong>Cueva de los Tres Caras<\/strong>, un espacio abierto al p\u00fablico con ofertas gastron\u00f3micas y experiencias para la comunidad.<\/p>\n<p>El evento tambi\u00e9n se alinear\u00e1 con iniciativas de sostenibilidad, implementando estaciones de reciclaje, el uso de\u00a0<strong>vasos reutilizables<\/strong>\u00a0y\u00a0<strong>gastables biodegradables<\/strong>\u00a0en las tarimas, con el fin de reducir el impacto ambiental.<\/p>\n<figure class=\"wp-block-image size-large\"><a href=\"https:\/\/diariosocialrd.com\/wp-content\/uploads\/2025\/01\/El-Carnaval-de-Punta-Cana-celebrara-su-16ta.-edicion-el-ultimo-sabado-de-febrero-2.jpg\" data-rel=\"penci-gallery-image-content\"><img loading=\"lazy\" decoding=\"async\" class=\"wp-image-221191\" src=\"https:\/\/diariosocialrd.com\/wp-content\/uploads\/2025\/01\/El-Carnaval-de-Punta-Cana-celebrara-su-16ta.-edicion-el-ultimo-sabado-de-febrero-2-1024x717.jpg\" sizes=\"auto, (max-width: 1024px) 100vw, 1024px\" srcset=\"https:\/\/diariosocialrd.com\/wp-content\/uploads\/2025\/01\/El-Carnaval-de-Punta-Cana-celebrara-su-16ta.-edicion-el-ultimo-sabado-de-febrero-2-1024x717.jpg 1024w, https:\/\/diariosocialrd.com\/wp-content\/uploads\/2025\/01\/El-Carnaval-de-Punta-Cana-celebrara-su-16ta.-edicion-el-ultimo-sabado-de-febrero-2-300x210.jpg 300w, https:\/\/diariosocialrd.com\/wp-content\/uploads\/2025\/01\/El-Carnaval-de-Punta-Cana-celebrara-su-16ta.-edicion-el-ultimo-sabado-de-febrero-2-768x538.jpg 768w, https:\/\/diariosocialrd.com\/wp-content\/uploads\/2025\/01\/El-Carnaval-de-Punta-Cana-celebrara-su-16ta.-edicion-el-ultimo-sabado-de-febrero-2-1170x819.jpg 1170w, https:\/\/diariosocialrd.com\/wp-content\/uploads\/2025\/01\/El-Carnaval-de-Punta-Cana-celebrara-su-16ta.-edicion-el-ultimo-sabado-de-febrero-2-585x410.jpg 585w, https:\/\/diariosocialrd.com\/wp-content\/uploads\/2025\/01\/El-Carnaval-de-Punta-Cana-celebrara-su-16ta.-edicion-el-ultimo-sabado-de-febrero-2.jpg 1400w\" alt=\"\" width=\"1024\" height=\"717\" \/><\/a><\/figure>\n<p><strong>Grupo Puntacana<\/strong><\/p>\n<p>Grupo Puntacana es pionero en el turismo sostenible en la regi\u00f3n y celebra\u00a0<strong>55 a\u00f1os<\/strong>\u00a0de haber iniciado su misi\u00f3n de crear una comunidad tur\u00edstica que respeta la naturaleza e impulsa la responsabilidad social. El grupo ha sido fundamental en el desarrollo de destinos tur\u00edsticos en la regi\u00f3n Este de la Rep\u00fablica Dominicana.<\/p>\n<p><strong>Sobre el Carnaval de Punta Cana<\/strong><\/p>\n<p>El Carnaval de Punta Cana, nacido en 2008 como una iniciativa de\u00a0<strong>Grupo Puntacana<\/strong>, busca promover las tradiciones folcl\u00f3ricas de la Rep\u00fablica Dominicana y de otros pa\u00edses. Entre sus comparsas m\u00e1s emblem\u00e1ticas se encuentra\u00a0<strong>Las Musas de Punta Cana<\/strong>, un grupo de damas locales que dise\u00f1an anualmente trajes carnavalescos representando temas de la cultura dominicana. Tambi\u00e9n participan otras comparsas, como la del\u00a0<strong>Puntacana International School (PCIS)<\/strong>, que simboliza temas relacionados con el medio ambiente y la cultura nacional, y la comparsa\u00a0<strong>Los Tres Caras<\/strong>, protectores de Las Musas.<\/p>\n<p>El\u00a0<strong>Carnaval de Punta Cana 2025<\/strong>\u00a0promete ser una gran fiesta cultural llena de m\u00fasica, color, y tradici\u00f3n, en un evento accesible y gratuito para el p\u00fablico general.<\/p>\n","protected":false},"excerpt":{"rendered":"<p>El\u00a0Carnaval de Punta Cana 2025\u00a0se celebrar\u00e1 el\u00a0s\u00e1bado 22 de febrero, en el Boulevard 1ro. de noviembre de\u00a0The Village Puntacana. Este evento se ha consolidado como uno de los m\u00e1s esperados&hellip; <\/p>\n","protected":false},"author":2,"featured_media":64115,"comment_status":"closed","ping_status":"closed","sticky":false,"template":"","format":"standard","meta":{"fifu_image_url":"","fifu_image_alt":"","footnotes":""},"categories":[148],"tags":[],"class_list":["post-64114","post","type-post","status-publish","format-standard","has-post-thumbnail","hentry","category-cultura"],"_links":{"self":[{"href":"https:\/\/elmundodelosnegocios.com.do\/v1\/wp-json\/wp\/v2\/posts\/64114","targetHints":{"allow":["GET"]}}],"collection":[{"href":"https:\/\/elmundodelosnegocios.com.do\/v1\/wp-json\/wp\/v2\/posts"}],"about":[{"href":"https:\/\/elmundodelosnegocios.com.do\/v1\/wp-json\/wp\/v2\/types\/post"}],"author":[{"embeddable":true,"href":"https:\/\/elmundodelosnegocios.com.do\/v1\/wp-json\/wp\/v2\/users\/2"}],"replies":[{"embeddable":true,"href":"https:\/\/elmundodelosnegocios.com.do\/v1\/wp-json\/wp\/v2\/comments?post=64114"}],"version-history":[{"count":1,"href":"https:\/\/elmundodelosnegocios.com.do\/v1\/wp-json\/wp\/v2\/posts\/64114\/revisions"}],"predecessor-version":[{"id":64116,"href":"https:\/\/elmundodelosnegocios.com.do\/v1\/wp-json\/wp\/v2\/posts\/64114\/revisions\/64116"}],"wp:featuredmedia":[{"embeddable":true,"href":"https:\/\/elmundodelosnegocios.com.do\/v1\/wp-json\/wp\/v2\/media\/64115"}],"wp:attachment":[{"href":"https:\/\/elmundodelosnegocios.com.do\/v1\/wp-json\/wp\/v2\/media?parent=64114"}],"wp:term":[{"taxonomy":"category","embeddable":true,"href":"https:\/\/elmundodelosnegocios.com.do\/v1\/wp-json\/wp\/v2\/categories?post=64114"},{"taxonomy":"post_tag","embeddable":true,"href":"https:\/\/elmundodelosnegocios.com.do\/v1\/wp-json\/wp\/v2\/tags?post=64114"}],"curies":[{"name":"wp","href":"https:\/\/api.w.org\/{rel}","templated":true}]}}