{"id":64226,"date":"2025-02-10T14:19:06","date_gmt":"2025-02-10T18:49:06","guid":{"rendered":"https:\/\/www.elmundodelosnegocios.com.do\/v1\/?p=64226"},"modified":"2025-02-10T14:19:06","modified_gmt":"2025-02-10T18:49:06","slug":"registraron-productos-belleza-mas-us2-millones-en-intenciones-negocios-en-expo","status":"publish","type":"post","link":"https:\/\/elmundodelosnegocios.com.do\/v1\/registraron-productos-belleza-mas-us2-millones-en-intenciones-negocios-en-expo\/","title":{"rendered":"Registraron productos belleza m\u00e1s US$2 millones en intenciones negocios en expo"},"content":{"rendered":"<p><b>Miami, Fl<\/b>. Febrero 2025.- Una robusta representaci\u00f3n de 16 marcas lider\u00f3 la participaci\u00f3n de Rep\u00fablica Dominicana en la segunda edici\u00f3n de Cosmoprof North Am\u00e9rica Miami con el apoyo del Centro de Exportaci\u00f3n e Inversi\u00f3n de la Rep\u00fablica Dominicana (ProDominicana) en la destacada feria comercial realizada en el Miami Beach Convention Center, Miami, Florida.<\/p>\n<p><a href=\"http:\/\/elmundodelosnegocios.com.do\/v1\/wp-content\/uploads\/2025\/02\/Foto-principal.jpeg\"><img loading=\"lazy\" decoding=\"async\" class=\"aligncenter size-full wp-image-64227\" src=\"http:\/\/elmundodelosnegocios.com.do\/v1\/wp-content\/uploads\/2025\/02\/Foto-principal.jpeg\" alt=\"\" width=\"1600\" height=\"1067\" srcset=\"https:\/\/elmundodelosnegocios.com.do\/v1\/wp-content\/uploads\/2025\/02\/Foto-principal.jpeg 1600w, https:\/\/elmundodelosnegocios.com.do\/v1\/wp-content\/uploads\/2025\/02\/Foto-principal-300x200.jpeg 300w, https:\/\/elmundodelosnegocios.com.do\/v1\/wp-content\/uploads\/2025\/02\/Foto-principal-1024x683.jpeg 1024w, https:\/\/elmundodelosnegocios.com.do\/v1\/wp-content\/uploads\/2025\/02\/Foto-principal-768x512.jpeg 768w, https:\/\/elmundodelosnegocios.com.do\/v1\/wp-content\/uploads\/2025\/02\/Foto-principal-1536x1024.jpeg 1536w\" sizes=\"auto, (max-width: 1600px) 100vw, 1600px\" \/><\/a><\/p>\n<p>Este evento re\u00fane a profesionales de diversas categor\u00edas de belleza, incluyendo cuidado de la piel, maquillaje, fragancias, productos para el cabello y u\u00f1as, entre otros. Adem\u00e1s, ofrece una plataforma para explorar las \u00faltimas tendencias, conectar con l\u00edderes de la industria y descubrir soluciones innovadoras para el negocio.<\/p>\n<p><a href=\"http:\/\/elmundodelosnegocios.com.do\/v1\/wp-content\/uploads\/2025\/02\/Stand-Republica-Dominicana-scaled.jpeg\"><img loading=\"lazy\" decoding=\"async\" class=\"aligncenter size-full wp-image-64228\" src=\"http:\/\/elmundodelosnegocios.com.do\/v1\/wp-content\/uploads\/2025\/02\/Stand-Republica-Dominicana-scaled.jpeg\" alt=\"\" width=\"2560\" height=\"1707\" srcset=\"https:\/\/elmundodelosnegocios.com.do\/v1\/wp-content\/uploads\/2025\/02\/Stand-Republica-Dominicana-scaled.jpeg 2560w, https:\/\/elmundodelosnegocios.com.do\/v1\/wp-content\/uploads\/2025\/02\/Stand-Republica-Dominicana-300x200.jpeg 300w, https:\/\/elmundodelosnegocios.com.do\/v1\/wp-content\/uploads\/2025\/02\/Stand-Republica-Dominicana-1024x683.jpeg 1024w, https:\/\/elmundodelosnegocios.com.do\/v1\/wp-content\/uploads\/2025\/02\/Stand-Republica-Dominicana-768x512.jpeg 768w, https:\/\/elmundodelosnegocios.com.do\/v1\/wp-content\/uploads\/2025\/02\/Stand-Republica-Dominicana-1536x1024.jpeg 1536w\" sizes=\"auto, (max-width: 2560px) 100vw, 2560px\" \/><\/a><\/p>\n<p>En ese sentido, la directora ejecutiva de ProDominicana, Biviana Riveiro expres\u00f3 que desde la instituci\u00f3n todo el equipo contin\u00faa trabajando para seguir posicionando los productos de bellezas dominicanos en mercados internacionales. \u201cLa calidad de nuestros productos hace que en la actualidad contemos con 313 exportadores de estos rubros que exportan a 62 mercados para un total 26 productos diferentes\u201d, asegur\u00f3.<\/p>\n<p>Riveiro inform\u00f3 que el valor exportado de US$115.3 millones en 2024, equivalente a un crecimiento interanual de un 6.4%. Indic\u00f3 que los principales destinos son: Estados Unidos (US$52.5 millones), Colombia US$30.3 millones y Ecuador con US$7.4 millones. Estos productos son exportados principalmente a trav\u00e9s del r\u00e9gimen Zonas Francas US$76.5 millones y Nacional US$38.8 millones.<\/p>\n<p>Los pabellones de Cuidado de la Piel y Cuidado del Cabello exhibieron productos de alta calidad e innovaci\u00f3n con estas 16 marcas dominicanas participantes: Camilo Labs, Deya by dewi pe\u00f1a, Inversiones &amp; Negocios SA, Capilo, Maka Capillary Health, Sabelle Cosmetics, Laboratorios Lemuel, Libertt Internacional, Laboratorios Dr. Collado S.A, Sarise Cosm\u00e9tica, Halka Industrial SRL, Moringaia, Avacare, Megax Business, Love You Mucho y Orgliz.<\/p>\n","protected":false},"excerpt":{"rendered":"<p>Miami, Fl. Febrero 2025.- Una robusta representaci\u00f3n de 16 marcas lider\u00f3 la participaci\u00f3n de Rep\u00fablica Dominicana en la segunda edici\u00f3n de Cosmoprof North Am\u00e9rica Miami con el apoyo del Centro&hellip; <\/p>\n","protected":false},"author":2,"featured_media":64227,"comment_status":"closed","ping_status":"closed","sticky":false,"template":"","format":"standard","meta":{"fifu_image_url":"","fifu_image_alt":"","footnotes":""},"categories":[74],"tags":[],"class_list":["post-64226","post","type-post","status-publish","format-standard","has-post-thumbnail","hentry","category-comercio-internacional"],"_links":{"self":[{"href":"https:\/\/elmundodelosnegocios.com.do\/v1\/wp-json\/wp\/v2\/posts\/64226","targetHints":{"allow":["GET"]}}],"collection":[{"href":"https:\/\/elmundodelosnegocios.com.do\/v1\/wp-json\/wp\/v2\/posts"}],"about":[{"href":"https:\/\/elmundodelosnegocios.com.do\/v1\/wp-json\/wp\/v2\/types\/post"}],"author":[{"embeddable":true,"href":"https:\/\/elmundodelosnegocios.com.do\/v1\/wp-json\/wp\/v2\/users\/2"}],"replies":[{"embeddable":true,"href":"https:\/\/elmundodelosnegocios.com.do\/v1\/wp-json\/wp\/v2\/comments?post=64226"}],"version-history":[{"count":1,"href":"https:\/\/elmundodelosnegocios.com.do\/v1\/wp-json\/wp\/v2\/posts\/64226\/revisions"}],"predecessor-version":[{"id":64229,"href":"https:\/\/elmundodelosnegocios.com.do\/v1\/wp-json\/wp\/v2\/posts\/64226\/revisions\/64229"}],"wp:featuredmedia":[{"embeddable":true,"href":"https:\/\/elmundodelosnegocios.com.do\/v1\/wp-json\/wp\/v2\/media\/64227"}],"wp:attachment":[{"href":"https:\/\/elmundodelosnegocios.com.do\/v1\/wp-json\/wp\/v2\/media?parent=64226"}],"wp:term":[{"taxonomy":"category","embeddable":true,"href":"https:\/\/elmundodelosnegocios.com.do\/v1\/wp-json\/wp\/v2\/categories?post=64226"},{"taxonomy":"post_tag","embeddable":true,"href":"https:\/\/elmundodelosnegocios.com.do\/v1\/wp-json\/wp\/v2\/tags?post=64226"}],"curies":[{"name":"wp","href":"https:\/\/api.w.org\/{rel}","templated":true}]}}