{"id":64230,"date":"2025-02-10T15:00:14","date_gmt":"2025-02-10T19:30:14","guid":{"rendered":"https:\/\/www.elmundodelosnegocios.com.do\/v1\/?p=64230"},"modified":"2025-02-10T15:00:14","modified_gmt":"2025-02-10T19:30:14","slug":"fortalecen-consulados-mexico-republica-dominicana-y-colombia-vinculos-comerciales-con-la-florida-en-2do-latam-trade-show-orlando","status":"publish","type":"post","link":"https:\/\/elmundodelosnegocios.com.do\/v1\/fortalecen-consulados-mexico-republica-dominicana-y-colombia-vinculos-comerciales-con-la-florida-en-2do-latam-trade-show-orlando\/","title":{"rendered":"Fortalecen Consulados M\u00e9xico, Rep\u00fablica Dominicana, y Colombia v\u00ednculos comerciales con la Florida en 2do Latam Trade Show Orlando"},"content":{"rendered":"<p>Orlando, Florida.Febrero 2025.- Con el objetivo de fortalecer los lazos comerciales entre Latinoam\u00e9rica y el estado de la Florida, los consulados de M\u00e9xico, Rep\u00fablica Dominicana y Colombia informan a la comunidad empresarial y a los interesados sobre los avances en la organizaci\u00f3n de la segunda edici\u00f3n del Latam Trade Show Orlando &amp; Port Tampa Bay, que se llevar\u00e1 a cabo los d\u00edas 11, 12 y 13 de febrero de 2025.<\/p>\n<p><a href=\"http:\/\/elmundodelosnegocios.com.do\/v1\/wp-content\/uploads\/2025\/02\/0a.jpg\"><img loading=\"lazy\" decoding=\"async\" class=\"aligncenter size-full wp-image-64232\" src=\"http:\/\/elmundodelosnegocios.com.do\/v1\/wp-content\/uploads\/2025\/02\/0a.jpg\" alt=\"\" width=\"989\" height=\"556\" srcset=\"https:\/\/elmundodelosnegocios.com.do\/v1\/wp-content\/uploads\/2025\/02\/0a.jpg 989w, https:\/\/elmundodelosnegocios.com.do\/v1\/wp-content\/uploads\/2025\/02\/0a-300x169.jpg 300w, https:\/\/elmundodelosnegocios.com.do\/v1\/wp-content\/uploads\/2025\/02\/0a-768x432.jpg 768w\" sizes=\"auto, (max-width: 989px) 100vw, 989px\" \/><\/a><\/p>\n<p>La organizaci\u00f3n del evento ha tenido una respuesta altamente favorable, con cerca de 180 empresas registradas, lo que demuestra el gran inter\u00e9s y potencial de crecimiento comercial en esta iniciativa. Se espera la realizaci\u00f3n de m\u00e1s de 140 reuniones de negocios B2B entre las empresas participantes.<\/p>\n<p>Durante una conferencia de prensa, los c\u00f3nsules generales Juan Sabines Guerrero (M\u00e9xico), Francisco Holi Matos (Rep\u00fablica Dominicana) y C\u00e9sar F. Gonz\u00e1lez (Colombia) resaltaron la importancia de esta alianza para potenciar la diversidad y el crecimiento econ\u00f3mico en la regi\u00f3n.<\/p>\n<p>Este evento ha demostrado ser una plataforma clave para el intercambio de bienes y servicios con el mercado de Estados Unidos.<\/p>\n<p>En su primera edici\u00f3n, logr\u00f3 precontratos de compra por m\u00e1s de 28 millones de d\u00f3lares y facilit\u00f3 la firma de m\u00e1s de 60 acuerdos de comercializaci\u00f3n estrat\u00e9gica. Para esta segunda edici\u00f3n, la meta es a\u00fan m\u00e1s ambiciosa: alcanzar los 50 millones de d\u00f3lares en negociaciones. Su prop\u00f3sito es destacar las oportunidades de negocio y crecimiento que ofrece este espacio de conexi\u00f3n comercial, as\u00ed como los avances logrados en su organizaci\u00f3n y lo que se espera en esta nueva edici\u00f3n.<\/p>\n<p>El evento contar\u00e1 con la presencia de importantes figuras gubernamentales y empresariales. Desde M\u00e9xico, han confirmado su asistencia la Gobernadora del estado de Aguascalientes, 5 Secretarios de Comercio de distintos estados, 3 Diputados Federales, Comitiva del Consejo Coordinador Empresarial (m\u00e1ximo organismo empresarial), Comitiva CANACINTRA y COMCE (Comit\u00e9 Agroalimentario), el presidente del Consejo Regulador del Tequila y Directores de los Aeropuertos de Tulum, Quintana Roo y Tuxtla Guti\u00e9rrez, Chiapas.<\/p>\n<p>Por parte de Rep\u00fablica Dominicana, la delegaci\u00f3n estar\u00e1 integrada por Francisco Garc\u00eda, Director General del Instituto Agrario Dominicano (IAD); Raiza Rodr\u00edguez, Representante Comercial de PRO DOMINICANA en Nueva York; Yanina Torres, C\u00f3nsul General de la Rep\u00fablica Dominicana en Houston, Texas y Leidy Rosario, C\u00f3nsul General de la Rep\u00fablica Dominicana en Nueva Orleans.<\/p>\n<p>De Colombia asistir\u00e1n el Secretario de Desarrollo Econ\u00f3mico de Barranquilla, delegados de c\u00e1maras y comercio y directora de Procolombia.<\/p>\n<p>Sobre el evento y el proceso de conexi\u00f3n comercial El 11 de febrero estar\u00e1 enfocado en el intercambio de informaci\u00f3n estrat\u00e9gica.<\/p>\n<p>Durante esta jornada, empresarios estadounidenses compartir\u00e1n conocimientos sobre c\u00f3mo hacer negocios con los pa\u00edses participantes, mientras que representantes gubernamentales y empresarios latinoamericanos analizar\u00e1n las mejores estrategias para hacer negocios en Estados Unidos.<\/p>\n<p>Adem\u00e1s, habr\u00e1 sesiones educativas y de orientaci\u00f3n sobre los procesos clave para establecer relaciones comerciales exitosas, destacando el papel fundamental del gobierno en la organizaci\u00f3n y facilitaci\u00f3n de estas oportunidades.<\/p>\n<p>El Latam Trade Show Orlando &amp; Port Tampa Bay se llevar\u00e1 a cabo en dos sedes: Dr. Phillips Academic Commons en Orlando y en el puerto de Tampa Bay. Las reuniones de negocios ser\u00e1n en los sectores de agroindustria, alimentos preparados, productos procesados, bebidas alcoh\u00f3licas y no alcoh\u00f3licas.<\/p>\n<p>Su objetivo es crear v\u00ednculos de exportaci\u00f3n hacia Florida y fortalecer el comercio bilateral. Tambi\u00e9n se ofrecer\u00e1n oportunidades para encontrar proveedores de tecnolog\u00eda, maquinaria industrial y autopartes en Florida para empresas de M\u00e9xico, Colombia y Rep\u00fablica Dominicana.<\/p>\n<p>Adem\u00e1s, el evento contar\u00e1 con la participaci\u00f3n de 40 empresas distribuidoras, entre ellas reconocidas cadenas de supermercados como Publix, Walmart, Winn Dixie, Sedano\u2019s y Bravo Supermarkets.<\/p>\n<p>Para optimizar la conexi\u00f3n comercial, se implementar\u00e1 el siguiente proceso: Los expositores recibir\u00e1n agendas de negocios personalizadas. Cada reuni\u00f3n de negocios tendr\u00e1 una duraci\u00f3n de 20 minutos.<\/p>\n<p>Participar\u00e1n cerca de 180 empresas invitadas de M\u00e9xico, Colombia y Rep\u00fablica Dominicana, junto con 40 empresas distribuidoras de Florida. Con estas estrategias y alianzas, la segunda edici\u00f3n del Latam Trade Show Orlando &amp; Port Tampa Bay se consolida como un evento clave para el crecimiento econ\u00f3mico de Latinoam\u00e9rica y su integraci\u00f3n en el mercado estadounidense.<\/p>\n<p><a href=\"http:\/\/elmundodelosnegocios.com.do\/v1\/wp-content\/uploads\/2025\/02\/0.jpg\"><img loading=\"lazy\" decoding=\"async\" class=\"aligncenter size-full wp-image-64231\" src=\"http:\/\/elmundodelosnegocios.com.do\/v1\/wp-content\/uploads\/2025\/02\/0.jpg\" alt=\"\" width=\"989\" height=\"1280\" srcset=\"https:\/\/elmundodelosnegocios.com.do\/v1\/wp-content\/uploads\/2025\/02\/0.jpg 989w, https:\/\/elmundodelosnegocios.com.do\/v1\/wp-content\/uploads\/2025\/02\/0-232x300.jpg 232w, https:\/\/elmundodelosnegocios.com.do\/v1\/wp-content\/uploads\/2025\/02\/0-791x1024.jpg 791w, https:\/\/elmundodelosnegocios.com.do\/v1\/wp-content\/uploads\/2025\/02\/0-768x994.jpg 768w\" sizes=\"auto, (max-width: 989px) 100vw, 989px\" \/><\/a><\/p>\n","protected":false},"excerpt":{"rendered":"<p>Orlando, Florida.Febrero 2025.- Con el objetivo de fortalecer los lazos comerciales entre Latinoam\u00e9rica y el estado de la Florida, los consulados de M\u00e9xico, Rep\u00fablica Dominicana y Colombia informan a la&hellip; <\/p>\n","protected":false},"author":2,"featured_media":64232,"comment_status":"closed","ping_status":"closed","sticky":false,"template":"","format":"standard","meta":{"fifu_image_url":"","fifu_image_alt":"","footnotes":""},"categories":[74],"tags":[],"class_list":["post-64230","post","type-post","status-publish","format-standard","has-post-thumbnail","hentry","category-comercio-internacional"],"_links":{"self":[{"href":"https:\/\/elmundodelosnegocios.com.do\/v1\/wp-json\/wp\/v2\/posts\/64230","targetHints":{"allow":["GET"]}}],"collection":[{"href":"https:\/\/elmundodelosnegocios.com.do\/v1\/wp-json\/wp\/v2\/posts"}],"about":[{"href":"https:\/\/elmundodelosnegocios.com.do\/v1\/wp-json\/wp\/v2\/types\/post"}],"author":[{"embeddable":true,"href":"https:\/\/elmundodelosnegocios.com.do\/v1\/wp-json\/wp\/v2\/users\/2"}],"replies":[{"embeddable":true,"href":"https:\/\/elmundodelosnegocios.com.do\/v1\/wp-json\/wp\/v2\/comments?post=64230"}],"version-history":[{"count":1,"href":"https:\/\/elmundodelosnegocios.com.do\/v1\/wp-json\/wp\/v2\/posts\/64230\/revisions"}],"predecessor-version":[{"id":64233,"href":"https:\/\/elmundodelosnegocios.com.do\/v1\/wp-json\/wp\/v2\/posts\/64230\/revisions\/64233"}],"wp:featuredmedia":[{"embeddable":true,"href":"https:\/\/elmundodelosnegocios.com.do\/v1\/wp-json\/wp\/v2\/media\/64232"}],"wp:attachment":[{"href":"https:\/\/elmundodelosnegocios.com.do\/v1\/wp-json\/wp\/v2\/media?parent=64230"}],"wp:term":[{"taxonomy":"category","embeddable":true,"href":"https:\/\/elmundodelosnegocios.com.do\/v1\/wp-json\/wp\/v2\/categories?post=64230"},{"taxonomy":"post_tag","embeddable":true,"href":"https:\/\/elmundodelosnegocios.com.do\/v1\/wp-json\/wp\/v2\/tags?post=64230"}],"curies":[{"name":"wp","href":"https:\/\/api.w.org\/{rel}","templated":true}]}}