{"id":64429,"date":"2025-03-05T19:01:59","date_gmt":"2025-03-05T23:31:59","guid":{"rendered":"https:\/\/www.elmundodelosnegocios.com.do\/v1\/?p=64429"},"modified":"2025-03-05T19:01:59","modified_gmt":"2025-03-05T23:31:59","slug":"air-century-afianza-su-compromiso-con-el-caribe-en-anato-2025","status":"publish","type":"post","link":"https:\/\/elmundodelosnegocios.com.do\/v1\/air-century-afianza-su-compromiso-con-el-caribe-en-anato-2025\/","title":{"rendered":"Air Century afianza su compromiso con el Caribe en ANATO 2025"},"content":{"rendered":"<p><em>La participaci\u00f3n en eventos como la Feria ANATO reafirma su liderazgo en la conectividad a\u00e9rea del Caribe.<\/em><\/p>\n<p><strong>Santo Domingo, marzo de de 202<\/strong><strong>5\u00a0\u2013\u00a0<\/strong>La aerol\u00ednea dominicana Air Century, participa\u00a0con \u00e9xito en la Feria ANATO 2025,\u00a0que se celebra\u00a0en Bogot\u00e1, Colombia. Este evento emblem\u00e1tico, organizado por la Asociaci\u00f3n Colombiana de Agencias de Viaje y Turismo (ANATO), ha servido como un escenario oportuno para promover y fortalecer los lazos comerciales y tur\u00edsticos entre Rep\u00fablica Dominicana y Colombia.<\/p>\n<figure id=\"attachment_64430\" aria-describedby=\"caption-attachment-64430\" style=\"width: 1170px\" class=\"wp-caption aligncenter\"><a href=\"http:\/\/elmundodelosnegocios.com.do\/v1\/wp-content\/uploads\/2025\/03\/Foto-Principal-Hector-Hernandez-David-Collado-y-Farah-Kasse-1170x1755-1.jpg\"><img loading=\"lazy\" decoding=\"async\" class=\"size-full wp-image-64430\" src=\"http:\/\/elmundodelosnegocios.com.do\/v1\/wp-content\/uploads\/2025\/03\/Foto-Principal-Hector-Hernandez-David-Collado-y-Farah-Kasse-1170x1755-1.jpg\" alt=\"Hector Hernandez, David Collado y Farah Kasse\" width=\"1170\" height=\"658\" srcset=\"https:\/\/elmundodelosnegocios.com.do\/v1\/wp-content\/uploads\/2025\/03\/Foto-Principal-Hector-Hernandez-David-Collado-y-Farah-Kasse-1170x1755-1.jpg 1170w, https:\/\/elmundodelosnegocios.com.do\/v1\/wp-content\/uploads\/2025\/03\/Foto-Principal-Hector-Hernandez-David-Collado-y-Farah-Kasse-1170x1755-1-300x169.jpg 300w, https:\/\/elmundodelosnegocios.com.do\/v1\/wp-content\/uploads\/2025\/03\/Foto-Principal-Hector-Hernandez-David-Collado-y-Farah-Kasse-1170x1755-1-1024x576.jpg 1024w, https:\/\/elmundodelosnegocios.com.do\/v1\/wp-content\/uploads\/2025\/03\/Foto-Principal-Hector-Hernandez-David-Collado-y-Farah-Kasse-1170x1755-1-768x432.jpg 768w\" sizes=\"auto, (max-width: 1170px) 100vw, 1170px\" \/><\/a><figcaption id=\"caption-attachment-64430\" class=\"wp-caption-text\">Hector Hernandez, David Collado y Farah Kasse<\/figcaption><\/figure>\n<p>ANATO\u00a0es una de las ferias de turismo m\u00e1s importantes de Am\u00e9rica Latina, reuniendo a aerol\u00edneas, agencias de viajes y actores clave de la industria para fomentar alianzas estrat\u00e9gicas y el crecimiento del sector.<\/p>\n<p>\u201c<em>Air Century mantiene su misi\u00f3n constante de fortalecer la conectividad a\u00e9rea de la regi\u00f3n, ofreciendo a nuestros clientes y aliados nuevas conexiones y beneficios para una experiencia de viaje inigualable<\/em>\u201d, expres\u00f3 el Sr. Hector Hern\u00e1ndez, director comercial de Air Century.<\/p>\n<p>La presencia de Air Century en la Feria ANATO 2025\u00a0reafirma\u00a0el compromiso continuo de la aerol\u00ednea con el desarrollo del turismo regional y la promoci\u00f3n de la conectividad a\u00e9rea entre ambos pa\u00edses y el Caribe.<\/p>\n<p>Durante el evento, representantes de Air Century se\u00a0reunieron\u00a0con agentes de viajes, tour operadores y autoridades del sector para explorar nuevas oportunidades de colaboraci\u00f3n y discutir sobre la expansi\u00f3n de rutas y servicios.<\/p>\n<p><strong>Acerca de Air Century<\/strong><\/p>\n<p>Empresa de transporte a\u00e9reo local e internacional fundada en Santo Domingo, Rep\u00fablica Dominicana en marzo de 1992. Sirve vuelos regulares desde los aeropuertos Internacionales La Isabela y Punta Cana a La Habana y Santiago de Cuba, Puerto Pr\u00edncipe, Hait\u00ed, Cura\u00e7ao, Aruba, Sint Marteen, Cartagena, Colombia y charters a todo el mundo. Para m\u00e1s informaci\u00f3n, visite\u00a0<a href=\"http:\/\/www.aircentury.com\/\" target=\"_blank\" rel=\"noreferrer noopener\">www.aircentury.com<\/a><\/p>\n","protected":false},"excerpt":{"rendered":"<p>La participaci\u00f3n en eventos como la Feria ANATO reafirma su liderazgo en la conectividad a\u00e9rea del Caribe. Santo Domingo, marzo de de 2025\u00a0\u2013\u00a0La aerol\u00ednea dominicana Air Century, participa\u00a0con \u00e9xito en&hellip; <\/p>\n","protected":false},"author":2,"featured_media":64430,"comment_status":"closed","ping_status":"closed","sticky":false,"template":"","format":"standard","meta":{"fifu_image_url":"","fifu_image_alt":"","footnotes":""},"categories":[271],"tags":[],"class_list":["post-64429","post","type-post","status-publish","format-standard","has-post-thumbnail","hentry","category-aaerolineas"],"_links":{"self":[{"href":"https:\/\/elmundodelosnegocios.com.do\/v1\/wp-json\/wp\/v2\/posts\/64429","targetHints":{"allow":["GET"]}}],"collection":[{"href":"https:\/\/elmundodelosnegocios.com.do\/v1\/wp-json\/wp\/v2\/posts"}],"about":[{"href":"https:\/\/elmundodelosnegocios.com.do\/v1\/wp-json\/wp\/v2\/types\/post"}],"author":[{"embeddable":true,"href":"https:\/\/elmundodelosnegocios.com.do\/v1\/wp-json\/wp\/v2\/users\/2"}],"replies":[{"embeddable":true,"href":"https:\/\/elmundodelosnegocios.com.do\/v1\/wp-json\/wp\/v2\/comments?post=64429"}],"version-history":[{"count":1,"href":"https:\/\/elmundodelosnegocios.com.do\/v1\/wp-json\/wp\/v2\/posts\/64429\/revisions"}],"predecessor-version":[{"id":64431,"href":"https:\/\/elmundodelosnegocios.com.do\/v1\/wp-json\/wp\/v2\/posts\/64429\/revisions\/64431"}],"wp:featuredmedia":[{"embeddable":true,"href":"https:\/\/elmundodelosnegocios.com.do\/v1\/wp-json\/wp\/v2\/media\/64430"}],"wp:attachment":[{"href":"https:\/\/elmundodelosnegocios.com.do\/v1\/wp-json\/wp\/v2\/media?parent=64429"}],"wp:term":[{"taxonomy":"category","embeddable":true,"href":"https:\/\/elmundodelosnegocios.com.do\/v1\/wp-json\/wp\/v2\/categories?post=64429"},{"taxonomy":"post_tag","embeddable":true,"href":"https:\/\/elmundodelosnegocios.com.do\/v1\/wp-json\/wp\/v2\/tags?post=64429"}],"curies":[{"name":"wp","href":"https:\/\/api.w.org\/{rel}","templated":true}]}}