{"id":64440,"date":"2025-03-06T10:52:51","date_gmt":"2025-03-06T15:22:51","guid":{"rendered":"https:\/\/www.elmundodelosnegocios.com.do\/v1\/?p=64440"},"modified":"2025-03-06T10:52:51","modified_gmt":"2025-03-06T15:22:51","slug":"relanza-adoexpo-instituto-del-exportador-para-fortalecer-sector","status":"publish","type":"post","link":"https:\/\/elmundodelosnegocios.com.do\/v1\/relanza-adoexpo-instituto-del-exportador-para-fortalecer-sector\/","title":{"rendered":"Relanza ADOEXPO Instituto del Exportador para fortalecer sector"},"content":{"rendered":"<div><b>Santo Domingo, D.N.-<\/b>\u00a0La Asociaci\u00f3n Dominicana de Exportadores (Adoexpo) anunci\u00f3 el relanzamiento del Instituto Dominicano del Exportador (IDEX), una iniciativa destinada a fortalecer la competitividad y el crecimiento de ese sector productivo en el pa\u00eds.<\/div>\n<div>\n<figure id=\"attachment_64442\" aria-describedby=\"caption-attachment-64442\" style=\"width: 284px\" class=\"wp-caption alignleft\"><a href=\"http:\/\/elmundodelosnegocios.com.do\/v1\/wp-content\/uploads\/2025\/03\/Foto-2-La-vicepresidenta-ejecutiva-de-ADOEXPO-Roselyn-Amaro-Berges.jpeg\"><img loading=\"lazy\" decoding=\"async\" class=\" wp-image-64442\" src=\"http:\/\/elmundodelosnegocios.com.do\/v1\/wp-content\/uploads\/2025\/03\/Foto-2-La-vicepresidenta-ejecutiva-de-ADOEXPO-Roselyn-Amaro-Berges.jpeg\" alt=\"La vicepresidente ejecutiva de Adoexpo, Roselyn Amaro Berg\u00e9s.\" width=\"284\" height=\"284\" srcset=\"https:\/\/elmundodelosnegocios.com.do\/v1\/wp-content\/uploads\/2025\/03\/Foto-2-La-vicepresidenta-ejecutiva-de-ADOEXPO-Roselyn-Amaro-Berges.jpeg 853w, https:\/\/elmundodelosnegocios.com.do\/v1\/wp-content\/uploads\/2025\/03\/Foto-2-La-vicepresidenta-ejecutiva-de-ADOEXPO-Roselyn-Amaro-Berges-300x300.jpeg 300w, https:\/\/elmundodelosnegocios.com.do\/v1\/wp-content\/uploads\/2025\/03\/Foto-2-La-vicepresidenta-ejecutiva-de-ADOEXPO-Roselyn-Amaro-Berges-150x150.jpeg 150w, https:\/\/elmundodelosnegocios.com.do\/v1\/wp-content\/uploads\/2025\/03\/Foto-2-La-vicepresidenta-ejecutiva-de-ADOEXPO-Roselyn-Amaro-Berges-768x768.jpeg 768w\" sizes=\"auto, (max-width: 284px) 100vw, 284px\" \/><\/a><figcaption id=\"caption-attachment-64442\" class=\"wp-caption-text\">La vicepresidente ejecutiva de Adoexpo, Roselyn Amaro Berg\u00e9s.<\/figcaption><\/figure>\n<\/div>\n<div><\/div>\n<div>La vicepresidente ejecutiva de Adoexpo, Roselyn Amaro Berg\u00e9s, explic\u00f3 que el IDEX ofrecer\u00e1 una plataforma de capacitaci\u00f3n renovada, con programas especializados dise\u00f1ados para potenciar el desarrollo de empresas y profesionales en el comercio internacional.<\/div>\n<div><\/div>\n<div>Se\u00f1al\u00f3 que la misi\u00f3n del IDEX es proveer servicios de formaci\u00f3n y capacitaci\u00f3n continua a la vanguardia de las necesidades de los exportadores, destacando que, como parte de este proceso de transformaci\u00f3n, han establecido alianzas estrat\u00e9gicas con prestigiosas universidades y centros de formaci\u00f3n, que garantizan un programa acad\u00e9mico de alto nivel que responde a las demandas del mercado global.<\/div>\n<div><\/div>\n<div>Amaro Berg\u00e9s precis\u00f3 la importancia que tendr\u00e1 el IDEX para el crecimiento de las exportaciones y el desarrollo competitivo de la Rep\u00fablica Dominicana, y se\u00f1al\u00f3 que \u201capostamos a la formaci\u00f3n como herramienta esencial para impulsar la internacionalizaci\u00f3n de nuestras empresas\u201d.<\/div>\n<div><\/div>\n<div>Agreg\u00f3 que entre las \u00e1reas de formaci\u00f3n que ser\u00e1n impartidas se destacan estrategias de internacionalizaci\u00f3n y acceso a mercados, normativas y regulaciones para exportaciones, innovaci\u00f3n y competitividad en el comercio exterior, log\u00edstica y cadena de suministro para exportadores, sostenibilidad y exportaciones verdes.<\/div>\n<div><\/div>\n<div>La vicepresidente ejecutiva de Adoexpo manifest\u00f3 que esa entidad ha puesto a disposici\u00f3n del p\u00fablico la oferta acad\u00e9mica del IDEX en su p\u00e1gina web\u00a0<a id=\"m_-386531555503458054OWA8dfd83ba-c699-9d32-bff7-5a4555790ca3\" href=\"http:\/\/adoexpo.org\/\" target=\"_blank\" rel=\"noopener\" data-saferedirecturl=\"https:\/\/www.google.com\/url?q=http:\/\/adoexpo.org&amp;source=gmail&amp;ust=1741360046623000&amp;usg=AOvVaw2FLsLZeTiYgKZW-jiMCmeN\">adoexpo.org<\/a>, y que pueden obtener m\u00e1s informaci\u00f3n en el correo electr\u00f3nico\u00a0<a id=\"m_-386531555503458054OWAa5279da7-3ad7-6eda-e901-ecf80471deb9\" href=\"mailto:idex@adoexpo.org\" target=\"_blank\" rel=\"noopener\">idex@adoexpo.org<\/a><\/div>\n","protected":false},"excerpt":{"rendered":"<p>Santo Domingo, D.N.-\u00a0La Asociaci\u00f3n Dominicana de Exportadores (Adoexpo) anunci\u00f3 el relanzamiento del Instituto Dominicano del Exportador (IDEX), una iniciativa destinada a fortalecer la competitividad y el crecimiento de ese sector&hellip; <\/p>\n","protected":false},"author":2,"featured_media":64441,"comment_status":"closed","ping_status":"closed","sticky":false,"template":"","format":"standard","meta":{"fifu_image_url":"","fifu_image_alt":"","footnotes":""},"categories":[74],"tags":[],"class_list":["post-64440","post","type-post","status-publish","format-standard","has-post-thumbnail","hentry","category-comercio-internacional"],"_links":{"self":[{"href":"https:\/\/elmundodelosnegocios.com.do\/v1\/wp-json\/wp\/v2\/posts\/64440","targetHints":{"allow":["GET"]}}],"collection":[{"href":"https:\/\/elmundodelosnegocios.com.do\/v1\/wp-json\/wp\/v2\/posts"}],"about":[{"href":"https:\/\/elmundodelosnegocios.com.do\/v1\/wp-json\/wp\/v2\/types\/post"}],"author":[{"embeddable":true,"href":"https:\/\/elmundodelosnegocios.com.do\/v1\/wp-json\/wp\/v2\/users\/2"}],"replies":[{"embeddable":true,"href":"https:\/\/elmundodelosnegocios.com.do\/v1\/wp-json\/wp\/v2\/comments?post=64440"}],"version-history":[{"count":1,"href":"https:\/\/elmundodelosnegocios.com.do\/v1\/wp-json\/wp\/v2\/posts\/64440\/revisions"}],"predecessor-version":[{"id":64443,"href":"https:\/\/elmundodelosnegocios.com.do\/v1\/wp-json\/wp\/v2\/posts\/64440\/revisions\/64443"}],"wp:featuredmedia":[{"embeddable":true,"href":"https:\/\/elmundodelosnegocios.com.do\/v1\/wp-json\/wp\/v2\/media\/64441"}],"wp:attachment":[{"href":"https:\/\/elmundodelosnegocios.com.do\/v1\/wp-json\/wp\/v2\/media?parent=64440"}],"wp:term":[{"taxonomy":"category","embeddable":true,"href":"https:\/\/elmundodelosnegocios.com.do\/v1\/wp-json\/wp\/v2\/categories?post=64440"},{"taxonomy":"post_tag","embeddable":true,"href":"https:\/\/elmundodelosnegocios.com.do\/v1\/wp-json\/wp\/v2\/tags?post=64440"}],"curies":[{"name":"wp","href":"https:\/\/api.w.org\/{rel}","templated":true}]}}