{"id":64481,"date":"2025-03-13T09:11:53","date_gmt":"2025-03-13T13:41:53","guid":{"rendered":"https:\/\/www.elmundodelosnegocios.com.do\/v1\/?p=64481"},"modified":"2025-03-13T09:11:53","modified_gmt":"2025-03-13T13:41:53","slug":"cesar-iglesias-reconoce-la-trayectoria-de-sus-colaboradores","status":"publish","type":"post","link":"https:\/\/elmundodelosnegocios.com.do\/v1\/cesar-iglesias-reconoce-la-trayectoria-de-sus-colaboradores\/","title":{"rendered":"C\u00e9sar Iglesias reconoce la trayectoria de sus colaboradores"},"content":{"rendered":"<p>San Pedro de Macor\u00eds.- Con el objetivo de honrar el compromiso y la dedicaci\u00f3n de su equipo, C\u00e9sar Iglesias celebr\u00f3 la primera edici\u00f3n de\u00a0<strong>\u2018<\/strong><strong>Legado\u2019<\/strong>, una actividad\u00a0especial en la que fueron reconocidos m\u00e1s de\u00a0<strong>300 colaboradores<\/strong>\u00a0con entre\u00a0cinco\u00a0y 30 a\u00f1os\u00a0de servicio en la organizaci\u00f3n.<\/p>\n<p><img loading=\"lazy\" decoding=\"async\" class=\"alignnone size-full\" src=\"https:\/\/diariosocialrd.com\/wp-content\/uploads\/2025\/03\/IMG_9141-scaled.jpg\" width=\"2560\" height=\"1707\" \/><\/p>\n<p>Adem\u00e1s, en esta ocasi\u00f3n especial, se otorg\u00f3 el\u00a0<strong>Premio a la Trayectoria<\/strong>\u00a0a cuatro destacados l\u00edderes de nuestra organizaci\u00f3n:\u00a0<strong>Luis Vel\u00e1squez, Pablo Anasag\u00e1sti, Francisco Liriano y Federico Castro<\/strong>. Su legado, visi\u00f3n y liderazgo han sido pilares fundamentales en el crecimiento y consolidaci\u00f3n de C\u00e9sar Iglesias, dejando una marca profunda en nuestra historia y en las generaciones de colaboradores que han tenido el privilegio de trabajar y aprender junto a ellos.<\/p>\n<p>Uno de los momentos m\u00e1s emotivos de la ceremonia fue la presentaci\u00f3n de un video con las palabras del\u00a0<strong>ingeniero<\/strong><strong>\u00a0Miguel Feris, presidente del Comit\u00e9 Ejecutivo<\/strong>, quien destac\u00f3 el esfuerzo de generaciones de colaboradores que han hecho de C\u00e9sar Iglesias una empresa l\u00edder:<\/p>\n<p>\u201c<em>Miles y miles de colaboradores han hecho de esta empresa su casa, su proyecto de vida. En su mayor\u00eda petromacorisanos, con ingenio, esfuerzo y determinaci\u00f3n, han mantenido viva esta organizaci\u00f3n a lo largo de m\u00e1s de un siglo, enfrentando desaf\u00edos como guerras mundiales, pandemias, crisis econ\u00f3micas y sociales, hasta convertirnos en lo que somos hoy: l\u00edderes nacionales y regionales. Ustedes son los l\u00edderes, los veteranos, los que nunca se han rendido. Son el ejemplo de entrega y persistencia que nos define\u201d.<\/em><\/p>\n<p><strong><em>Trabajo en equipo<\/em><\/strong><\/p>\n<p>El ingeniero\u00a0Jes\u00fas Feris dirigi\u00f3 unas palabras a los presentes, resaltando el valor de cada colaborador en el crecimiento de la empresa:\u00a0<em>\u201cSomos calidad de gente que progresa, porque tenemos a gente de calidad dirigiendo cada uno de nuestros procesos productivos.\u201d<\/em><\/p>\n<p>La actividad\u00a0\u2018Legado\u2019 reafirma el compromiso de C\u00e9sar Iglesias con el reconocimiento y bienestar de su equipo, fortaleciendo una cultura organizacional basada en la excelencia, la trayectoria y el sentido de pertenencia.<\/p>\n<p><strong>Sobre C\u00e9sar Iglesias<\/strong><\/p>\n<p>Fundada en\u00a0<strong>1910<\/strong>,\u00a0<strong>C\u00e9sar Iglesias<\/strong>\u00a0es una empresa dominicana con\u00a0<strong>115 a\u00f1os de historia<\/strong>, consolid\u00e1ndose como uno de los\u00a0<strong>mayores empleadores de San Pedro de Macor\u00eds y del pa\u00eds<\/strong>. Con una s\u00f3lida trayectoria en el desarrollo, comercializaci\u00f3n y distribuci\u00f3n de productos de alta calidad en categor\u00edas esenciales como\u00a0<strong>alimentaci\u00f3n, cuidado personal y cuidado del hogar<\/strong>, la empresa se ha ganado un lugar en los hogares dominicanos gracias a su compromiso con la\u00a0<strong>calidad, la innovaci\u00f3n y la responsabilidad social<\/strong>.<\/p>\n<p>Adem\u00e1s de su liderazgo en el mercado local,\u00a0<strong>C\u00e9sar Iglesias<\/strong>\u00a0lleva el sello dominicano al mundo, exportando sus productos a mercados internacionales y reafirmando su compromiso con el bienestar de las familias y el desarrollo sostenible.<\/p>\n","protected":false},"excerpt":{"rendered":"<p>San Pedro de Macor\u00eds.- Con el objetivo de honrar el compromiso y la dedicaci\u00f3n de su equipo, C\u00e9sar Iglesias celebr\u00f3 la primera edici\u00f3n de\u00a0\u2018Legado\u2019, una actividad\u00a0especial en la que fueron&hellip; <\/p>\n","protected":false},"author":2,"featured_media":64482,"comment_status":"closed","ping_status":"closed","sticky":false,"template":"","format":"standard","meta":{"fifu_image_url":"https:\/\/diariosocialrd.com\/wp-content\/uploads\/2025\/03\/IMG_9141-scaled.jpg","fifu_image_alt":"","footnotes":""},"categories":[151],"tags":[],"class_list":["post-64481","post","type-post","status-publish","format-standard","has-post-thumbnail","hentry","category-gerencia"],"_links":{"self":[{"href":"https:\/\/elmundodelosnegocios.com.do\/v1\/wp-json\/wp\/v2\/posts\/64481","targetHints":{"allow":["GET"]}}],"collection":[{"href":"https:\/\/elmundodelosnegocios.com.do\/v1\/wp-json\/wp\/v2\/posts"}],"about":[{"href":"https:\/\/elmundodelosnegocios.com.do\/v1\/wp-json\/wp\/v2\/types\/post"}],"author":[{"embeddable":true,"href":"https:\/\/elmundodelosnegocios.com.do\/v1\/wp-json\/wp\/v2\/users\/2"}],"replies":[{"embeddable":true,"href":"https:\/\/elmundodelosnegocios.com.do\/v1\/wp-json\/wp\/v2\/comments?post=64481"}],"version-history":[{"count":1,"href":"https:\/\/elmundodelosnegocios.com.do\/v1\/wp-json\/wp\/v2\/posts\/64481\/revisions"}],"predecessor-version":[{"id":64483,"href":"https:\/\/elmundodelosnegocios.com.do\/v1\/wp-json\/wp\/v2\/posts\/64481\/revisions\/64483"}],"wp:featuredmedia":[{"embeddable":true,"href":"https:\/\/elmundodelosnegocios.com.do\/v1\/wp-json\/wp\/v2\/media\/64482"}],"wp:attachment":[{"href":"https:\/\/elmundodelosnegocios.com.do\/v1\/wp-json\/wp\/v2\/media?parent=64481"}],"wp:term":[{"taxonomy":"category","embeddable":true,"href":"https:\/\/elmundodelosnegocios.com.do\/v1\/wp-json\/wp\/v2\/categories?post=64481"},{"taxonomy":"post_tag","embeddable":true,"href":"https:\/\/elmundodelosnegocios.com.do\/v1\/wp-json\/wp\/v2\/tags?post=64481"}],"curies":[{"name":"wp","href":"https:\/\/api.w.org\/{rel}","templated":true}]}}