{"id":6523,"date":"2021-06-06T20:11:51","date_gmt":"2021-06-07T00:41:51","guid":{"rendered":"http:\/\/elmundodelosnegocios.com.do\/v1\/?p=6523"},"modified":"2021-06-06T20:11:51","modified_gmt":"2021-06-07T00:41:51","slug":"banreservas-habilita-12-centros-de-vacunacion","status":"publish","type":"post","link":"https:\/\/elmundodelosnegocios.com.do\/v1\/banreservas-habilita-12-centros-de-vacunacion\/","title":{"rendered":"Banreservas habilita 12 centros de vacunaci\u00f3n"},"content":{"rendered":"<p>El Banco de Reservas, con su campa\u00f1a \u201cA esta historia, pong\u00e1mosle punto final\u201d, se sum\u00f3 a los esfuerzos del Plan Nacional de Vacunaci\u00f3n, al revelar que su equipo m\u00e9dico ha puesto m\u00e1s de 7,000 dosis contra la covid-19 a sus colaboradores y dependientes, y ha realizado alrededor de 40,000 pruebas PCR.<\/p>\n<p>La entidad financiera se uni\u00f3 a Vac\u00fanate RD, y anunci\u00f3 que habilitar\u00e1 \u00e1reas en 10 oficinas comerciales y sus dos clubes, para que funcionen como centros de vacunaci\u00f3n contra la covid-19.<br \/>\n<div id='gallery-1' class='gallery galleryid-6523 gallery-columns-2 gallery-size-large'><figure class='gallery-item'>\n\t\t\t<div class='gallery-icon landscape'>\n\t\t\t\t<a href='https:\/\/elmundodelosnegocios.com.do\/v1\/wp-content\/uploads\/2021\/06\/000000_1553-18.jpg'><img loading=\"lazy\" decoding=\"async\" width=\"1000\" height=\"750\" src=\"https:\/\/elmundodelosnegocios.com.do\/v1\/wp-content\/uploads\/2021\/06\/000000_1553-18.jpg\" class=\"attachment-large size-large\" alt=\"\" srcset=\"https:\/\/elmundodelosnegocios.com.do\/v1\/wp-content\/uploads\/2021\/06\/000000_1553-18.jpg 1000w, https:\/\/elmundodelosnegocios.com.do\/v1\/wp-content\/uploads\/2021\/06\/000000_1553-18-300x225.jpg 300w, https:\/\/elmundodelosnegocios.com.do\/v1\/wp-content\/uploads\/2021\/06\/000000_1553-18-768x576.jpg 768w\" sizes=\"auto, (max-width: 1000px) 100vw, 1000px\" \/><\/a>\n\t\t\t<\/div><\/figure><figure class='gallery-item'>\n\t\t\t<div class='gallery-icon landscape'>\n\t\t\t\t<a href='https:\/\/elmundodelosnegocios.com.do\/v1\/wp-content\/uploads\/2021\/06\/0000_1553_0ed93108f604e3b1252f7f550d74ee0b-1-18.jpg'><img loading=\"lazy\" decoding=\"async\" width=\"1000\" height=\"750\" src=\"https:\/\/elmundodelosnegocios.com.do\/v1\/wp-content\/uploads\/2021\/06\/0000_1553_0ed93108f604e3b1252f7f550d74ee0b-1-18.jpg\" class=\"attachment-large size-large\" alt=\"\" srcset=\"https:\/\/elmundodelosnegocios.com.do\/v1\/wp-content\/uploads\/2021\/06\/0000_1553_0ed93108f604e3b1252f7f550d74ee0b-1-18.jpg 1000w, https:\/\/elmundodelosnegocios.com.do\/v1\/wp-content\/uploads\/2021\/06\/0000_1553_0ed93108f604e3b1252f7f550d74ee0b-1-18-300x225.jpg 300w, https:\/\/elmundodelosnegocios.com.do\/v1\/wp-content\/uploads\/2021\/06\/0000_1553_0ed93108f604e3b1252f7f550d74ee0b-1-18-768x576.jpg 768w\" sizes=\"auto, (max-width: 1000px) 100vw, 1000px\" \/><\/a>\n\t\t\t<\/div><\/figure>\n\t\t<\/div>\n<\/p>\n<p>Los espacios de Banreservas destinados a la inoculaci\u00f3n estar\u00e1n ubicados en 12 puntos estrat\u00e9gicos a nivel nacional, para beneficio de clientes y personas de las zonas aleda\u00f1as.<\/p>\n<p>El primer centro abierto al p\u00fablico es el Club Banreservas de Santo Domingo, que recibe a personas mayores de 18 a\u00f1os, de lunes a viernes, de 9:00 de la ma\u00f1ana a 4:00 de la tarde, en la avenida Luper\u00f3n esquina Mirador Sur. Para esos fines, tambi\u00e9n se acondicionar\u00e1 el Club Banreservas de Santiago.<\/p>\n<p>La instituci\u00f3n inici\u00f3 su jornada de vacunaci\u00f3n el 05 de marzo de este a\u00f1o, desde entonces, lleva un total de 6,250 primera dosis y 774 segunda dosis, de los cuales 4,875 han sido colaboradores. Adem\u00e1s, hasta la fecha se han se han autorizado y procesado 39,937 pruebas para la detecci\u00f3n de covid-19.<br \/>\nEl administrador general del Banco, Samuel Pereyra, llam\u00f3 a los dominicanos a vacunarse, y en particular a los colaboradores de las Filiales Reservas, para detener la expansi\u00f3n del virus.<\/p>\n<p>\u201cQuiero enviarles un mensaje de reflexi\u00f3n, para que aprovechemos la oportunidad que se nos ha dado y protejamos a nuestros seres queridos y a nosotros mismos. Yo ya me vacun\u00e9, por m\u00ed, por ti, por mi familia, por mi pa\u00eds. Porque solo con tu voluntad ponemos punto final a la historia del Covid-19, vac\u00fanate\u201d, dijo Pereyra en su mensaje a colaboradores.<\/p>\n","protected":false},"excerpt":{"rendered":"<p>El Banco de Reservas, con su campa\u00f1a \u201cA esta historia, pong\u00e1mosle punto final\u201d, se sum\u00f3 a los esfuerzos del Plan Nacional de Vacunaci\u00f3n, al revelar que su equipo m\u00e9dico ha&hellip; <\/p>\n","protected":false},"author":2,"featured_media":6524,"comment_status":"open","ping_status":"open","sticky":false,"template":"","format":"standard","meta":{"fifu_image_url":"","fifu_image_alt":"","footnotes":""},"categories":[78],"tags":[],"class_list":["post-6523","post","type-post","status-publish","format-standard","has-post-thumbnail","hentry","category-con-responsabilidad"],"_links":{"self":[{"href":"https:\/\/elmundodelosnegocios.com.do\/v1\/wp-json\/wp\/v2\/posts\/6523","targetHints":{"allow":["GET"]}}],"collection":[{"href":"https:\/\/elmundodelosnegocios.com.do\/v1\/wp-json\/wp\/v2\/posts"}],"about":[{"href":"https:\/\/elmundodelosnegocios.com.do\/v1\/wp-json\/wp\/v2\/types\/post"}],"author":[{"embeddable":true,"href":"https:\/\/elmundodelosnegocios.com.do\/v1\/wp-json\/wp\/v2\/users\/2"}],"replies":[{"embeddable":true,"href":"https:\/\/elmundodelosnegocios.com.do\/v1\/wp-json\/wp\/v2\/comments?post=6523"}],"version-history":[{"count":0,"href":"https:\/\/elmundodelosnegocios.com.do\/v1\/wp-json\/wp\/v2\/posts\/6523\/revisions"}],"wp:featuredmedia":[{"embeddable":true,"href":"https:\/\/elmundodelosnegocios.com.do\/v1\/wp-json\/wp\/v2\/media\/6524"}],"wp:attachment":[{"href":"https:\/\/elmundodelosnegocios.com.do\/v1\/wp-json\/wp\/v2\/media?parent=6523"}],"wp:term":[{"taxonomy":"category","embeddable":true,"href":"https:\/\/elmundodelosnegocios.com.do\/v1\/wp-json\/wp\/v2\/categories?post=6523"},{"taxonomy":"post_tag","embeddable":true,"href":"https:\/\/elmundodelosnegocios.com.do\/v1\/wp-json\/wp\/v2\/tags?post=6523"}],"curies":[{"name":"wp","href":"https:\/\/api.w.org\/{rel}","templated":true}]}}