{"id":6527,"date":"2021-06-06T20:18:35","date_gmt":"2021-06-07T00:48:35","guid":{"rendered":"http:\/\/elmundodelosnegocios.com.do\/v1\/?p=6527"},"modified":"2021-06-06T20:18:35","modified_gmt":"2021-06-07T00:48:35","slug":"lanza-anje-campana-motivacion-yo-me-vacuno","status":"publish","type":"post","link":"https:\/\/elmundodelosnegocios.com.do\/v1\/lanza-anje-campana-motivacion-yo-me-vacuno\/","title":{"rendered":"Lanza ANJE campa\u00f1a motivaci\u00f3n \u201cYo me vacuno\u201d"},"content":{"rendered":"<p>SANTO DOMINGO, R.D. Junio 6, 2021.- Impulsada por su prop\u00f3sito de incentivar la vacunaci\u00f3n en la Rep\u00fablica Dominicana, la Asociaci\u00f3n Nacional de J\u00f3venes Empresarios (ANJE) lanz\u00f3 la campa\u00f1a \u201cYo me vacuno\u201d, en apoyo al proceso de vacunaci\u00f3n actual en que se ha embarcado el pa\u00eds.<\/p>\n<p>Protagonizada por la Junta Directiva del gremio, la cual encabeza Susana Mart\u00ednez Nadal, y con la participaci\u00f3n de pasados presidentes y sus colaboradores, \u201cYo me vacuno\u201d invita, a trav\u00e9s de un poderoso mensaje, a unirnos y apoyar el plan que permitir\u00e1 al pa\u00eds caminar hacia la recuperaci\u00f3n sanitaria, educativa, econ\u00f3mica y social, as\u00ed como a la normalizaci\u00f3n de las actividades.<\/p>\n<p>\u201cEs importante intensificar la comunicaci\u00f3n a la poblaci\u00f3n sobre el proceso de vacunaci\u00f3n, como un paso hacia la recuperaci\u00f3n de las actividades normales y la apertura econ\u00f3mica del pa\u00eds. En esta etapa todos debemos unirnos en la consecuci\u00f3n de este gran o objetivo pa\u00eds de lograr la mayor cantidad de vacunados a la mayor brevedad posible.\u201d, dijo Mart\u00ednez Nadal.<\/p>\n<p>\u201cYo me vacuno\u201d es una iniciativa de sensibilizaci\u00f3n del gremio empresarial en apoyo al Programa Ampliado de Inmunizaci\u00f3n (PAI) del Ministerio de Salud P\u00fablica. A trav\u00e9s de esta, ANJE exhorta a la poblaci\u00f3n a acercarse a los distintos centros de vacunaci\u00f3n establecidos en distintos puntos del pa\u00eds y salvaguardar nuestra salud y la de nuestros familiares.<\/p>\n","protected":false},"excerpt":{"rendered":"<p>SANTO DOMINGO, R.D. Junio 6, 2021.- Impulsada por su prop\u00f3sito de incentivar la vacunaci\u00f3n en la Rep\u00fablica Dominicana, la Asociaci\u00f3n Nacional de J\u00f3venes Empresarios (ANJE) lanz\u00f3 la campa\u00f1a \u201cYo me&hellip; <\/p>\n","protected":false},"author":2,"featured_media":6528,"comment_status":"open","ping_status":"open","sticky":false,"template":"","format":"standard","meta":{"fifu_image_url":"","fifu_image_alt":"","footnotes":""},"categories":[157],"tags":[],"class_list":["post-6527","post","type-post","status-publish","format-standard","has-post-thumbnail","hentry","category-marketing"],"_links":{"self":[{"href":"https:\/\/elmundodelosnegocios.com.do\/v1\/wp-json\/wp\/v2\/posts\/6527","targetHints":{"allow":["GET"]}}],"collection":[{"href":"https:\/\/elmundodelosnegocios.com.do\/v1\/wp-json\/wp\/v2\/posts"}],"about":[{"href":"https:\/\/elmundodelosnegocios.com.do\/v1\/wp-json\/wp\/v2\/types\/post"}],"author":[{"embeddable":true,"href":"https:\/\/elmundodelosnegocios.com.do\/v1\/wp-json\/wp\/v2\/users\/2"}],"replies":[{"embeddable":true,"href":"https:\/\/elmundodelosnegocios.com.do\/v1\/wp-json\/wp\/v2\/comments?post=6527"}],"version-history":[{"count":0,"href":"https:\/\/elmundodelosnegocios.com.do\/v1\/wp-json\/wp\/v2\/posts\/6527\/revisions"}],"wp:featuredmedia":[{"embeddable":true,"href":"https:\/\/elmundodelosnegocios.com.do\/v1\/wp-json\/wp\/v2\/media\/6528"}],"wp:attachment":[{"href":"https:\/\/elmundodelosnegocios.com.do\/v1\/wp-json\/wp\/v2\/media?parent=6527"}],"wp:term":[{"taxonomy":"category","embeddable":true,"href":"https:\/\/elmundodelosnegocios.com.do\/v1\/wp-json\/wp\/v2\/categories?post=6527"},{"taxonomy":"post_tag","embeddable":true,"href":"https:\/\/elmundodelosnegocios.com.do\/v1\/wp-json\/wp\/v2\/tags?post=6527"}],"curies":[{"name":"wp","href":"https:\/\/api.w.org\/{rel}","templated":true}]}}