{"id":654,"date":"2020-12-31T13:36:00","date_gmt":"2020-12-31T13:36:00","guid":{"rendered":"http:\/\/elmundodelosnegocios.com.do\/v1\/index.php\/2015\/04\/09\/seguros-banreservas-presenta-crecimiento-en-2014\/"},"modified":"2021-01-11T19:52:27","modified_gmt":"2021-01-11T19:52:27","slug":"seguros-banreservas-presenta-crecimiento-en-2014","status":"publish","type":"post","link":"https:\/\/elmundodelosnegocios.com.do\/v1\/seguros-banreservas-presenta-crecimiento-en-2014\/","title":{"rendered":"\u200bEntidades gubernamentales iniciaron jornada concientizar sobre covid-19"},"content":{"rendered":"\n<p>R.D. &#8211; Varias entidades gubernamentales con asiento en esta ciudad iniciaron este lunes una amplia jornada de orientaci\u00f3n ciudadana sobre la peligrosidad de la enfermedad del covid-19 y que estar\u00e1 vigente hasta el dia 12 de febrero de este a\u00f1o.<\/p>\n\n\n\n<p>Rosa Santos, gobernadora provincial inform\u00f3 que la jornada denominada \u00abcuida tu salud, protege tu vida\u00bb, contar\u00e1 con el respaldo de los ministerios de Salud P\u00fablica, Educaci\u00f3n, Polic\u00eda Nacional, Defensa Civil y el ministerio de Interior y Polic\u00eda.<\/p>\n\n\n\n<p>De acuerdo a lo programado, todos los d\u00edas desde las ocho de la ma\u00f1ana saldr\u00e1n brigadas de voluntarios a los distintos sectores de la ciudad para distribuir entre la poblaci\u00f3n materiales informativos sobre los efectos del covid-19, as\u00ed como la distribuci\u00f3n gratis de mascarillas, alcohol y gel para el uso de la higiene personal y familiar.<\/p>\n\n\n\n<p>\u00abEste lunes 11 de enero dejamos aperturado este gran esfuerzo por detener la cadena de contagio y muerte en nuestra provincia y en toda la Rep\u00fablica Dominicana\u00bb, subray\u00f3 la gobernadora Rosa Santos.<\/p>\n\n\n\n<p>La representante del Poder Ejecutivo en esta provincia agradeci\u00f3 el respaldo que han brindado a ese programa el presidente Luis Abinader, el ministro de Salud P\u00fablica doctor Plutarco Arias, as\u00ed como los directores regionales y provinciales de instituciones oficiales.<\/p>\n\n\n\n<p>Santos indic\u00f3 que en los municipios con mayor poblaci\u00f3n o densidad geogr\u00e1fica se establecer\u00e1n puntos fijos para la aplicaci\u00f3n de la campa\u00f1a, tales como paradas de autobuses, mercados, supermercados y lugares de alta concentraciones de personas.<\/p>\n\n\n\n<p>El personal que forma parte de esta jornada est\u00e1 integrado por 26 brigadas m\u00f3viles, una por municipio o distrito municipal, integradas cada una por 10 brigadistas y un supervisor, para un total de 286 integrantes, m\u00e1s 15 brigadas fijas de 4 participantes para un total general de 346 personas que abarcar\u00e1n toda la provincia con la<br>jornada \u00abCuida tu salud, protege tu vida\u00bb.<\/p>\n\n\n\n<p>A la actividad, celebrada en la explanada frontal del monumento a los H\u00e9roes de la Restauraci\u00f3n, asistieron el vice-ministro de Salud Fernando Ure\u00f1a, los directores provinciales de Salud Virgilio Fern\u00e1ndez, Robinson Santos y el regional provincial, Manuel Lora Perell\u00f3, as\u00ed como el director regional Cibao Central de la Polic\u00eda Nacional, general de brigada Luis Alberto Then y el coordinador operativo del ministerio de Salud, Robinson D\u00edaz.<\/p>\n","protected":false},"excerpt":{"rendered":"<p>R.D. &#8211; Varias entidades gubernamentales con asiento en esta ciudad iniciaron este lunes una amplia jornada de orientaci\u00f3n ciudadana sobre la peligrosidad de la enfermedad del covid-19 y que estar\u00e1&hellip; <\/p>\n","protected":false},"author":2,"featured_media":2908,"comment_status":"open","ping_status":"open","sticky":false,"template":"","format":"standard","meta":{"fifu_image_url":"","fifu_image_alt":"","footnotes":""},"categories":[80],"tags":[],"class_list":["post-654","post","type-post","status-publish","format-standard","has-post-thumbnail","hentry","category-salud"],"_links":{"self":[{"href":"https:\/\/elmundodelosnegocios.com.do\/v1\/wp-json\/wp\/v2\/posts\/654","targetHints":{"allow":["GET"]}}],"collection":[{"href":"https:\/\/elmundodelosnegocios.com.do\/v1\/wp-json\/wp\/v2\/posts"}],"about":[{"href":"https:\/\/elmundodelosnegocios.com.do\/v1\/wp-json\/wp\/v2\/types\/post"}],"author":[{"embeddable":true,"href":"https:\/\/elmundodelosnegocios.com.do\/v1\/wp-json\/wp\/v2\/users\/2"}],"replies":[{"embeddable":true,"href":"https:\/\/elmundodelosnegocios.com.do\/v1\/wp-json\/wp\/v2\/comments?post=654"}],"version-history":[{"count":0,"href":"https:\/\/elmundodelosnegocios.com.do\/v1\/wp-json\/wp\/v2\/posts\/654\/revisions"}],"wp:featuredmedia":[{"embeddable":true,"href":"https:\/\/elmundodelosnegocios.com.do\/v1\/wp-json\/wp\/v2\/media\/2908"}],"wp:attachment":[{"href":"https:\/\/elmundodelosnegocios.com.do\/v1\/wp-json\/wp\/v2\/media?parent=654"}],"wp:term":[{"taxonomy":"category","embeddable":true,"href":"https:\/\/elmundodelosnegocios.com.do\/v1\/wp-json\/wp\/v2\/categories?post=654"},{"taxonomy":"post_tag","embeddable":true,"href":"https:\/\/elmundodelosnegocios.com.do\/v1\/wp-json\/wp\/v2\/tags?post=654"}],"curies":[{"name":"wp","href":"https:\/\/api.w.org\/{rel}","templated":true}]}}