{"id":6552,"date":"2021-06-07T12:10:49","date_gmt":"2021-06-07T16:40:49","guid":{"rendered":"http:\/\/elmundodelosnegocios.com.do\/v1\/?p=6552"},"modified":"2021-06-07T12:10:49","modified_gmt":"2021-06-07T16:40:49","slug":"reconocen-marcas-locales-e-internacionales-en-premiacion-organizada-por-adecc","status":"publish","type":"post","link":"https:\/\/elmundodelosnegocios.com.do\/v1\/reconocen-marcas-locales-e-internacionales-en-premiacion-organizada-por-adecc\/","title":{"rendered":"Reconocen marcas locales e internacionales en premiaci\u00f3n organizada por ADECC"},"content":{"rendered":"<p>Santo Domingo, R.D. Junio 7, 2021.- Fueron entregados los  Effie Awards Rep\u00fablica Dominicana organizado por la Asociaci\u00f3n de Empresas de Comunicaci\u00f3n Comercial (ADECC), durante  actividad en que se reconocieron los trabajos m\u00e1s efectivos de publicidad, comunicaci\u00f3n y Marketing del mercado local.<\/p>\n<p>Los premios Effie fueron creados por la organizaci\u00f3n Effie Worldwide en 1968, posicion\u00e1ndose como los de mayor relevancia en la industria, al galardonar las ideas publicitarias que funcionan y que logran resultados reales, as\u00ed como las estrategias que las originaron.<br \/>\n<img loading=\"lazy\" decoding=\"async\" src=\"http:\/\/elmundodelosnegocios.com.do\/v1\/wp-content\/uploads\/2021\/06\/1.jpeg\" alt=\"\" width=\"1600\" height=\"1066\" class=\"alignleft size-full wp-image-6554\" srcset=\"https:\/\/elmundodelosnegocios.com.do\/v1\/wp-content\/uploads\/2021\/06\/1.jpeg 1600w, https:\/\/elmundodelosnegocios.com.do\/v1\/wp-content\/uploads\/2021\/06\/1-300x200.jpeg 300w, https:\/\/elmundodelosnegocios.com.do\/v1\/wp-content\/uploads\/2021\/06\/1-1024x682.jpeg 1024w, https:\/\/elmundodelosnegocios.com.do\/v1\/wp-content\/uploads\/2021\/06\/1-768x512.jpeg 768w, https:\/\/elmundodelosnegocios.com.do\/v1\/wp-content\/uploads\/2021\/06\/1-1536x1023.jpeg 1536w\" sizes=\"auto, (max-width: 1600px) 100vw, 1600px\" \/><br \/>\n<img loading=\"lazy\" decoding=\"async\" src=\"http:\/\/elmundodelosnegocios.com.do\/v1\/wp-content\/uploads\/2021\/06\/02.jpeg\" alt=\"\" width=\"1280\" height=\"853\" class=\"alignleft size-full wp-image-6555\" srcset=\"https:\/\/elmundodelosnegocios.com.do\/v1\/wp-content\/uploads\/2021\/06\/02.jpeg 1280w, https:\/\/elmundodelosnegocios.com.do\/v1\/wp-content\/uploads\/2021\/06\/02-300x200.jpeg 300w, https:\/\/elmundodelosnegocios.com.do\/v1\/wp-content\/uploads\/2021\/06\/02-1024x682.jpeg 1024w, https:\/\/elmundodelosnegocios.com.do\/v1\/wp-content\/uploads\/2021\/06\/02-768x512.jpeg 768w\" sizes=\"auto, (max-width: 1280px) 100vw, 1280px\" \/><\/p>\n<p>\u201cLa b\u00fasqueda de la efectividad es lo que este festival reconoce y, al mismo tiempo, el motivo por el que se lo reconoce. Un reconocimiento, sin distinci\u00f3n, entre todos los actores de nuestro medio. Premiamos el talento creativo, pero puesto en funci\u00f3n de la obtenci\u00f3n de resultados. Por eso podemos decir que Effie es el certamen preferido de cualquier publicitario que haya alcanzado su madurez como profesional, expres\u00f3 Eduardo Valc\u00e1rcel, presidente de ADECC.<\/p>\n<p>La evaluaci\u00f3n fue realizada por un jurado integrado por un selecto grupo de profesionales nacionales del sector Publicidad y Mercadeo y presidido por Pablo Wiechers, quien adem\u00e1s fue presidente del Comit\u00e9 Directivo de Effie Dominicana y es Jefe de Nestl\u00e9 para la regi\u00f3n Caribe Latino. Mientras tanto, la auditor\u00eda de todo el proceso estuvo a cargo de Pricewater Cooper.<\/p>\n<p>\u201cArribamos a una premiaci\u00f3n que celebra la creatividad e innovaci\u00f3n en tiempos de resiliencia, que visibiliza a\u00fan m\u00e1s el talento hecho en RD y que eleva, nueva vez, la vara de la calidad de las propuestas de comunicaci\u00f3n con las que los dominicanos y las dominicanas tienen contacto a trav\u00e9s de distintos formatos\u201d, expres\u00f3 Wiechers.<\/p>\n<p>La gala de premiaci\u00f3n incluy\u00f3 una disertaci\u00f3n a cargo del CEO de IPSOS para Centroam\u00e9rica y el Caribe, Adolfo Gaffoglio, quien habl\u00f3 sobre los estereotipos en la publicidad.<\/p>\n<p>Los Effie Awards Rep\u00fablica Dominicana 2021 fueron patrocinados por Warner Media, Pricewater Cooper, Ipsos y Amigo del Hogar.<\/p>\n<p>Para conocer m\u00e1s detalles de los ganadores visite www.effiedominicana.com.<\/p>\n","protected":false},"excerpt":{"rendered":"<p>Santo Domingo, R.D. Junio 7, 2021.- Fueron entregados los Effie Awards Rep\u00fablica Dominicana organizado por la Asociaci\u00f3n de Empresas de Comunicaci\u00f3n Comercial (ADECC), durante actividad en que se reconocieron los&hellip; <\/p>\n","protected":false},"author":2,"featured_media":6553,"comment_status":"open","ping_status":"open","sticky":false,"template":"","format":"standard","meta":{"fifu_image_url":"","fifu_image_alt":"","footnotes":""},"categories":[157],"tags":[],"class_list":["post-6552","post","type-post","status-publish","format-standard","has-post-thumbnail","hentry","category-marketing"],"_links":{"self":[{"href":"https:\/\/elmundodelosnegocios.com.do\/v1\/wp-json\/wp\/v2\/posts\/6552","targetHints":{"allow":["GET"]}}],"collection":[{"href":"https:\/\/elmundodelosnegocios.com.do\/v1\/wp-json\/wp\/v2\/posts"}],"about":[{"href":"https:\/\/elmundodelosnegocios.com.do\/v1\/wp-json\/wp\/v2\/types\/post"}],"author":[{"embeddable":true,"href":"https:\/\/elmundodelosnegocios.com.do\/v1\/wp-json\/wp\/v2\/users\/2"}],"replies":[{"embeddable":true,"href":"https:\/\/elmundodelosnegocios.com.do\/v1\/wp-json\/wp\/v2\/comments?post=6552"}],"version-history":[{"count":0,"href":"https:\/\/elmundodelosnegocios.com.do\/v1\/wp-json\/wp\/v2\/posts\/6552\/revisions"}],"wp:featuredmedia":[{"embeddable":true,"href":"https:\/\/elmundodelosnegocios.com.do\/v1\/wp-json\/wp\/v2\/media\/6553"}],"wp:attachment":[{"href":"https:\/\/elmundodelosnegocios.com.do\/v1\/wp-json\/wp\/v2\/media?parent=6552"}],"wp:term":[{"taxonomy":"category","embeddable":true,"href":"https:\/\/elmundodelosnegocios.com.do\/v1\/wp-json\/wp\/v2\/categories?post=6552"},{"taxonomy":"post_tag","embeddable":true,"href":"https:\/\/elmundodelosnegocios.com.do\/v1\/wp-json\/wp\/v2\/tags?post=6552"}],"curies":[{"name":"wp","href":"https:\/\/api.w.org\/{rel}","templated":true}]}}