{"id":6702,"date":"2021-06-10T17:06:17","date_gmt":"2021-06-10T21:36:17","guid":{"rendered":"http:\/\/elmundodelosnegocios.com.do\/v1\/?p=6702"},"modified":"2021-06-10T17:06:17","modified_gmt":"2021-06-10T21:36:17","slug":"firman-fundacion-grupo-puntacana-e-incivi-acuerdo-colaboracion-servicio-nacional-salud","status":"publish","type":"post","link":"https:\/\/elmundodelosnegocios.com.do\/v1\/firman-fundacion-grupo-puntacana-e-incivi-acuerdo-colaboracion-servicio-nacional-salud\/","title":{"rendered":"Firman Fundaci\u00f3n Grupo Puntacana e INCIVI acuerdo colaboraci\u00f3n Servicio Nacional Salud"},"content":{"rendered":"<p>Punta Cana, La Altagracia. Junio 10, 2021.- La Fundaci\u00f3n Grupo Puntacana, la Fundaci\u00f3n Instituto de Ciencias Visuales Dr. Zato (INCIVI) y el Servicio Nacional de Salud (SNS) suscribieron un acuerdo de colaboraci\u00f3n interinstitucional para el funcionamiento del Centro de Lucha contra la Ceguera Puntacana, con el prop\u00f3sito de ofrecer servicios oftalmol\u00f3gicos gratuitos a toda la poblaci\u00f3n de la regi\u00f3n Este del pa\u00eds.<\/p>\n<p>Mediante el convenio, el Servicio Nacional de Salud (SNS) destinar\u00e1 a personal m\u00e9dico, y operativo, tales como m\u00e9dicos oftalm\u00f3logos, asistentes de oftalm\u00f3logos, enfermeras y camilleros, con la gesti\u00f3n y supervisi\u00f3n de operaciones de INCIVI.<\/p>\n<p>El acuerdo fue firmado por Paola Rainieri de D\u00edaz, vicepresidenta senior de Grupo Puntacana; el doctor Miguel Zato presidente de la Fundaci\u00f3n INCIVI; y el Dr. Mario Lama, director del Servicio Nacional de Salud (SNS). Estuvieron presentes en el acto el Dr. Virgilio Cedano, Senador Provincial de La Altagracia; Ram\u00f3n Ram\u00edrez, director distrito municipal Ver\u00f3n-Punta Cana; y el Dr. V\u00edctor Rodr\u00edguez, director Provincial Salud P\u00fablica.<br \/>\n<div id='gallery-1' class='gallery galleryid-6702 gallery-columns-2 gallery-size-large'><figure class='gallery-item'>\n\t\t\t<div class='gallery-icon landscape'>\n\t\t\t\t<a href='https:\/\/elmundodelosnegocios.com.do\/v1\/wp-content\/uploads\/2021\/06\/8-1.jpg'><img loading=\"lazy\" decoding=\"async\" width=\"1000\" height=\"667\" src=\"https:\/\/elmundodelosnegocios.com.do\/v1\/wp-content\/uploads\/2021\/06\/8-1.jpg\" class=\"attachment-large size-large\" alt=\"\" srcset=\"https:\/\/elmundodelosnegocios.com.do\/v1\/wp-content\/uploads\/2021\/06\/8-1.jpg 1000w, https:\/\/elmundodelosnegocios.com.do\/v1\/wp-content\/uploads\/2021\/06\/8-1-300x200.jpg 300w, https:\/\/elmundodelosnegocios.com.do\/v1\/wp-content\/uploads\/2021\/06\/8-1-768x512.jpg 768w\" sizes=\"auto, (max-width: 1000px) 100vw, 1000px\" \/><\/a>\n\t\t\t<\/div><\/figure><figure class='gallery-item'>\n\t\t\t<div class='gallery-icon landscape'>\n\t\t\t\t<a href='https:\/\/elmundodelosnegocios.com.do\/v1\/wp-content\/uploads\/2021\/06\/9-1.jpg'><img loading=\"lazy\" decoding=\"async\" width=\"1000\" height=\"667\" src=\"https:\/\/elmundodelosnegocios.com.do\/v1\/wp-content\/uploads\/2021\/06\/9-1.jpg\" class=\"attachment-large size-large\" alt=\"\" srcset=\"https:\/\/elmundodelosnegocios.com.do\/v1\/wp-content\/uploads\/2021\/06\/9-1.jpg 1000w, https:\/\/elmundodelosnegocios.com.do\/v1\/wp-content\/uploads\/2021\/06\/9-1-300x200.jpg 300w, https:\/\/elmundodelosnegocios.com.do\/v1\/wp-content\/uploads\/2021\/06\/9-1-768x512.jpg 768w\" sizes=\"auto, (max-width: 1000px) 100vw, 1000px\" \/><\/a>\n\t\t\t<\/div><\/figure><figure class='gallery-item'>\n\t\t\t<div class='gallery-icon landscape'>\n\t\t\t\t<a href='https:\/\/elmundodelosnegocios.com.do\/v1\/wp-content\/uploads\/2021\/06\/6-4.jpg'><img loading=\"lazy\" decoding=\"async\" width=\"1000\" height=\"667\" src=\"https:\/\/elmundodelosnegocios.com.do\/v1\/wp-content\/uploads\/2021\/06\/6-4.jpg\" class=\"attachment-large size-large\" alt=\"\" srcset=\"https:\/\/elmundodelosnegocios.com.do\/v1\/wp-content\/uploads\/2021\/06\/6-4.jpg 1000w, https:\/\/elmundodelosnegocios.com.do\/v1\/wp-content\/uploads\/2021\/06\/6-4-300x200.jpg 300w, https:\/\/elmundodelosnegocios.com.do\/v1\/wp-content\/uploads\/2021\/06\/6-4-768x512.jpg 768w\" sizes=\"auto, (max-width: 1000px) 100vw, 1000px\" \/><\/a>\n\t\t\t<\/div><\/figure><figure class='gallery-item'>\n\t\t\t<div class='gallery-icon landscape'>\n\t\t\t\t<a href='https:\/\/elmundodelosnegocios.com.do\/v1\/wp-content\/uploads\/2021\/06\/7-4.jpg'><img loading=\"lazy\" decoding=\"async\" width=\"1000\" height=\"667\" src=\"https:\/\/elmundodelosnegocios.com.do\/v1\/wp-content\/uploads\/2021\/06\/7-4.jpg\" class=\"attachment-large size-large\" alt=\"\" srcset=\"https:\/\/elmundodelosnegocios.com.do\/v1\/wp-content\/uploads\/2021\/06\/7-4.jpg 1000w, https:\/\/elmundodelosnegocios.com.do\/v1\/wp-content\/uploads\/2021\/06\/7-4-300x200.jpg 300w, https:\/\/elmundodelosnegocios.com.do\/v1\/wp-content\/uploads\/2021\/06\/7-4-768x512.jpg 768w\" sizes=\"auto, (max-width: 1000px) 100vw, 1000px\" \/><\/a>\n\t\t\t<\/div><\/figure>\n\t\t<\/div>\n<\/p>\n<p>Durante el evento, la vicepresidenta senior de Grupo Puntacana, Paola Rainieri de D\u00edaz, expres\u00f3: \u201cPara Grupo Puntacana, a trav\u00e9s de estos 50 a\u00f1os, las alianzas p\u00fablico- privadas han sido un apoyo esencial para desarrollar nuestro compromiso ineludible con la sustentabilidad, las comunidades m\u00e1s necesitadas y con nuestro pa\u00eds. Es un honor escalar otro pelda\u00f1o a favor del Centro de Lucha contra la Ceguera Puntacana, el cual beneficiar\u00e1 a cientos de familias en la regi\u00f3n Este con servicios oftalmol\u00f3gicos de primer nivel\u201d.<\/p>\n<p>Asimismo, el Dr. Miguel Zato de INCIVI, resalt\u00f3: \u201ccon este convenio de colaboraci\u00f3n entre la Fundaci\u00f3n INCIVI, la Fundaci\u00f3n Grupo Puntacana y el Servicio Nacional de Salud, esperamos marcar un antes y un despu\u00e9s en la accesibilidad de los servicios de salud oftalmol\u00f3gicos en el pa\u00eds, y un gran paso en nuestro compromiso de erradicar la ceguera en la regi\u00f3n\u201d.<\/p>\n<p>Para concluir, el director ejecutivo del Servicio Nacional de Salud, Dr. Mario Lama, destac\u00f3: \u201cEs para nosotros un honor formar parte de este proyecto, a trav\u00e9s de una alianza p\u00fablico-privada que viene a contribuir en un \u00e1rea de la medicina que no es de f\u00e1cil acceso a las comunidades vulnerables. Esperamos seguir siendo importantes colaboradores en iniciativas como estas, que fortalecen a las instituciones y a sus servicios\u201d.<\/p>\n<p>El Centro de Lucha Contra la Ceguera Puntacana es un proyecto social auspiciado por Fundaci\u00f3n Grupo Puntacana y la Fundaci\u00f3n Instituto de Ciencias Visuales Dr. Zato (INCIVI) que busca eliminar la ceguera en la zona, ofreciendo servicios oftalmol\u00f3gicos humanitarios para la poblaci\u00f3n de la regi\u00f3n Este, con especial \u00e9nfasis en los residentes de las comunidades vulnerables.<\/p>\n<p>En 2010, el Censo Nacional de Poblaci\u00f3n y Vivienda public\u00f3 que en la regi\u00f3n Este m\u00e1s de 10,000 personas padecen de glaucoma, m\u00e1s de 150,000 tienen alg\u00fan grado de cataratas y m\u00e1s de 30,000 padecen de afecciones oculares por diabetes.<\/p>\n<p>Sobre Fundaci\u00f3n Grupo Puntacana<\/p>\n<p>La fundaci\u00f3n Grupo Puntacana cuenta con importantes proyectos e iniciativas en el sector salud, entre otros est\u00e1n el Centro De Atenci\u00f3n Pedi\u00e1trica Oscar de la renta, el Centro de la Diversidad Infantil Puntacana (CEDI).<\/p>\n<p>Es una organizaci\u00f3n sin fines de lucro a trav\u00e9s de la cual Grupo Puntacana crea oportunidades de bienestar a favor de los habitantes de la zona y promueve soluciones innovadoras para la preservaci\u00f3n del ecosistema de la regi\u00f3n.<\/p>\n<p>Sus innovadoras iniciativas ambientales y ecol\u00f3gicas, que incluyen un Centro de Sustentabilidad dedicado a la investigaci\u00f3n, programas de restauraci\u00f3n de corales, preservaci\u00f3n de especies marinas y protecci\u00f3n de animales en extinci\u00f3n, son reconocidas y extrapoladas a nivel nacional e internacional.<\/p>\n<p>Sobre INCIVI (Fundaci\u00f3n Instituto de Ciencias Visuales Dr. Zato)<\/p>\n<p>La Fundaci\u00f3n Instituto de Ciencias Visuales Dr. Zato (INCIVI) es una asociaci\u00f3n sin fines de lucro con el prop\u00f3sito de erradicar la ceguera de la regi\u00f3n Este de la Rep\u00fablica Dominicana; as\u00ed como llevar a cabo programas y proyectos de asistencia humanitaria para tratar patolog\u00edas oculares e implantar centros especializados en el pa\u00eds, y colaborar con instituciones nacionales y extranjeras en programas y proyectos para favorecer el desarrollo de las ciencias visuales.<\/p>\n","protected":false},"excerpt":{"rendered":"<p>Punta Cana, La Altagracia. Junio 10, 2021.- La Fundaci\u00f3n Grupo Puntacana, la Fundaci\u00f3n Instituto de Ciencias Visuales Dr. Zato (INCIVI) y el Servicio Nacional de Salud (SNS) suscribieron un acuerdo&hellip; <\/p>\n","protected":false},"author":2,"featured_media":6706,"comment_status":"open","ping_status":"open","sticky":false,"template":"","format":"standard","meta":{"fifu_image_url":"","fifu_image_alt":"","footnotes":""},"categories":[80],"tags":[],"class_list":["post-6702","post","type-post","status-publish","format-standard","has-post-thumbnail","hentry","category-salud"],"_links":{"self":[{"href":"https:\/\/elmundodelosnegocios.com.do\/v1\/wp-json\/wp\/v2\/posts\/6702","targetHints":{"allow":["GET"]}}],"collection":[{"href":"https:\/\/elmundodelosnegocios.com.do\/v1\/wp-json\/wp\/v2\/posts"}],"about":[{"href":"https:\/\/elmundodelosnegocios.com.do\/v1\/wp-json\/wp\/v2\/types\/post"}],"author":[{"embeddable":true,"href":"https:\/\/elmundodelosnegocios.com.do\/v1\/wp-json\/wp\/v2\/users\/2"}],"replies":[{"embeddable":true,"href":"https:\/\/elmundodelosnegocios.com.do\/v1\/wp-json\/wp\/v2\/comments?post=6702"}],"version-history":[{"count":0,"href":"https:\/\/elmundodelosnegocios.com.do\/v1\/wp-json\/wp\/v2\/posts\/6702\/revisions"}],"wp:featuredmedia":[{"embeddable":true,"href":"https:\/\/elmundodelosnegocios.com.do\/v1\/wp-json\/wp\/v2\/media\/6706"}],"wp:attachment":[{"href":"https:\/\/elmundodelosnegocios.com.do\/v1\/wp-json\/wp\/v2\/media?parent=6702"}],"wp:term":[{"taxonomy":"category","embeddable":true,"href":"https:\/\/elmundodelosnegocios.com.do\/v1\/wp-json\/wp\/v2\/categories?post=6702"},{"taxonomy":"post_tag","embeddable":true,"href":"https:\/\/elmundodelosnegocios.com.do\/v1\/wp-json\/wp\/v2\/tags?post=6702"}],"curies":[{"name":"wp","href":"https:\/\/api.w.org\/{rel}","templated":true}]}}