{"id":6708,"date":"2021-06-10T17:14:45","date_gmt":"2021-06-10T21:44:45","guid":{"rendered":"http:\/\/elmundodelosnegocios.com.do\/v1\/?p=6708"},"modified":"2021-06-10T17:14:45","modified_gmt":"2021-06-10T21:44:45","slug":"banreservas-inicia-vacunacion-en-once-oficinas","status":"publish","type":"post","link":"https:\/\/elmundodelosnegocios.com.do\/v1\/banreservas-inicia-vacunacion-en-once-oficinas\/","title":{"rendered":"Banreservas inicia vacunaci\u00f3n en once oficinas"},"content":{"rendered":"<p>El Banco de Reservas puso a disposici\u00f3n del p\u00fablico las primeras 11 oficinas comerciales e instalaciones que habilit\u00f3 como centros de vacunaci\u00f3n para recibir a ciudadanos que precisan la dosis contra la covid-19.<\/p>\n<p>La instituci\u00f3n financiera, como parte de su responsabilidad social, cre\u00f3 las condiciones para la inoculaci\u00f3n segura y ordenada en las oficinas San Mart\u00edn, San Juan de la Maguana, Torre Banreservas, Charles de Gaulle, Occidental Mall, Los Alcarrizos, Club Banreservas Santo Domingo, La Romana, Bonao, San Crist\u00f3bal y Club Banreservas Santiago.<\/p>\n<p>Indic\u00f3 que pr\u00f3ximamente habilitar\u00e1 otro centro de vacunaci\u00f3n en sus instalaciones, el cual tambi\u00e9n estar\u00e1 a disposici\u00f3n del p\u00fablico y clientes en general.<br \/>\n<div id='gallery-1' class='gallery galleryid-6708 gallery-columns-3 gallery-size-large'><figure class='gallery-item'>\n\t\t\t<div class='gallery-icon landscape'>\n\t\t\t\t<a href='https:\/\/elmundodelosnegocios.com.do\/v1\/wp-content\/uploads\/2021\/06\/9-2.jpg'><img loading=\"lazy\" decoding=\"async\" width=\"1000\" height=\"636\" src=\"https:\/\/elmundodelosnegocios.com.do\/v1\/wp-content\/uploads\/2021\/06\/9-2.jpg\" class=\"attachment-large size-large\" alt=\"\" srcset=\"https:\/\/elmundodelosnegocios.com.do\/v1\/wp-content\/uploads\/2021\/06\/9-2.jpg 1000w, https:\/\/elmundodelosnegocios.com.do\/v1\/wp-content\/uploads\/2021\/06\/9-2-300x191.jpg 300w, https:\/\/elmundodelosnegocios.com.do\/v1\/wp-content\/uploads\/2021\/06\/9-2-768x488.jpg 768w\" sizes=\"auto, (max-width: 1000px) 100vw, 1000px\" \/><\/a>\n\t\t\t<\/div><\/figure><figure class='gallery-item'>\n\t\t\t<div class='gallery-icon landscape'>\n\t\t\t\t<a href='https:\/\/elmundodelosnegocios.com.do\/v1\/wp-content\/uploads\/2021\/06\/7-5.jpg'><img loading=\"lazy\" decoding=\"async\" width=\"1000\" height=\"636\" src=\"https:\/\/elmundodelosnegocios.com.do\/v1\/wp-content\/uploads\/2021\/06\/7-5.jpg\" class=\"attachment-large size-large\" alt=\"\" srcset=\"https:\/\/elmundodelosnegocios.com.do\/v1\/wp-content\/uploads\/2021\/06\/7-5.jpg 1000w, https:\/\/elmundodelosnegocios.com.do\/v1\/wp-content\/uploads\/2021\/06\/7-5-300x191.jpg 300w, https:\/\/elmundodelosnegocios.com.do\/v1\/wp-content\/uploads\/2021\/06\/7-5-768x488.jpg 768w\" sizes=\"auto, (max-width: 1000px) 100vw, 1000px\" \/><\/a>\n\t\t\t<\/div><\/figure><figure class='gallery-item'>\n\t\t\t<div class='gallery-icon landscape'>\n\t\t\t\t<a href='https:\/\/elmundodelosnegocios.com.do\/v1\/wp-content\/uploads\/2021\/06\/8-2.jpg'><img loading=\"lazy\" decoding=\"async\" width=\"1000\" height=\"636\" src=\"https:\/\/elmundodelosnegocios.com.do\/v1\/wp-content\/uploads\/2021\/06\/8-2.jpg\" class=\"attachment-large size-large\" alt=\"\" srcset=\"https:\/\/elmundodelosnegocios.com.do\/v1\/wp-content\/uploads\/2021\/06\/8-2.jpg 1000w, https:\/\/elmundodelosnegocios.com.do\/v1\/wp-content\/uploads\/2021\/06\/8-2-300x191.jpg 300w, https:\/\/elmundodelosnegocios.com.do\/v1\/wp-content\/uploads\/2021\/06\/8-2-768x488.jpg 768w\" sizes=\"auto, (max-width: 1000px) 100vw, 1000px\" \/><\/a>\n\t\t\t<\/div><\/figure>\n\t\t<\/div>\n<\/p>\n<p>La entidad bancaria explic\u00f3 que en sus espacios que comenzaron a funcionar este lunes, los adultos mayores y personas con necesidades especiales tienen preferencia y exhort\u00f3 a clientes y otras personas, con 18 a\u00f1os o m\u00e1s, a acercarse a cualquiera de estos puntos, de lunes a viernes, a partir de las de 9:00 de la ma\u00f1ana.<\/p>\n<p>Banreservas respald\u00f3 los esfuerzos del Plan Nacional de Vacunaci\u00f3n con la campa\u00f1a \u201cA esta historia, pong\u00e1mosle punto final\u201d, que constituye un llamado a todos los dominicanos y residentes en el pa\u00eds, a vacunarse para detener la expansi\u00f3n del virus.<\/p>\n<p>Precis\u00f3 que en todos los casos se estar\u00e1 cumpliendo el protocolo establecido por el Ministerio de Salud P\u00fablica.<\/p>\n","protected":false},"excerpt":{"rendered":"<p>El Banco de Reservas puso a disposici\u00f3n del p\u00fablico las primeras 11 oficinas comerciales e instalaciones que habilit\u00f3 como centros de vacunaci\u00f3n para recibir a ciudadanos que precisan la dosis&hellip; <\/p>\n","protected":false},"author":2,"featured_media":6711,"comment_status":"open","ping_status":"open","sticky":false,"template":"","format":"standard","meta":{"fifu_image_url":"","fifu_image_alt":"","footnotes":""},"categories":[80],"tags":[],"class_list":["post-6708","post","type-post","status-publish","format-standard","has-post-thumbnail","hentry","category-salud"],"_links":{"self":[{"href":"https:\/\/elmundodelosnegocios.com.do\/v1\/wp-json\/wp\/v2\/posts\/6708","targetHints":{"allow":["GET"]}}],"collection":[{"href":"https:\/\/elmundodelosnegocios.com.do\/v1\/wp-json\/wp\/v2\/posts"}],"about":[{"href":"https:\/\/elmundodelosnegocios.com.do\/v1\/wp-json\/wp\/v2\/types\/post"}],"author":[{"embeddable":true,"href":"https:\/\/elmundodelosnegocios.com.do\/v1\/wp-json\/wp\/v2\/users\/2"}],"replies":[{"embeddable":true,"href":"https:\/\/elmundodelosnegocios.com.do\/v1\/wp-json\/wp\/v2\/comments?post=6708"}],"version-history":[{"count":0,"href":"https:\/\/elmundodelosnegocios.com.do\/v1\/wp-json\/wp\/v2\/posts\/6708\/revisions"}],"wp:featuredmedia":[{"embeddable":true,"href":"https:\/\/elmundodelosnegocios.com.do\/v1\/wp-json\/wp\/v2\/media\/6711"}],"wp:attachment":[{"href":"https:\/\/elmundodelosnegocios.com.do\/v1\/wp-json\/wp\/v2\/media?parent=6708"}],"wp:term":[{"taxonomy":"category","embeddable":true,"href":"https:\/\/elmundodelosnegocios.com.do\/v1\/wp-json\/wp\/v2\/categories?post=6708"},{"taxonomy":"post_tag","embeddable":true,"href":"https:\/\/elmundodelosnegocios.com.do\/v1\/wp-json\/wp\/v2\/tags?post=6708"}],"curies":[{"name":"wp","href":"https:\/\/api.w.org\/{rel}","templated":true}]}}